{"id":419421,"date":"2025-09-26T17:27:21","date_gmt":"2025-09-26T17:27:21","guid":{"rendered":"https:\/\/www.europesays.com\/fr\/419421\/"},"modified":"2025-09-26T17:27:21","modified_gmt":"2025-09-26T17:27:21","slug":"direct-video-basket-elite-2-suivez-le-match-caen-basket-calvados","status":"publish","type":"post","link":"https:\/\/www.europesays.com\/fr\/419421\/","title":{"rendered":"DIRECT VID\u00c9O. Basket \u00c9lite 2 : suivez le match Caen Basket Calvados"},"content":{"rendered":"<p class=\"article__intro\">Ce vendredi 26 septembre 2025, le Caen Basket Calvados accueille le Rouen M\u00e9tropole Basket pour le premier derby normand de la saison d&rsquo;\u00c9lite 2. Suivez le match en direct vid\u00e9o comment\u00e9 d\u00e8s 19h55.<\/p>\n<p>\n      L\u2019actu des r\u00e9gions\n    <\/p>\n<p>\n      Chaque jour, un tour d\u2019horizon des principales infos de toutes les r\u00e9gions.\n    <\/p>\n<p>    France T\u00e9l\u00e9visions utilise votre adresse e-mail afin de vous envoyer la newsletter \u00ab\u00a0L\u2019actu des r\u00e9gions\u00a0\u00bb. Vous pouvez vous d\u00e9sinscrire \u00e0 tout moment via le lien en bas de cette newsletter. <a target=\"_blank\" href=\"https:\/\/www.francetelevisions.fr\/groupe\/confidentialite\/politique-de-confidentialite\/politique-de-confidentialite-de-france-televisions-6503\" rel=\"nofollow noopener\">Notre politique de confidentialit\u00e9<\/a><\/p>\n<p>La saison 2025-2026 d&rsquo;\u00c9lite 2 (ex Pro B) commence \u00e0 peine qu&rsquo;un premier derby est d\u00e9j\u00e0 au programme en Normandie. Ce vendredi 26 septembre, Caen et Rouen sont au prise pour le compte de la 2e journ\u00e9e de championnat.\u00a0<\/p>\n<p>Pour le CBC, il s&rsquo;agit d&rsquo;un deuxi\u00e8me match de suite \u00e0 domicile. Apr\u00e8s la d\u00e9faite surprise face \u00e0 Vichy (68-75), les hommes de St\u00e9phane Eberlin doivent r\u00e9agir, d&rsquo;une part pour se rassurer sur leurs capacit\u00e9s \u00e0 exister en \u00c9lite 2, et aussi pour se racheter devant leur public qui r\u00e9pond toujours pr\u00e9sent.\u00a0<\/p>\n<p>Ils ont donc une occasion de se rattraper imm\u00e9diatement au Palais des Sports Caen la Mer, qui plus est dans un choc pour la supr\u00e9matie r\u00e9gionale. Mais <a href=\"https:\/\/france3-regions.franceinfo.fr\/normandie\/calvados\/caen\/direct-video-basket-suivez-le-derby-normand-de-pro-b-entre-caen-et-rouen-3056077.html\" target=\"_blank\" rel=\"noopener nofollow\" data-tooltip-url=\"https:\/\/france3-regions.franceinfo.fr\/normandie\/calvados\/caen\/direct-video-basket-suivez-le-derby-normand-de-pro-b-entre-caen-et-rouen-3056077.html\">\u00e0 l&rsquo;instar de ce qui s&rsquo;\u00e9tait pass\u00e9 la saison derni\u00e8re<\/a>, Rouen n&rsquo;entend pas se laisser faire. Le RMB a, pour sa part, id\u00e9alement entam\u00e9 sa saison, l&#8217;emportant au Kindarena face \u00e0 la Rochelle (85-77).<\/p>\n<p>Les joueurs de Sylvain Delorme se verraient bien poursuivre sur leur lanc\u00e9e et de nouveau g\u00e2cher la f\u00eate chez le voisin calvadosien. La saison pass\u00e9e, alors qu&rsquo;ils \u00e9taient en grande difficult\u00e9 en queue de classement, les Rouennais \u00e9taient venus s&rsquo;imposer \u00e0 Caen 90 \u00e0 73. Le CBC avait d&rsquo;ailleurs aussi perdu l&rsquo;autre derby \u00e0 la maison, quelques mois plus tard, contre \u00c9vreux.\u00a0<\/p>\n<p>Alors, revanche et rebond ou confirmation et affirmation de la supr\u00e9matie r\u00e9gionale ? R\u00e9ponse ce vendredi en direct sur France 3 Normandie, avec les commentaires de David Frott\u00e9 et Pape-Philippe Amagou.<\/p>\n","protected":false},"excerpt":{"rendered":"Ce vendredi 26 septembre 2025, le Caen Basket Calvados accueille le Rouen M\u00e9tropole Basket pour le premier derby&hellip;\n","protected":false},"author":2,"featured_media":419422,"comment_status":"","ping_status":"","sticky":false,"template":"","format":"standard","meta":{"footnotes":""},"categories":[9587],"tags":[1111,11,1777,674,1011,27,12,5161,25,9590],"class_list":{"0":"post-419421","1":"post","2":"type-post","3":"status-publish","4":"format-standard","5":"has-post-thumbnail","7":"category-rouen","8":"tag-actu","9":"tag-actualites","10":"tag-eu","11":"tag-europe","12":"tag-fr","13":"tag-france","14":"tag-news","15":"tag-normandie","16":"tag-republique-francaise","17":"tag-rouen"},"share_on_mastodon":{"url":"https:\/\/pubeurope.com\/@fr\/115271777957771158","error":""},"_links":{"self":[{"href":"https:\/\/www.europesays.com\/fr\/wp-json\/wp\/v2\/posts\/419421","targetHints":{"allow":["GET"]}}],"collection":[{"href":"https:\/\/www.europesays.com\/fr\/wp-json\/wp\/v2\/posts"}],"about":[{"href":"https:\/\/www.europesays.com\/fr\/wp-json\/wp\/v2\/types\/post"}],"author":[{"embeddable":true,"href":"https:\/\/www.europesays.com\/fr\/wp-json\/wp\/v2\/users\/2"}],"replies":[{"embeddable":true,"href":"https:\/\/www.europesays.com\/fr\/wp-json\/wp\/v2\/comments?post=419421"}],"version-history":[{"count":0,"href":"https:\/\/www.europesays.com\/fr\/wp-json\/wp\/v2\/posts\/419421\/revisions"}],"wp:featuredmedia":[{"embeddable":true,"href":"https:\/\/www.europesays.com\/fr\/wp-json\/wp\/v2\/media\/419422"}],"wp:attachment":[{"href":"https:\/\/www.europesays.com\/fr\/wp-json\/wp\/v2\/media?parent=419421"}],"wp:term":[{"taxonomy":"category","embeddable":true,"href":"https:\/\/www.europesays.com\/fr\/wp-json\/wp\/v2\/categories?post=419421"},{"taxonomy":"post_tag","embeddable":true,"href":"https:\/\/www.europesays.com\/fr\/wp-json\/wp\/v2\/tags?post=419421"}],"curies":[{"name":"wp","href":"https:\/\/api.w.org\/{rel}","templated":true}]}}