{"id":419423,"date":"2025-09-26T17:28:26","date_gmt":"2025-09-26T17:28:26","guid":{"rendered":"https:\/\/www.europesays.com\/fr\/419423\/"},"modified":"2025-09-26T17:28:26","modified_gmt":"2025-09-26T17:28:26","slug":"grenoble-ce-que-lon-sait-de-la-prochaine-grande-journee-de-greve-prevue-le-2-octobre","status":"publish","type":"post","link":"https:\/\/www.europesays.com\/fr\/419423\/","title":{"rendered":"Grenoble. Ce que l&rsquo;on sait de la prochaine grande journ\u00e9e de gr\u00e8ve pr\u00e9vue le 2 octobre"},"content":{"rendered":"<p>            Par<br \/>\n        <strong><br \/>\n            <a href=\"https:\/\/actu.fr\/auteur\/lisa-rodrigues\" title=\"Consulter tous les articles de Lisa Rodrigues\" target=\"_blank\" rel=\"noopener\">Lisa Rodrigues<\/a><br \/>\n        <\/strong><\/p>\n<p>        Publi\u00e9 le<\/p>\n<p>            26 sept. 2025 \u00e0 15h01        <\/p>\n<p>Apr\u00e8s le 10 et le 18 septembre, place au <a href=\"https:\/\/actu.fr\/politique\/les-syndicats-evoquent-une-nouvelle-mobilisation-le-2-octobre-apres-leur-rencontre-avec-sebastien-lecornu_63207013.html\" target=\"_blank\" rel=\"noopener\">jeudi 2 octobre<\/a>. Les principaux syndicats ont appel\u00e9 \u00e0 une <strong>nouvelle grande journ\u00e9e de mobilisation sociale<\/strong>, apr\u00e8s leur entrevue infructueuse avec le Premier ministre, S\u00e9bastien Lecornu, pour \u00e0 nouveau faire entendre leurs revendications sur le budget et le pouvoir d\u2019achat.<\/p>\n<p class=\" wall-content\">\u00c0 <a href=\"https:\/\/actu.fr\/auvergne-rhone-alpes\/grenoble_38185\" target=\"_blank\" rel=\"noopener\">Grenoble<\/a>, l\u2019intersyndicale se pr\u00e9pare et de nouvelles actions sont pr\u00e9vues, apr\u00e8s les deux derniers rendez-vous de septembre qui ont rassembl\u00e9 chacun plusieurs milliers de personnes dans les rues.<\/p>\n<p>Manifestation annonc\u00e9e en centre-ville<\/p>\n<p class=\" wall-content\">Les d\u00e9l\u00e9gations is\u00e9roises des syndicats ont d\u00e9j\u00e0 relay\u00e9 l\u2019appel pour le 2 octobre, ainsi que les membres du mouvement \u00ab\u00a0Bloquons tout\u00a0\u00bb. Une manifestation est ainsi annonc\u00e9e <strong>\u00e0 14 heures<\/strong>, au d\u00e9part de la gare.<\/p>\n<p class=\" wall-content\">Des mouvements de gr\u00e8ve sont aussi attendus, <a href=\"https:\/\/actu.fr\/auvergne-rhone-alpes\/grenoble_38185\/greve-du-18-septembre-a-grenoble-15-000-manifestants-dans-les-rues-j-en-ai-marre-d-avoir-peur_63181122.html\" target=\"_blank\" rel=\"noopener\">comme lors du 18 septembre<\/a>, plusieurs syndicats de la fonction publique ayant d\u00e9j\u00e0 d\u00e9pos\u00e9 leur pr\u00e9avis de gr\u00e8ve pour le 2 octobre.<\/p>\n<p class=\" wall-content\">Une autre manifestation a \u00e9t\u00e9 act\u00e9e \u00e0 <a href=\"https:\/\/actu.fr\/auvergne-rhone-alpes\/vienne_38544\" target=\"_blank\" rel=\"noopener\">Vienne<\/a>, au sud de Lyon, \u00e0 9 heures au d\u00e9part du Champ de Mars.<\/p>\n<p>    <a href=\"https:\/\/www.facebook.com\/plugins\/post.php?href=https%3A%2F%2Fwww.facebook.com%2FCGT38%2Fposts%2Fpfbid0uGYeao8CNSwL1S3g1rh9nYoasBADSrtGRAbeTAY4PEjPM4rpKK15HkzZGnenfRfxl&amp;show_text=true&amp;width=350\" title=\"Ouvrie le lien\" target=\"_blank\" rel=\"noopener\">Cliquez ici pour visualiser le contenu<\/a><\/p>\n<p>De l\u2019abrogation de la r\u00e9forme des retraites aux franchises m\u00e9dicales<\/p>\n<p class=\" wall-content\">Parmi la vaste s\u00e9rie de revendications des syndicats, on retrouve <a href=\"https:\/\/actu.fr\/politique\/la-reforme-des-retraites-bientot-suspendue-le-gouvernement-pourrait-bien-y-consentir_62107697.html\" target=\"_blank\" rel=\"noopener\">l\u2019abrogation de la r\u00e9forme des retraites de 2023<\/a>, le renoncement au doublement pr\u00e9vu des franchises m\u00e9dicales ou encore l\u2019annulation de la suppression de 3 000 postes de fonctionnaires.<\/p>\n<p>Votre r\u00e9gion, votre actu !<\/p>\n<p>Recevez chaque jour les infos qui comptent pour vous.<\/p>\n<p>\t<a href=\"https:\/\/actu.fr\/newsletter\" class=\"ac-btn ac-btn--corner ac-btn--medium ac-btn--blue800\" target=\"_blank\" rel=\"noopener\">S&rsquo;incrire<\/a><\/p>\n<p class=\" wall-content\">Le Premier ministre a laiss\u00e9 entendre qu\u2019il recevra \u00e0 nouveau l\u2019intersyndicale dans les prochains jours, mais pas de quoi remettre en cause, a priori, l\u2019appel \u00e0 la gr\u00e8ve du 2 octobre.<\/p>\n<p class=\" wall-content\">Personnalisez votre actualit\u00e9 en ajoutant vos villes et m\u00e9dias en favori avec <a href=\"https:\/\/moncompte.actu.fr\" title=\"D\u00e9couvez Mon Actu\" rel=\"nofollow noopener\" data-trk=\"{&quot;cta&quot;:{&quot;action&quot;:&quot;https:\\\/\\\/moncompte.actu.fr&quot;,&quot;category&quot;:&quot;mon compte&quot;,&quot;from&quot;:&quot;article footer&quot;,&quot;name&quot;:&quot;Mon actu&quot;,&quot;type&quot;:&quot;cta&quot;}}\" target=\"_blank\">Mon Actu<\/a>.<\/p>\n","protected":false},"excerpt":{"rendered":"Par Lisa Rodrigues Publi\u00e9 le 26 sept. 2025 \u00e0 15h01 Apr\u00e8s le 10 et le 18 septembre, place&hellip;\n","protected":false},"author":2,"featured_media":419424,"comment_status":"","ping_status":"","sticky":false,"template":"","format":"standard","meta":{"footnotes":""},"categories":[9566],"tags":[1111,11,2430,1777,674,1011,27,2731,54872,1272,12,25,104,3427],"class_list":{"0":"post-419423","1":"post","2":"type-post","3":"status-publish","4":"format-standard","5":"has-post-thumbnail","7":"category-grenoble","8":"tag-actu","9":"tag-actualites","10":"tag-auvergne-rhone-alpes","11":"tag-eu","12":"tag-europe","13":"tag-fr","14":"tag-france","15":"tag-grenoble","16":"tag-greve-du-2-octobre-2025","17":"tag-manifestations","18":"tag-news","19":"tag-republique-francaise","20":"tag-societe","21":"tag-syndicats"},"share_on_mastodon":{"url":"https:\/\/pubeurope.com\/@fr\/115271781881194196","error":""},"_links":{"self":[{"href":"https:\/\/www.europesays.com\/fr\/wp-json\/wp\/v2\/posts\/419423","targetHints":{"allow":["GET"]}}],"collection":[{"href":"https:\/\/www.europesays.com\/fr\/wp-json\/wp\/v2\/posts"}],"about":[{"href":"https:\/\/www.europesays.com\/fr\/wp-json\/wp\/v2\/types\/post"}],"author":[{"embeddable":true,"href":"https:\/\/www.europesays.com\/fr\/wp-json\/wp\/v2\/users\/2"}],"replies":[{"embeddable":true,"href":"https:\/\/www.europesays.com\/fr\/wp-json\/wp\/v2\/comments?post=419423"}],"version-history":[{"count":0,"href":"https:\/\/www.europesays.com\/fr\/wp-json\/wp\/v2\/posts\/419423\/revisions"}],"wp:featuredmedia":[{"embeddable":true,"href":"https:\/\/www.europesays.com\/fr\/wp-json\/wp\/v2\/media\/419424"}],"wp:attachment":[{"href":"https:\/\/www.europesays.com\/fr\/wp-json\/wp\/v2\/media?parent=419423"}],"wp:term":[{"taxonomy":"category","embeddable":true,"href":"https:\/\/www.europesays.com\/fr\/wp-json\/wp\/v2\/categories?post=419423"},{"taxonomy":"post_tag","embeddable":true,"href":"https:\/\/www.europesays.com\/fr\/wp-json\/wp\/v2\/tags?post=419423"}],"curies":[{"name":"wp","href":"https:\/\/api.w.org\/{rel}","templated":true}]}}