{"id":419427,"date":"2025-09-26T17:30:21","date_gmt":"2025-09-26T17:30:21","guid":{"rendered":"https:\/\/www.europesays.com\/fr\/419427\/"},"modified":"2025-09-26T17:30:21","modified_gmt":"2025-09-26T17:30:21","slug":"lugpvb-alerte-sur-le-besoin-urgent-de-soutien-a-linstallation","status":"publish","type":"post","link":"https:\/\/www.europesays.com\/fr\/419427\/","title":{"rendered":"l&rsquo;UGPVB alerte sur le besoin urgent de soutien \u00e0 l&rsquo;installation"},"content":{"rendered":"<p>            Par<br \/>\n        <strong><br \/>\n            <a href=\"https:\/\/actu.fr\/auteur\/bertrand-dumarche\" title=\"Consulter tous les articles de Bertrand Dumarch\u00e9\" target=\"_blank\" rel=\"noopener\">Bertrand Dumarch\u00e9<\/a><br \/>\n        <\/strong><\/p>\n<p>        Publi\u00e9 le<\/p>\n<p>            26 sept. 2025 \u00e0 18h00        <\/p>\n<p>\u00c0 l\u2019occasion d\u2019un point presse organis\u00e9 dans le cadre du <b>SPACE<\/b>, l\u2019<b>Union des groupements de producteurs de viande de Bretagne (UGPVB)<\/b> a dress\u00e9 un constat pr\u00e9occupant pour l\u2019avenir de l\u2019<b>\u00e9levage<\/b>. \u00ab Quasi toutes les productions sont en baisse, or la demande est l\u00e0. Les jeunes qui vont se lancer ont de tr\u00e8s belles perspectives, mais il faut un vrai soutien des pouvoirs publics \u00bb, a insist\u00e9 <b>Michel Bloc\u2019h, \u00e9leveur de porcs dans le Finsit\u00e8re et pr\u00e9sident de l\u2019UGPVB.<\/b><\/p>\n<p>Simplifier pour installer<\/p>\n<p class=\" wall-content\">Au c\u0153ur des revendications : la n\u00e9cessit\u00e9 de lever les freins administratifs et r\u00e9glementaires. La <b>loi Duplomb<\/b> est per\u00e7ue comme \u00ab un premier pas positif \u00bb, mais \u00ab les projets de d\u00e9crets en consultation risquent de complexifier encore les d\u00e9marches \u00bb, regrette l\u2019organisation. \u00ab Nous ne demandons pas de souplesse, mais une simplification r\u00e9elle pour instruire les dossiers d\u2019installation et de modernisation \u00bb, a martel\u00e9 Michel Bloc\u2019h.<\/p>\n<p>Fili\u00e8re porcine : maintenir le cap<\/p>\n<p class=\" wall-content\">La production porcine traverse une phase d\u00e9licate. \u00ab Apr\u00e8s une p\u00e9riode favorable, nous abordons l\u2019hiver avec des cours en recul et des droits de douane chinois qui fragilisent notre comp\u00e9titivit\u00e9 \u00bb, a rappel\u00e9 le pr\u00e9sident. D\u2019o\u00f9 l\u2019importance de \u00ab remettre en avant le manger fran\u00e7ais \u00bb et d\u2019attirer de \u00ab nouveaux capitaines pour renouveler les g\u00e9n\u00e9rations \u00bb.<\/p>\n<p>Bovins : un renouvellement vital<\/p>\n<p class=\" wall-content\">Du c\u00f4t\u00e9 des bovins, la hausse actuelle des prix masque une situation plus pr\u00e9occupante : \u00ab La production recule de 3 % par an et 55 % des bovins viande appartiennent \u00e0 des agriculteurs de plus de 50 ans. Il faut un plan pour moderniser les exploitations et assurer la rel\u00e8ve \u00bb, a averti <b>Michel Cojean, \u00e9leveur dans les C\u00f4tes-d\u2019Armor et pr\u00e9sident de la section bovine<\/b>. La fi\u00e8vre catarrhale ovine (FCO) pourrait en outre peser lourdement sur les ann\u00e9es \u00e0 venir.<\/p>\n<p>\u0152ufs : un march\u00e9 sous pression<\/p>\n<p class=\" wall-content\">Pour la fili\u00e8re \u0153uf, la consommation progresse, tir\u00e9e par un produit \u00ab pl\u00e9biscit\u00e9 par la population et les nutritionnistes \u00bb, a rappel\u00e9 <b>\u00c9ric Guelaff, producteur \u00e0 Cond\u00e9-sur-Vire (50) et pr\u00e9sident de la section<\/b>. Mais la conversion vers les \u00e9levages alternatifs se heurte \u00e0 la concurrence des importations ukrainiennes, qui ne respectent pas les normes fran\u00e7aises ni europ\u00e9ennes. \u00ab Nous faisons face \u00e0 une concurrence d\u00e9loyale et \u00e0 des risques sanitaires. Il faut prot\u00e9ger nos \u00e9leveurs et les consommateurs \u00bb, alerte l\u2019UGPVB.<\/p>\n<p>Votre r\u00e9gion, votre actu !<\/p>\n<p>Recevez chaque jour les infos qui comptent pour vous.<\/p>\n<p>\t<a href=\"https:\/\/actu.fr\/newsletter\" class=\"ac-btn ac-btn--corner ac-btn--medium ac-btn--blue800\" target=\"_blank\" rel=\"noopener\">S&rsquo;incrire<\/a><br \/>\nUne souverainet\u00e9 alimentaire \u00e0 d\u00e9fendre<\/p>\n<p class=\" wall-content\">Plus largement, l\u2019organisation a rappel\u00e9 la n\u00e9cessit\u00e9 de d\u00e9fendre la souverainet\u00e9 alimentaire. \u00ab Nous sommes plus forts quand nous sommes regroup\u00e9s, mais avec la PAC qui s\u2019annonce en baisse, nous avons besoin d\u2019une agriculture fran\u00e7aise forte \u00bb, a soulign\u00e9 Mathilde Roux, la directrice de l\u2019UGPVB.<\/p>\n<p class=\" wall-content\">Pour l\u2019ensemble des fili\u00e8res, le message est clair : l\u2019avenir passera par des installations collectives, modernis\u00e9es, et soutenues par un cadre administratif adapt\u00e9. \u00ab Il n\u2019y a pas d\u2019avenir \u00e0 s\u2019installer seul. Le renouvellement des g\u00e9n\u00e9rations est une condition vitale pour nos territoires \u00bb, a conclu Michel Bloc\u2019h.<\/p>\n<p class=\" wall-content\">Personnalisez votre actualit\u00e9 en ajoutant vos villes et m\u00e9dias en favori avec <a href=\"https:\/\/moncompte.actu.fr\" title=\"D\u00e9couvez Mon Actu\" rel=\"nofollow noopener\" data-trk=\"{&quot;cta&quot;:{&quot;action&quot;:&quot;https:\\\/\\\/moncompte.actu.fr&quot;,&quot;category&quot;:&quot;mon compte&quot;,&quot;from&quot;:&quot;article footer&quot;,&quot;name&quot;:&quot;Mon actu&quot;,&quot;type&quot;:&quot;cta&quot;}}\" target=\"_blank\">Mon Actu<\/a>.<\/p>\n","protected":false},"excerpt":{"rendered":"Par Bertrand Dumarch\u00e9 Publi\u00e9 le 26 sept. 2025 \u00e0 18h00 \u00c0 l\u2019occasion d\u2019un point presse organis\u00e9 dans le&hellip;\n","protected":false},"author":2,"featured_media":419428,"comment_status":"","ping_status":"","sticky":false,"template":"","format":"standard","meta":{"footnotes":""},"categories":[2821],"tags":[1111,11,327,829,33,1777,674,1011,27,12,584,25,49243],"class_list":{"0":"post-419427","1":"post","2":"type-post","3":"status-publish","4":"format-standard","5":"has-post-thumbnail","7":"category-rennes","8":"tag-actu","9":"tag-actualites","10":"tag-agriculture","11":"tag-bretagne","12":"tag-economie","13":"tag-eu","14":"tag-europe","15":"tag-fr","16":"tag-france","17":"tag-news","18":"tag-rennes","19":"tag-republique-francaise","20":"tag-space-rennes"},"share_on_mastodon":{"url":"https:\/\/pubeurope.com\/@fr\/115271789680045688","error":""},"_links":{"self":[{"href":"https:\/\/www.europesays.com\/fr\/wp-json\/wp\/v2\/posts\/419427","targetHints":{"allow":["GET"]}}],"collection":[{"href":"https:\/\/www.europesays.com\/fr\/wp-json\/wp\/v2\/posts"}],"about":[{"href":"https:\/\/www.europesays.com\/fr\/wp-json\/wp\/v2\/types\/post"}],"author":[{"embeddable":true,"href":"https:\/\/www.europesays.com\/fr\/wp-json\/wp\/v2\/users\/2"}],"replies":[{"embeddable":true,"href":"https:\/\/www.europesays.com\/fr\/wp-json\/wp\/v2\/comments?post=419427"}],"version-history":[{"count":0,"href":"https:\/\/www.europesays.com\/fr\/wp-json\/wp\/v2\/posts\/419427\/revisions"}],"wp:featuredmedia":[{"embeddable":true,"href":"https:\/\/www.europesays.com\/fr\/wp-json\/wp\/v2\/media\/419428"}],"wp:attachment":[{"href":"https:\/\/www.europesays.com\/fr\/wp-json\/wp\/v2\/media?parent=419427"}],"wp:term":[{"taxonomy":"category","embeddable":true,"href":"https:\/\/www.europesays.com\/fr\/wp-json\/wp\/v2\/categories?post=419427"},{"taxonomy":"post_tag","embeddable":true,"href":"https:\/\/www.europesays.com\/fr\/wp-json\/wp\/v2\/tags?post=419427"}],"curies":[{"name":"wp","href":"https:\/\/api.w.org\/{rel}","templated":true}]}}