{"id":419440,"date":"2025-09-26T17:37:33","date_gmt":"2025-09-26T17:37:33","guid":{"rendered":"https:\/\/www.europesays.com\/fr\/419440\/"},"modified":"2025-09-26T17:37:33","modified_gmt":"2025-09-26T17:37:33","slug":"avec-loire-campus-les-etudiants-sont-bichonnes","status":"publish","type":"post","link":"https:\/\/www.europesays.com\/fr\/419440\/","title":{"rendered":"avec Loire Campus, les \u00e9tudiants sont bichonn\u00e9s"},"content":{"rendered":"<p class=\"c-paragraph\">A Nantes (Loire-Atlantique), sur quelque 68 000 \u00e9tudiants, environ 20 000 sont originaires de la m\u00e9tropole, mais pour les 48 000 restants, trouver un logement rel\u00e8ve du parcours du combattant. Le Crous propose bien environ 5 000 lits pour les boursiers, mais les autres doivent se tourner vers le parc priv\u00e9.<\/p>\n<p class=\"c-paragraph\">Sur ce march\u00e9 en tension, La Nantaise d\u2019Habitations (LNH), filiale d\u2019Action Logement, a souhait\u00e9 proposer une offre interm\u00e9diaire sous la marque Loire Campus, cr\u00e9\u00e9e en 2021. \u00ab L\u2019id\u00e9e a germ\u00e9 en 2019 apr\u00e8s avoir repris deux r\u00e9sidences universitaires de Podeliha &#8211; autre filiale d\u2019Action Logement -, \u00e0 Nantes, raconte Thomas Caudron, directeur g\u00e9n\u00e9ral de LNH. Nous avons alors travaill\u00e9 sur un concept proposant aux r\u00e9sidents un cadre de vie propice \u00e0 leur \u00e9panouissement tout en rassurant les parents. \u00bb Le projet de LNH s\u2019inscrit dans le cadre de la loi du 27 janvier 2017, qui permet aux organismes HLM de construire et de g\u00e9rer des r\u00e9sidences universitaires conventionn\u00e9es \u00e0 l\u2019APL, et du d\u00e9cret du 3 ao\u00fbt 2019, qui en fixe les r\u00e8gles. \u00ab Nous sommes le seul bailleur social du d\u00e9partement \u00e0 avoir re\u00e7u cet agr\u00e9ment de l\u2019Etat \u00bb, se f\u00e9licite Thomas Caudron.<\/p>\n<p>\u00ab Haut niveau de services \u00bb. <\/p>\n<p class=\"c-paragraph\">Chaque r\u00e9sidence Loire Campus propose un \u00ab haut niveau de services \u00bb avec une connexion internet illimit\u00e9e, une laverie, une salle de convivialit\u00e9, un local \u00e0 v\u00e9los et des parkings s\u00e9curis\u00e9s, un service d\u2019astreinte 7j\/7 et 24h\/24 et m\u00eame un accompagnement psychologique \u00e0 travers des vid\u00e9o-consultations gratuites. Le tout pour des loyers environ deux fois moins cher que dans le priv\u00e9.<\/p>\n<p class=\"c-paragraph\">Dans le contexte actuel, sortir un programme de ce type est un tour de force. \u00ab Nous n\u2019aurions pas pu le faire en ma\u00eetrise d\u2019ouvrage directe, d\u00e9clare Thomas Caudron. Et je reconnais que le but n\u2019est pas la rentabilit\u00e9 mais l\u2019\u00e9quilibre. \u00bb Loire Campus g\u00e8re actuellement 427 logements r\u00e9partis sur trois r\u00e9sidences dans le centre de Nantes. Huit autres projets sont \u00e0 l\u2019\u00e9tude, majoritairement dans la m\u00e9tropole, mais aussi jusqu\u2019\u00e0 Laval (Mayenne), repr\u00e9sentant environ 650 logements. Les 36 prochains logements verront le jour sur l\u2019\u00eele de Nantes, au sein d\u2019une r\u00e9sidence \u00e9tudiante port\u00e9e par Lamotte (\u00eelot Chocolat) dont le chantier d\u00e9marrera d\u00e9but 2026.<\/p>\n","protected":false},"excerpt":{"rendered":"A Nantes (Loire-Atlantique), sur quelque 68 000 \u00e9tudiants, environ 20 000 sont originaires de la m\u00e9tropole, mais pour&hellip;\n","protected":false},"author":2,"featured_media":419441,"comment_status":"","ping_status":"","sticky":false,"template":"","format":"standard","meta":{"footnotes":""},"categories":[2818],"tags":[1111,11,1777,674,1011,27,3047,766,12,2636,25,7333],"class_list":{"0":"post-419440","1":"post","2":"type-post","3":"status-publish","4":"format-standard","5":"has-post-thumbnail","7":"category-nantes","8":"tag-actu","9":"tag-actualites","10":"tag-eu","11":"tag-europe","12":"tag-fr","13":"tag-france","14":"tag-loire-atlantique","15":"tag-nantes","16":"tag-news","17":"tag-pays-de-la-loire","18":"tag-republique-francaise","19":"tag-vie-du-btp"},"share_on_mastodon":{"url":"https:\/\/pubeurope.com\/@fr\/115271817238169380","error":""},"_links":{"self":[{"href":"https:\/\/www.europesays.com\/fr\/wp-json\/wp\/v2\/posts\/419440","targetHints":{"allow":["GET"]}}],"collection":[{"href":"https:\/\/www.europesays.com\/fr\/wp-json\/wp\/v2\/posts"}],"about":[{"href":"https:\/\/www.europesays.com\/fr\/wp-json\/wp\/v2\/types\/post"}],"author":[{"embeddable":true,"href":"https:\/\/www.europesays.com\/fr\/wp-json\/wp\/v2\/users\/2"}],"replies":[{"embeddable":true,"href":"https:\/\/www.europesays.com\/fr\/wp-json\/wp\/v2\/comments?post=419440"}],"version-history":[{"count":0,"href":"https:\/\/www.europesays.com\/fr\/wp-json\/wp\/v2\/posts\/419440\/revisions"}],"wp:featuredmedia":[{"embeddable":true,"href":"https:\/\/www.europesays.com\/fr\/wp-json\/wp\/v2\/media\/419441"}],"wp:attachment":[{"href":"https:\/\/www.europesays.com\/fr\/wp-json\/wp\/v2\/media?parent=419440"}],"wp:term":[{"taxonomy":"category","embeddable":true,"href":"https:\/\/www.europesays.com\/fr\/wp-json\/wp\/v2\/categories?post=419440"},{"taxonomy":"post_tag","embeddable":true,"href":"https:\/\/www.europesays.com\/fr\/wp-json\/wp\/v2\/tags?post=419440"}],"curies":[{"name":"wp","href":"https:\/\/api.w.org\/{rel}","templated":true}]}}