{"id":419442,"date":"2025-09-26T17:38:10","date_gmt":"2025-09-26T17:38:10","guid":{"rendered":"https:\/\/www.europesays.com\/fr\/419442\/"},"modified":"2025-09-26T17:38:10","modified_gmt":"2025-09-26T17:38:10","slug":"a-bordeaux-trois-escales-choregraphiques-pour-traverser-la-saison-en-mouvement","status":"publish","type":"post","link":"https:\/\/www.europesays.com\/fr\/419442\/","title":{"rendered":"\u00c0 Bordeaux, trois escales chor\u00e9graphiques pour traverser la saison en mouvement"},"content":{"rendered":"<p>\u00abWake Up\u00a0!\u00a0\u00bb C\u2019est le premier grand rendez-vous de la saison. Et c\u2019est bien sous le signe de l\u2019\u00e9veil \u2013 de la nature, des sens, de l\u2019amour \u2013 que trois chor\u00e9graphes majeurs de la sc\u00e8ne contemporaine s\u2019invitent au Grand-Th\u00e9\u00e2tre, \u00e0 Bordeaux, avec des cr\u00e9ations port\u00e9es par le Ballet de l\u2019Op\u00e9ra national de Bordeaux.<\/p>\n<p>Entre extase et ab\u00eeme<\/p>\n<p>Le Su\u00e9dois Pontus Lidberg, aujourd\u2019hui \u00e0 la t\u00eate du Ballet de Nice, lance la soir\u00e9e avec \u00ab\u00a0The Shimmering Asphalt\u00a0\u00bb. Cr\u00e9\u00e9e en 2017 pour le New York City Ballet, cette pi\u00e8ce organique et po\u00e9tique s\u2019appuie sur la musique de David Lang, prix Pulitzer 2008 pour \u00ab\u00a0The Little Match Girl Passion\u00a0\u00bb, inspir\u00e9e du conte d\u2019Andersen, \u00ab\u00a0La Petite Fille aux allumettes\u00a0\u00bb.<\/p>\n<blockquote><p>Sur sc\u00e8ne, quatre danseurs en shorts amples et peignoirs translucides pastel s\u2019\u00e9lancent dans une alchimie gestuelle<\/p><\/blockquote>\n<p>Vient ensuite \u00ab\u00a0Woke up Blind\u00a0\u00bb (2016), sign\u00e9e du chor\u00e9graphe allemand Marco Goecke pour le Nederlands Dans Theater (NDT 1)\u00a0: une d\u00e9flagration dramatique, tendue sur les voix incandescentes de Jeff Buckley, entre extase amoureuse et ab\u00eeme tragique. Le Britannique Christopher Wheeldon, acclam\u00e9 sur toutes les sc\u00e8nes du monde, referme le programme avec \u00ab\u00a0Within The Golden Hour\u00a0\u00bb (2008), bijou n\u00e9oclassique port\u00e9 par les musiques d\u2019Ezio Bosso et de Vivaldi.<\/p>\n<p>Et Vivaldi justement\u00a0: ses \u00ab\u00a0Quatre Saisons\u00a0\u00bb, chef-d\u2019\u0153uvre du baroque, inspirent la derni\u00e8re cr\u00e9ation d\u2019Anne Teresa De Keersmaeker et Radouan Mriziga pour la compagnie Rosas. \u00ab\u00a0Il cimento dell\u2019armonia e dell\u2019inventione\u00a0\u00bb (\u00ab\u00a0L\u2019\u00c9preuve de l\u2019Harmonie et de l\u2019Invention\u00a0\u00bb) reprend le titre du recueil de concertos, compos\u00e9 entre 1723 et 1725, dont les quatre premiers forment le cycle l\u00e9gendaire.<\/p>\n<p>La fragilit\u00e9 des saisons<\/p>\n<p>Sur sc\u00e8ne, quatre danseurs en shorts amples et peignoirs translucides pastel s\u2019\u00e9lancent dans une alchimie gestuelle o\u00f9 pr\u00e9cision math\u00e9matique, g\u00e9om\u00e9trie minimale et rythmes cisel\u00e9s de De Keersmaeker se frottent aux accents urbains de Mriziga. Claquements de pieds \u00e0 la Fred Astaire, touches hip-hop, humour discret\u00a0: une partition inventive qui interroge, en filigrane, notre rapport \u00e0 la nature et la fragilit\u00e9 des saisons.<\/p>\n<p>Au Th\u00e9\u00e2tre F\u00e9mina, d\u2019autres croisements prennent forme. Avec la complicit\u00e9 de Julien Derouault, Marie-Claude Pietragalla, ancienne \u00e9toile de l\u2019Op\u00e9ra de Paris, offre un portrait chor\u00e9graphique de Barbara. Entre danse, th\u00e9\u00e2tre et musique, elle convoque les chansons embl\u00e9matiques de la dame en noir \u2013 de \u00ab\u00a0L\u2019Aigle noir\u00a0\u00bb \u00e0 \u00ab\u00a0G\u00f6ttingen\u00a0\u00bb, en passant par \u00ab\u00a0Ma plus belle histoire d\u2019amour\u00a0\u00bb.<\/p>\n<p>    Au programme<br \/>\n\u00ab\u00a0Wake Up\u00a0\u00bb. Du samedi 11\u00a0octobre au vendredi 17\u00a0octobre \u00e0 20\u00a0heures. Samedi 18\u00a0octobre 2025, \u00e0 15\u00a0heures et 20\u00a0heures au Grand-Th\u00e9\u00e2tre \u00e0 Bordeaux. De 10 \u00e0 50\u00a0euros. www.opera-bordeaux.com<br \/>Anne Teresa de Keersmaeker, \u00ab\u00a0Il cimento dell\u2019armonia e dell\u2019inventione\u00a0\u00bb. Du mardi\u00a04 au samedi 6\u00a0novembre 2025 \u00e0 19\u00a0h\u00a030, au TnBA, \u00e0 Bordeaux. Places de 15 \u00e0 30\u00a0euros. tnba.org<br \/>\u00ab\u00a0Barbara \u2013 Pietragalla\u00a0\u00bb. Du jeudi\u00a04\u00a0au samedi 6\u00a0d\u00e9cembre 2025,\u00e0  20\u00a0h\u00a030 au Th\u00e9\u00e2tre Femina, Bordeaux. De 25 \u00e0 62\u00a0euros. theatrefemina.com<\/p>\n","protected":false},"excerpt":{"rendered":"\u00abWake Up\u00a0!\u00a0\u00bb C\u2019est le premier grand rendez-vous de la saison. Et c\u2019est bien sous le signe de l\u2019\u00e9veil&hellip;\n","protected":false},"author":2,"featured_media":419443,"comment_status":"","ping_status":"","sticky":false,"template":"","format":"standard","meta":{"footnotes":""},"categories":[2817],"tags":[1111,11,1997,1777,674,1011,27,12,2219,25],"class_list":{"0":"post-419442","1":"post","2":"type-post","3":"status-publish","4":"format-standard","5":"has-post-thumbnail","7":"category-bordeaux","8":"tag-actu","9":"tag-actualites","10":"tag-bordeaux","11":"tag-eu","12":"tag-europe","13":"tag-fr","14":"tag-france","15":"tag-news","16":"tag-nouvelle-aquitaine","17":"tag-republique-francaise"},"share_on_mastodon":{"url":"https:\/\/pubeurope.com\/@fr\/115271821265468746","error":""},"_links":{"self":[{"href":"https:\/\/www.europesays.com\/fr\/wp-json\/wp\/v2\/posts\/419442","targetHints":{"allow":["GET"]}}],"collection":[{"href":"https:\/\/www.europesays.com\/fr\/wp-json\/wp\/v2\/posts"}],"about":[{"href":"https:\/\/www.europesays.com\/fr\/wp-json\/wp\/v2\/types\/post"}],"author":[{"embeddable":true,"href":"https:\/\/www.europesays.com\/fr\/wp-json\/wp\/v2\/users\/2"}],"replies":[{"embeddable":true,"href":"https:\/\/www.europesays.com\/fr\/wp-json\/wp\/v2\/comments?post=419442"}],"version-history":[{"count":0,"href":"https:\/\/www.europesays.com\/fr\/wp-json\/wp\/v2\/posts\/419442\/revisions"}],"wp:featuredmedia":[{"embeddable":true,"href":"https:\/\/www.europesays.com\/fr\/wp-json\/wp\/v2\/media\/419443"}],"wp:attachment":[{"href":"https:\/\/www.europesays.com\/fr\/wp-json\/wp\/v2\/media?parent=419442"}],"wp:term":[{"taxonomy":"category","embeddable":true,"href":"https:\/\/www.europesays.com\/fr\/wp-json\/wp\/v2\/categories?post=419442"},{"taxonomy":"post_tag","embeddable":true,"href":"https:\/\/www.europesays.com\/fr\/wp-json\/wp\/v2\/tags?post=419442"}],"curies":[{"name":"wp","href":"https:\/\/api.w.org\/{rel}","templated":true}]}}