{"id":419444,"date":"2025-09-26T17:39:11","date_gmt":"2025-09-26T17:39:11","guid":{"rendered":"https:\/\/www.europesays.com\/fr\/419444\/"},"modified":"2025-09-26T17:39:11","modified_gmt":"2025-09-26T17:39:11","slug":"coupe-de-france-bergerac-girondins-de-bordeaux-duel-de-voisins-en-reconstruction","status":"publish","type":"post","link":"https:\/\/www.europesays.com\/fr\/419444\/","title":{"rendered":"Coupe de France\u00a0: Bergerac &#8211; Girondins de Bordeaux, duel de voisins en reconstruction"},"content":{"rendered":"<p>    Bergerac (R3) &#8211; Bordeaux (N2)<br \/>\n<strong>Lieu <\/strong>Bergerac (stade Gaston-Simounet). <strong>Horaire <\/strong>samedi 27\u00a0septembre \u00e0 20\u00a0heures. <strong>Arbitre <\/strong>M. Benito. <strong>Internet <\/strong>En direct comment\u00e9 sur www.sudouest.fr.<\/p>\n<p>Vendredi 19\u00a0janvier 2024, le Bergerac P\u00e9rigord FC r\u00e9unit pr\u00e8s de 9\u00a0000 spectateurs au parc des sports de Beaublanc, \u00e0 Limoges, pour <a href=\"https:\/\/www.sudouest.fr\/sport\/football\/bergerac-pfc\/direct-coupe-de-france-suivez-bergerac-lyon-en-live-commente-18208888.php\" target=\"_blank\" rel=\"follow nofollow noopener\">la r\u00e9ception de l\u2019Olympique Lyonnais en 16e de finale de la Coupe de France (1-2)<\/a>. Le dernier coup d\u2019\u00e9clat d\u2019un club qui a r\u00e9ussi ces dix derni\u00e8res ann\u00e9es plusieurs \u00e9pop\u00e9es dans la doyenne des comp\u00e9titions, <a href=\"https:\/\/www.sudouest.fr\/sport\/football\/football-coupe-de-france-versailles-brise-le-reve-de-bergerac-8430522.php\" target=\"_blank\" rel=\"follow nofollow noopener\">atteignant les quarts de finale en 2022<\/a> (1-1, 4-5 tab contre Versailles, N2), et s\u2019est arr\u00eat\u00e9 \u00e0 deux reprises aux portes de l\u2019accession en National.<\/p>\n<p>Mais depuis dix-huit mois, la chute est vertigineuse puisque du haut de tableau de National\u00a02, le club se retrouve en R\u00e9gional\u00a03, quatre niveaux plus bas, et <a href=\"https:\/\/www.sudouest.fr\/dordogne\/football-en-dordogne-le-bergerac-perigord-fc-place-en-redressement-judiciaire-25978920.php\" target=\"_blank\" rel=\"follow nofollow noopener\">en redressement judiciaire<\/a>. Le r\u00e9sultat de sanctions financi\u00e8res et de strat\u00e9gies inefficaces.<\/p>\n<p>Changement de pr\u00e9sidence<\/p>\n<p>D\u00e9j\u00e0, en d\u00e9cembre 2023, Bergerac<a href=\"https:\/\/www.sudouest.fr\/sport\/football\/bergerac-pfc\/la-colere-du-president-du-club-de-football-de-bergerac-apres-la-sanction-de-la-federation-17722302.php\" target=\"_blank\" rel=\"follow nofollow noopener\"> avait \u00e9cop\u00e9 de trois points de p\u00e9nalit\u00e9<\/a> par la Direction nationale de contr\u00f4le de gestion (DNCG), alors que le club avait perdu 102\u00a0000\u00a0euros sur l\u2019exercice et subi un redressement de l\u2019Urssaf (de 14\u00a0000\u00a0euros). Le pr\u00e9sident de l\u2019\u00e9poque, Christophe Fauvel, assurait n\u00e9anmoins que le club avait des fondations solides avec des fonds propres \u00e0 hauteur de 160\u00a0000\u00a0euros.<\/p>\n<p>L\u2019embl\u00e9matique dirigeant a laiss\u00e9 sa place en juin 2024, apr\u00e8s dix-neuf ans \u00e0 la t\u00eate du BPFC. \u00c0 sa place, est arriv\u00e9 Laurent Beaumois, un entrepreneur dans l\u2019\u00e9conomie num\u00e9rique, d\u00e9j\u00e0 partenaire du club. Celui-ci a commenc\u00e9 par d\u00e9plorer la situation \u00e9conomique qu\u2019il a trouv\u00e9e, lan\u00e7ant une bataille de chiffres avec son pr\u00e9d\u00e9cesseur.<\/p>\n<p>\u201c<a href=\"https:\/\/www.sudouest.fr\/sport\/football\/bergerac-pfc\/le-patient-est-malade-pourquoi-le-bergerac-perigord-football-club-n-a-plus-les-moyens-d-etre-en-national-2-22555481.php\" target=\"_blank\" rel=\"follow nofollow noopener\">Le patient est malade. Bergerac n\u2019a plus les moyens d\u2019\u00eatre en National 2<\/a>\u201d, l\u00e2chait Beaumois lors de l\u2019assembl\u00e9e g\u00e9n\u00e9rale financi\u00e8re de d\u00e9cembre 2024. Il imagine alors cr\u00e9er une soci\u00e9t\u00e9 anonyme, pour que des investisseurs mettent la main \u00e0 la poche, et se lancer dans le trading, pour former et vendre de jeunes joueurs. <a href=\"https:\/\/www.sudouest.fr\/sport\/football\/bergerac-pfc\/vente-de-joueur-recherche-d-actionnaires-comment-le-bergerac-perigord-football-club-tente-de-construire-l-avenir-23317757.php\" target=\"_blank\" rel=\"follow nofollow noopener\">Un projet in\u00e9dit et sacr\u00e9ment ambitieux pour un club de quatri\u00e8me division<\/a>. Qui n\u2019a pas march\u00e9.<\/p>\n<p>Sanctions sportives<\/p>\n<p>Le 20\u00a0mai 2025, le couperet tombe. La DNCG interdit au BPFC de participer aux championnats nationaux. <a href=\"https:\/\/www.sudouest.fr\/sport\/football\/bergerac-pfc\/football-bergerac-renonce-a-faire-appel-et-est-retrograde-en-championnat-regional-25066842.php\" target=\"_blank\" rel=\"follow nofollow noopener\">Le club renonce \u00e0 faire appel et se retrouve en R\u00e9gional 1<\/a>. Puis en R\u00e9gional 3 apr\u00e8s d\u00e9cision de la Commission r\u00e9gionale de contr\u00f4le de gestion, confirm\u00e9e en appel.<\/p>\n<p>Depuis, le club a saisi le Comit\u00e9 national olympique et sportif (CNOSF) pour \u00eatre r\u00e9int\u00e9gr\u00e9 en R1. \u00ab\u00a0Il a \u00e9t\u00e9 saisi, nous attendons de recevoir la convocation\u00a0\u00bb, explique Anthony Scotti, <a href=\"https:\/\/www.sudouest.fr\/sport\/football\/bergerac-pfc\/football-pourquoi-le-bergerac-perigord-fc-a-change-de-president-24982832.php\" target=\"_blank\" rel=\"follow nofollow noopener\">qui a repris la pr\u00e9sidence en juin<\/a> et ne souhaite pas s\u2019\u00e9pancher sur le sujet avant le match de gala contre les Girondins.<\/p>\n<p>Dernier rebondissement en date le 18\u00a0septembre, avec le placement en redressement judiciaire du BPFC, qui en avait fait la demande. Les dettes sont gel\u00e9es mais leur montant fait l\u2019objet de sp\u00e9culations. Certains parlent de 300\u00a0000\u00a0euros. Le pr\u00e9sident, lui, attend le bilan d\u00e9finitif pour se prononcer\u00a0: \u00ab\u00a0La comptable a jusqu\u2019au 15\u00a0octobre pour rendre son rapport.\u00a0\u00bb<\/p>\n<p>Forc\u00e9ment, la r\u00e9ception des Girondins et la recette esp\u00e9r\u00e9e mettraient du beurre dans les \u00e9pinards. \u00ab\u00a0J\u2019esp\u00e8re, parce qu\u2019il y a d\u2019abord des d\u00e9penses \u00e0 effectuer. Mais on a souhait\u00e9 faire des prix attractifs [NDLR\u00a0: 5 et 10\u00a0euros] pour que ce soit la f\u00eate et que le match soit accessible \u00e0 tous\u00a0\u00bb, reprend Anthony Scotti.<\/p>\n<p>Si les dirigeants ont chang\u00e9 (pour certains), les b\u00e9n\u00e9voles sont rest\u00e9s et \u00ab\u00a0au final, ce sont eux qui font le club. Gr\u00e2ce \u00e0 eux, on a r\u00e9ussi \u00e0 faire des miracles en une semaine [le tirage au sort a eu lieu vendredi\u00a019].\u00a0\u00bb L\u2019exp\u00e9rience et le savoir-faire du BPFC des grands soirs de coupe (Lens, Niort, ou Orl\u00e9ans ont jou\u00e9 \u00e0 Gaston-Simounet\u00a0; le club a re\u00e7u Lille, Saint-\u00c9tienne ou Lyon \u00e0 Libourne, P\u00e9rigueux ou Limoges) ont servi. Ils seront une soixantaine sur le pont, avec le soutien du club de rugby, utilisateur habituel du stade, avec qui les liens ont \u00e9t\u00e9 renou\u00e9s.<\/p>\n<p>\u00ab\u00a0C\u2019est important de r\u00e9ussir l\u2019\u00e9v\u00e9nement pour montrer ce qu\u2019on est capable de faire\u00a0\u00bb, avance Scotti. Il sera temps, ensuite, de se replonger dans les tracas extra-sportifs.<\/p>\n<p>    L\u2019accueil des Girondins<br \/>\nLes supporters bordelais seront install\u00e9s dans la \u00ab\u00a0petite tribune\u00a0\u00bb du stade Gaston-Simounet, dans deux parcages diff\u00e9rents accessibles par deux entr\u00e9es diff\u00e9rentes, un pour les Ultramarines, l\u2019autre pour la North Gate. Le grand public prendra place en grande tribune et en pesage. Environ 3\u00a0000 spectateurs sont attendus ce samedi soir.<\/p>\n","protected":false},"excerpt":{"rendered":"Bergerac (R3) &#8211; Bordeaux (N2) Lieu Bergerac (stade Gaston-Simounet). Horaire samedi 27\u00a0septembre \u00e0 20\u00a0heures. Arbitre M. Benito. Internet&hellip;\n","protected":false},"author":2,"featured_media":419445,"comment_status":"","ping_status":"","sticky":false,"template":"","format":"standard","meta":{"footnotes":""},"categories":[2817],"tags":[1111,11,1997,1777,674,1011,27,12,2219,25],"class_list":{"0":"post-419444","1":"post","2":"type-post","3":"status-publish","4":"format-standard","5":"has-post-thumbnail","7":"category-bordeaux","8":"tag-actu","9":"tag-actualites","10":"tag-bordeaux","11":"tag-eu","12":"tag-europe","13":"tag-fr","14":"tag-france","15":"tag-news","16":"tag-nouvelle-aquitaine","17":"tag-republique-francaise"},"share_on_mastodon":{"url":"https:\/\/pubeurope.com\/@fr\/115271825178843972","error":""},"_links":{"self":[{"href":"https:\/\/www.europesays.com\/fr\/wp-json\/wp\/v2\/posts\/419444","targetHints":{"allow":["GET"]}}],"collection":[{"href":"https:\/\/www.europesays.com\/fr\/wp-json\/wp\/v2\/posts"}],"about":[{"href":"https:\/\/www.europesays.com\/fr\/wp-json\/wp\/v2\/types\/post"}],"author":[{"embeddable":true,"href":"https:\/\/www.europesays.com\/fr\/wp-json\/wp\/v2\/users\/2"}],"replies":[{"embeddable":true,"href":"https:\/\/www.europesays.com\/fr\/wp-json\/wp\/v2\/comments?post=419444"}],"version-history":[{"count":0,"href":"https:\/\/www.europesays.com\/fr\/wp-json\/wp\/v2\/posts\/419444\/revisions"}],"wp:featuredmedia":[{"embeddable":true,"href":"https:\/\/www.europesays.com\/fr\/wp-json\/wp\/v2\/media\/419445"}],"wp:attachment":[{"href":"https:\/\/www.europesays.com\/fr\/wp-json\/wp\/v2\/media?parent=419444"}],"wp:term":[{"taxonomy":"category","embeddable":true,"href":"https:\/\/www.europesays.com\/fr\/wp-json\/wp\/v2\/categories?post=419444"},{"taxonomy":"post_tag","embeddable":true,"href":"https:\/\/www.europesays.com\/fr\/wp-json\/wp\/v2\/tags?post=419444"}],"curies":[{"name":"wp","href":"https:\/\/api.w.org\/{rel}","templated":true}]}}