{"id":419450,"date":"2025-09-26T17:42:10","date_gmt":"2025-09-26T17:42:10","guid":{"rendered":"https:\/\/www.europesays.com\/fr\/419450\/"},"modified":"2025-09-26T17:42:10","modified_gmt":"2025-09-26T17:42:10","slug":"ce-magasin-auchan-pres-de-lille-va-fermer-ses-portes-il-sera-remplace-par-lidl","status":"publish","type":"post","link":"https:\/\/www.europesays.com\/fr\/419450\/","title":{"rendered":"Ce magasin Auchan pr\u00e8s de Lille va fermer ses portes, il sera remplac\u00e9 par LIDL"},"content":{"rendered":"<p>            Par<br \/>\n        <strong><br \/>\n            <a href=\"https:\/\/actu.fr\/auteur\/nicolas-demollien\" title=\"Consulter tous les articles de Nicolas Demollien\" target=\"_blank\" rel=\"noopener\">Nicolas Demollien<\/a><br \/>\n        <\/strong><\/p>\n<p>        Publi\u00e9 le<\/p>\n<p>            26 sept. 2025 \u00e0 18h36        <\/p>\n<p>C\u2019est un <b>\u00e9norme virage<\/b> pour des milliers d\u2019habitu\u00e9s des lieux. Tout pr\u00e8s de <a href=\"https:\/\/actu.fr\/hauts-de-france\/lille_59350\" target=\"_blank\" rel=\"noopener\">Lille<\/a> (Nord), la<b> fermeture d\u2019un supermarch\u00e9<\/b> <a href=\"https:\/\/actu.fr\/tag\/auchan\" target=\"_blank\" rel=\"noopener\">Auchan<\/a> a \u00e9t\u00e9 annonc\u00e9e. C\u2019est l\u2019<b>enseigne<\/b> <a href=\"https:\/\/actu.fr\/tag\/lidl\" target=\"_blank\" rel=\"noopener\">LIDL<\/a> qui va <b>y installer un magasin en lieu et place<\/b>.\u00a0<\/p>\n<p>Pr\u00e8s de Lille, le supermarch\u00e9 Auchan devient LIDL<\/p>\n<p class=\" wall-content\">Ce Auchan qui s\u2019appr\u00eate \u00e0 baisser le rideau, c\u2019est celui de <a href=\"https:\/\/actu.fr\/hauts-de-france\/marquette-lez-lille_59386\" target=\"_blank\" rel=\"noopener\">Marquette-lez-Lille<\/a> situ\u00e9 dans le parc de l\u2019Innovation, rue de Menin. Sur les r\u00e9seaux sociaux, l\u2019enseigne a annonc\u00e9 que la <b>fermeture sera effective mercredi 15 octobre<\/b> 2025.\u00a0<\/p>\n<p>    <a href=\"https:\/\/www.facebook.com\/plugins\/post.php?href=https%3A%2F%2Fwww.facebook.com%2FAuchanSupermarcheMarquetteLezLille%2Fposts%2Fpfbid0fXrjb6hC5DXFGkqDpHdsddbPNvx3HYySJVWNMieRTqi6UrDLgvcCrJ9nQa3zyN7Zl&amp;show_text=true&amp;width=350\" title=\"Ouvrie le lien\" target=\"_blank\" rel=\"noopener\">Cliquez ici pour visualiser le contenu<\/a><\/p>\n<p class=\" wall-content\">Ce ne sera pas le seul Auchan repris par LIDL : <a href=\"https:\/\/actu.fr\/economie\/une-vingtaine-de-supermarches-auchan-bientot-transformes-en-lidl-voici-les-magasins-concernes_63196798.html\" target=\"_blank\" rel=\"noopener\">19 au total vont passer sous pavillon allemand<\/a>. L\u2019<b>Autorit\u00e9 de la concurrence a autoris\u00e9 ces rachats<\/b> \u00ab\u00a0sans conditions\u00a0\u00bb lundi 22 septembre. \u00ab\u00a0Dans un contexte de concentration du secteur de la grande distribution, nous nous assurons qu\u2019au niveau local, ces acquisitions de magasins ne r\u00e9duisent pas la concurrence par les prix et le choix offert aux consommateurs\u00a0\u00bb, <a href=\"https:\/\/www.autoritedelaconcurrence.fr\/fr\/communiques-de-presse\/rachat-de-19-magasins-sous-enseigne-auchan-supermarche-et-de-8-stations\" target=\"_blank\" rel=\"noopener\">rappelle l\u2019institution dans un communiqu\u00e9<\/a>.<\/p>\n<p data-end=\"1598\" class=\" wall-content\">Dans le cadre de son plan de transformation, Auchan a engag\u00e9 une <b>revue strat\u00e9gique de son parc de magasins<\/b>, avec pour objectif de renforcer sa performance \u00e9conomique tout en veillant \u00e0 la continuit\u00e9 de l\u2019emploi\u00a0\u00bb, rappelle Auchan, l\u00e0 encore <a href=\"https:\/\/www.auchan-retail.com\/fr\/auchan-et-lidl-engagent-des-negociations-exclusives-pour-la-reprise-de-19-supermarches-en-france\/\" target=\"_blank\" rel=\"noopener\">dans un communiqu\u00e9<\/a>.<\/p>\n<p data-end=\"1598\" class=\" wall-content\">Pour Marquette-lez-Lille, la <b>cession a \u00e9t\u00e9 jug\u00e9e la plus pertinente<\/b> par Auchan, \u00ab\u00a0pour garantir la p\u00e9rennit\u00e9 de l\u2019exploitation et pr\u00e9server les emplois associ\u00e9s, dans un esprit de responsabilit\u00e9 et de continuit\u00e9 d\u2019activit\u00e9\u00a0\u00bb.\u00a0<\/p>\n<p class=\" wall-content\">Nous ignorons pour le moment la date d\u2019ouverture de l\u2019enseigne LIDL. Affaire \u00e0 suivre.<\/p>\n<p class=\" wall-content\">Personnalisez votre actualit\u00e9 en ajoutant vos villes et m\u00e9dias en favori avec <a href=\"https:\/\/moncompte.actu.fr\" title=\"D\u00e9couvez Mon Actu\" rel=\"nofollow noopener\" data-trk=\"{&quot;cta&quot;:{&quot;action&quot;:&quot;https:\\\/\\\/moncompte.actu.fr&quot;,&quot;category&quot;:&quot;mon compte&quot;,&quot;from&quot;:&quot;article footer&quot;,&quot;name&quot;:&quot;Mon actu&quot;,&quot;type&quot;:&quot;cta&quot;}}\" target=\"_blank\">Mon Actu<\/a>.<\/p>\n","protected":false},"excerpt":{"rendered":"Par Nicolas Demollien Publi\u00e9 le 26 sept. 2025 \u00e0 18h36 C\u2019est un \u00e9norme virage pour des milliers d\u2019habitu\u00e9s&hellip;\n","protected":false},"author":2,"featured_media":419451,"comment_status":"","ping_status":"","sticky":false,"template":"","format":"standard","meta":{"footnotes":""},"categories":[2815],"tags":[1111,11,14474,1777,674,1011,27,811,18542,1307,12,25,104],"class_list":{"0":"post-419450","1":"post","2":"type-post","3":"status-publish","4":"format-standard","5":"has-post-thumbnail","7":"category-lille","8":"tag-actu","9":"tag-actualites","10":"tag-auchan","11":"tag-eu","12":"tag-europe","13":"tag-fr","14":"tag-france","15":"tag-hauts-de-france","16":"tag-lidl","17":"tag-lille","18":"tag-news","19":"tag-republique-francaise","20":"tag-societe"},"share_on_mastodon":{"url":"https:\/\/pubeurope.com\/@fr\/115271836946426367","error":""},"_links":{"self":[{"href":"https:\/\/www.europesays.com\/fr\/wp-json\/wp\/v2\/posts\/419450","targetHints":{"allow":["GET"]}}],"collection":[{"href":"https:\/\/www.europesays.com\/fr\/wp-json\/wp\/v2\/posts"}],"about":[{"href":"https:\/\/www.europesays.com\/fr\/wp-json\/wp\/v2\/types\/post"}],"author":[{"embeddable":true,"href":"https:\/\/www.europesays.com\/fr\/wp-json\/wp\/v2\/users\/2"}],"replies":[{"embeddable":true,"href":"https:\/\/www.europesays.com\/fr\/wp-json\/wp\/v2\/comments?post=419450"}],"version-history":[{"count":0,"href":"https:\/\/www.europesays.com\/fr\/wp-json\/wp\/v2\/posts\/419450\/revisions"}],"wp:featuredmedia":[{"embeddable":true,"href":"https:\/\/www.europesays.com\/fr\/wp-json\/wp\/v2\/media\/419451"}],"wp:attachment":[{"href":"https:\/\/www.europesays.com\/fr\/wp-json\/wp\/v2\/media?parent=419450"}],"wp:term":[{"taxonomy":"category","embeddable":true,"href":"https:\/\/www.europesays.com\/fr\/wp-json\/wp\/v2\/categories?post=419450"},{"taxonomy":"post_tag","embeddable":true,"href":"https:\/\/www.europesays.com\/fr\/wp-json\/wp\/v2\/tags?post=419450"}],"curies":[{"name":"wp","href":"https:\/\/api.w.org\/{rel}","templated":true}]}}