{"id":419468,"date":"2025-09-26T17:52:11","date_gmt":"2025-09-26T17:52:11","guid":{"rendered":"https:\/\/www.europesays.com\/fr\/419468\/"},"modified":"2025-09-26T17:52:11","modified_gmt":"2025-09-26T17:52:11","slug":"une-femme-agee-de-60-ans-tuee-dans-le-20e-arrondissement-son-mari-interpelle","status":"publish","type":"post","link":"https:\/\/www.europesays.com\/fr\/419468\/","title":{"rendered":"une femme \u00e2g\u00e9e de 60 ans tu\u00e9e dans le 20e arrondissement, son mari interpell\u00e9"},"content":{"rendered":"<p>Les faits se sont d\u00e9roul\u00e9s mercredi un matin, au domicile du couple situ\u00e9 au passage des Tourelles. Le conjoint de la victime, un homme de 60 ans, a appel\u00e9 la police pour avouer le meurtre.<\/p>\n<p class=\"fig-paragraph\">Un meurtre sanglant. Ce mercredi un matin, un homme \u00e2g\u00e9 de 60 ans a contact\u00e9 les forces de l\u2019ordre pour leur avouer qu\u2019il avait tu\u00e9 sa femme du m\u00eame \u00e2ge, dans le 20e arrondissement de\u00a0<a href=\"http:\/\/www.lefigaro.fr\/faits-divers\/l-etat-est-cense-nous-proteger-le-combat-politique-de-claire-geronimi-face-a-un-homme-sous-oqtf-juge-pour-l-avoir-violee-a-paris-20250924\" data-fig-type=\"Article\" data-gtm-custom-categorie=\"navigation\" data-gtm-custom-action=\"crossclick\" data-gtm-custom-label=\"Contextuel\" data-gtm-event=\"customEventSPE\" data-fig-domain=\"LEFIGARO\" rel=\"nofollow noopener\" target=\"_blank\">Paris<\/a>, a appris Le Figaro aupr\u00e8s de sources concordantes, confirmant des informations d\u2019<a href=\"https:\/\/actu.fr\/ile-de-france\/paris_75056\/paris-une-femme-meurt-egorgee-a-son-domicile-son-conjoint-interpelle_63205437.html\" target=\"_blank\" rel=\"sponsored noopener nofollow\" data-gtm-custom-categorie=\"navigation\" data-gtm-custom-action=\"crossclick\" data-gtm-custom-label=\"Contextuel\" data-gtm-event=\"customEventSPE\">Actu Paris<\/a> . Selon nos informations, le suspect, Ahmed B., a port\u00e9 plusieurs\u00a0<a href=\"https:\/\/video.lefigaro.fr\/figaro\/faits-divers\/bas-rhin-une-enseignante-poignardee-en-classe-par-son-eleve-20250924\" data-fig-type=\"Video\" data-gtm-custom-categorie=\"navigation\" data-gtm-custom-action=\"crossclick\" data-gtm-custom-label=\"Contextuel\" data-gtm-event=\"customEventSPE\" data-fig-domain=\"LEFIGARO\" rel=\"nofollow noopener\" target=\"_blank\">coups de couteau<\/a>\u00a0au niveau des cuisses de la victime, puis au niveau de la poitrine.<\/p>\n<p class=\"fig-paragraph\">Les faits se sont d\u00e9roul\u00e9s vers 9h30, au passage des Tourelles, au domicile du couple. La victime a \u00e9t\u00e9 retrouv\u00e9e dans la salle de bains, relate une source polici\u00e8re. \u00abLe magistrat de permanence se rend sur place\u00bb, indique de son c\u00f4t\u00e9 le parquet de Paris qui pr\u00e9cise que la police judiciaire a \u00e9t\u00e9 saisie de l\u2019enqu\u00eate \u00abpour homicide par conjoint\u00bb.<\/p>\n<p>                                    <a class=\"fig-a11y-skip a11y-hidden\" href=\"#fig-a11y-skip-main-inarticle\"><br \/>\n        Passer la publicit\u00e9<br \/>\n    <\/a><\/p>\n<p>Placement en d\u00e9tention provisoire requis<\/p>\n<p class=\"fig-paragraph\">Le sexag\u00e9naire est d\u00e9f\u00e9r\u00e9 ce vendredi pour \u00eatre pr\u00e9sent\u00e9 au juge d\u2019instruction en vue de sa mise en examen. Son placement en d\u00e9tention provisoire est requis, a d\u00e9clar\u00e9 le parquet ce vendredi. \u00abContrairement \u00e0 ce qui a pu \u00eatre \u00e9voqu\u00e9 dans certains m\u00e9dias, il n\u2019a jamais \u00e9t\u00e9 question de schizophr\u00e9nie dans la proc\u00e9dure, ni dans les d\u00e9clarations, ni par avis m\u00e9dical\u00bb, souligne encore le minist\u00e8re public.<\/p>\n<p class=\"fig-paragraph\">Le jour du drame, Ahmed B., infirmier de profession, avait \u00e9t\u00e9 plac\u00e9 en garde \u00e0 vue. Les deux enfants majeurs de la victime ont \u00e9t\u00e9 inform\u00e9s par les services enqu\u00eateurs et un accompagnement leur a \u00e9t\u00e9 propos\u00e9 par le vecteur de l\u2019association Paris Aide aux Victimes.<\/p>\n","protected":false},"excerpt":{"rendered":"Les faits se sont d\u00e9roul\u00e9s mercredi un matin, au domicile du couple situ\u00e9 au passage des Tourelles. Le&hellip;\n","protected":false},"author":2,"featured_media":419469,"comment_status":"","ping_status":"","sticky":false,"template":"","format":"standard","meta":{"footnotes":""},"categories":[1888],"tags":[1111,1928,11,1927,1777,674,1011,27,12,1926,626,1925,25],"class_list":{"0":"post-419468","1":"post","2":"type-post","3":"status-publish","4":"format-standard","5":"has-post-thumbnail","7":"category-paris","8":"tag-actu","9":"tag-actu-paris","10":"tag-actualites","11":"tag-actualites-paris","12":"tag-eu","13":"tag-europe","14":"tag-fr","15":"tag-france","16":"tag-news","17":"tag-news-paris","18":"tag-paris","19":"tag-paris-news","20":"tag-republique-francaise"},"share_on_mastodon":{"url":"https:\/\/pubeurope.com\/@fr\/115271876185513886","error":""},"_links":{"self":[{"href":"https:\/\/www.europesays.com\/fr\/wp-json\/wp\/v2\/posts\/419468","targetHints":{"allow":["GET"]}}],"collection":[{"href":"https:\/\/www.europesays.com\/fr\/wp-json\/wp\/v2\/posts"}],"about":[{"href":"https:\/\/www.europesays.com\/fr\/wp-json\/wp\/v2\/types\/post"}],"author":[{"embeddable":true,"href":"https:\/\/www.europesays.com\/fr\/wp-json\/wp\/v2\/users\/2"}],"replies":[{"embeddable":true,"href":"https:\/\/www.europesays.com\/fr\/wp-json\/wp\/v2\/comments?post=419468"}],"version-history":[{"count":0,"href":"https:\/\/www.europesays.com\/fr\/wp-json\/wp\/v2\/posts\/419468\/revisions"}],"wp:featuredmedia":[{"embeddable":true,"href":"https:\/\/www.europesays.com\/fr\/wp-json\/wp\/v2\/media\/419469"}],"wp:attachment":[{"href":"https:\/\/www.europesays.com\/fr\/wp-json\/wp\/v2\/media?parent=419468"}],"wp:term":[{"taxonomy":"category","embeddable":true,"href":"https:\/\/www.europesays.com\/fr\/wp-json\/wp\/v2\/categories?post=419468"},{"taxonomy":"post_tag","embeddable":true,"href":"https:\/\/www.europesays.com\/fr\/wp-json\/wp\/v2\/tags?post=419468"}],"curies":[{"name":"wp","href":"https:\/\/api.w.org\/{rel}","templated":true}]}}