{"id":419478,"date":"2025-09-26T17:57:18","date_gmt":"2025-09-26T17:57:18","guid":{"rendered":"https:\/\/www.europesays.com\/fr\/419478\/"},"modified":"2025-09-26T17:57:18","modified_gmt":"2025-09-26T17:57:18","slug":"tiktok-usa-cede-sous-contrainte-a-des-soutiens-de-donald-trump","status":"publish","type":"post","link":"https:\/\/www.europesays.com\/fr\/419478\/","title":{"rendered":"Tiktok USA c\u00e9d\u00e9 sous contrainte \u00e0 des soutiens de Donald Trump"},"content":{"rendered":"<p>\n                                    <b>Publi\u00e9 le<\/b><br \/>\n                                    <\/p>\n<p>                                        26 septembre 2025<\/p>\n<p class=\"article-content col-md-8 offset-md-1\">\n                                <a class=\"fnwAddLinks\" href=\"https:\/\/fr.fashionnetwork.com\/tags-donald-trump\" title=\"Donald Trump\" target=\"_blank\" rel=\"noopener\">Donald Trump<\/a> a sign\u00e9 un d\u00e9cret d\u00e9finissant les contours de la cession des activit\u00e9s am\u00e9ricaines de TikTok \u00e0 plusieurs de ses riches soutiens, tandis que la maison m\u00e8re de la plateforme chinoise ne conservera qu&rsquo;une participation minoritaire.<\/p>\n<p><img decoding=\"async\" class=\"news-image\" style=\"width:100%;\" src=\"https:\/\/www.europesays.com\/fr\/wp-content\/uploads\/2025\/09\/c73c.jpg\" alt=\"\" loading=\"lazy\"\/> Shutterstock<\/p>\n<p class=\"col-md-8 offset-md-1 article-content--texte\">Depuis le Bureau ovale, le pr\u00e9sident des \u00c9tats-Unis a assur\u00e9 que la version am\u00e9ricaine de la plateforme serait g\u00e9r\u00e9e par des investisseurs \u00ab\u00a0tr\u00e8s sophistiqu\u00e9s\u00a0\u00bb, \u00e0 l&rsquo;instar de Larry Ellison, \u00e0 la t\u00eate du g\u00e9ant technologique Oracle, de Michael Dell, fondateur du groupe Dell, et du magnat des m\u00e9dias Rupert Murdoch. Selon plusieurs m\u00e9dias, la soci\u00e9t\u00e9 d&rsquo;investissement Silver Lake Partners et le g\u00e9ant de la Silicon Valley Andreessen Horowitz feraient \u00e9galement partie de l&rsquo;accord. Selon le d\u00e9cret publi\u00e9 jeudi soir par la Maison Blanche, ByteDance, la maison m\u00e8re de TikTok, conservera une participation de \u00ab\u00a0moins de 20%\u00a0\u00bb.<\/p>\n<p>Les nouveaux arrivants au capital sont tous des alli\u00e9s de Donald Trump et partagent ses opinions politiques, mais le pr\u00e9sident am\u00e9ricain a insist\u00e9 sur le fait que l&rsquo;application ne serait soumise \u00e0 aucune orientation partisane. \u00ab\u00a0Chaque groupe, chaque philosophie, chaque politique sera trait\u00e9 de mani\u00e8re tr\u00e8s \u00e9quitable\u00a0\u00bb, a assur\u00e9 Donald Trump, conc\u00e9dant toutefois que s&rsquo;il avait pu, il aurait rendu le r\u00e9seau social \u00ab\u00a0100% MAGA\u00a0\u00bb (\u00ab\u00a0Make America Great Again\u00a0\u00bb, Rendre sa grandeur \u00e0 l&rsquo;Am\u00e9rique), r\u00e9f\u00e9rence au mouvement qu&rsquo;il a cr\u00e9\u00e9.<\/p>\n<p class=\"col-md-8 offset-md-1 article-content--texte\">Le pr\u00e9sident a confirm\u00e9 que la version am\u00e9ricaine de TikTok serait dot\u00e9e d&rsquo;une copie de l&rsquo;algorithme de l&rsquo;application, consid\u00e9r\u00e9 comme la cl\u00e9 de son succ\u00e8s. \u00ab\u00a0Notre objectif fondamental \u00e9tait de maintenir le fonctionnement de TikTok, tout en veillant \u00e0 prot\u00e9ger la confidentialit\u00e9 des donn\u00e9es des Am\u00e9ricains, conform\u00e9ment \u00e0 la loi\u00a0\u00bb, a assur\u00e9 jeudi le vice-pr\u00e9sident am\u00e9ricain <a class=\"fnwAddLinks\" href=\"https:\/\/fr.fashionnetwork.com\/tags-jd\" title=\"JD\" target=\"_blank\" rel=\"noopener\">JD<\/a> Vance.\u00a0<\/p>\n<p>Au printemps dernier, Tiktok avait d\u00e9j\u00e0 pris les devants face aux pressions am\u00e9ricaines <a href=\"https:\/\/fr.fashionnetwork.com\/news\/Tiktok-supprime-des-postes-dans-son-equipe-e-commerce-aux-etats-unis,1720414.html#elisabetta-franchi\" target=\"_blank\" rel=\"noopener\">en supprimant des postes au sein des \u00e9quipes locales<\/a> de Tiktok et de son activit\u00e9 de place de march\u00e9, Tiktok Shop. Celle-ci revendique plus de 500.000 commer\u00e7ants actifs sur le march\u00e9 am\u00e9ricain, qui a servi de test avant un <a href=\"https:\/\/fr.fashionnetwork.com\/news\/Tiktok-shop-quels-enjeux-derriere-le-deploiement-en-france-,1714077.html#elisabetta-franchi\" target=\"_blank\" rel=\"noopener\">d\u00e9ploiement en Europe, et notamment en France<\/a>. Deux d\u00e9put\u00e9s fran\u00e7ais ont d&rsquo;ailleurs lanc\u00e9 en mars une commission d&rsquo;enqu\u00eate relative aux <a href=\"https:\/\/fr.fashionnetwork.com\/news\/Tiktok-deux-deputes-lancent-une-consultation-citoyenne-sur-les-effets-psychologiques-de-la-plateforme,1723526.html#elisabetta-franchi\" target=\"_blank\" rel=\"noopener\">effets psychologiques de la plateforme de vid\u00e9os courtes<\/a> sur les mineurs.<\/p>\n<p class=\"col-md-10 exergue\">\u00ab\u00a0Soutien de la Chine\u00a0\u00bb<\/p>\n<p>Le Congr\u00e8s, qui craignait de voir les autorit\u00e9s chinoises acc\u00e9der aux donn\u00e9es des utilisateurs am\u00e9ricains ou modifier l&rsquo;algorithme pour les influencers, a adopt\u00e9 en 2024 une loi contraignant TikTok \u00e0 s&rsquo;\u00e9manciper de ByteDance, sous peine d&rsquo;interdiction. Donald Trump a plusieurs fois prolong\u00e9 la date butoir afin de trouver un accord de reprise. Selon le d\u00e9cret publi\u00e9 jeudi, elle court d\u00e9sormais jusqu&rsquo;au 23 janvier 2026.<\/p>\n<p>JD Vance, ancien capital-risqueur qui a dirig\u00e9 l&rsquo;\u00e9quipe charg\u00e9e de trouver une solution pour TikTok, a d\u00e9clar\u00e9 que l&rsquo;entit\u00e9 am\u00e9ricaine serait \u00e9valu\u00e9e \u00e0 environ 14 milliards de dollars, tout en ajoutant que le dernier mot reviendrait aux investisseurs.<\/p>\n<p>Interrog\u00e9 sur une validation de cet accord par les autorit\u00e9s chinoises, Donald Trump a assur\u00e9 que le pr\u00e9sident Xi Jinping avait donn\u00e9 son feu vert lors d&rsquo;un appel t\u00e9l\u00e9phonique la semaine derni\u00e8re. \u00ab\u00a0J&rsquo;ai beaucoup de respect pour le pr\u00e9sident Xi, et j&rsquo;appr\u00e9cie \u00e9norm\u00e9ment qu&rsquo;il ait approuv\u00e9 l&rsquo;accord, car pour le mener \u00e0 bien, nous avions vraiment besoin du soutien de la Chine\u00a0\u00bb, a-t-il d\u00e9clar\u00e9.<\/p>\n<p>Lors de l&rsquo;appel t\u00e9l\u00e9phonique entre les deux pr\u00e9sidents, Xi Jinping avait demand\u00e9 \u00e0 son homologue am\u00e9ricain d&rsquo;\u00e9viter les restrictions commerciales \u00ab\u00a0unilat\u00e9rales\u00a0\u00bb et de pr\u00e9server un climat \u00ab\u00a0non discriminatoire\u00a0\u00bb pour les entreprises chinoises, avait rapport\u00e9 la cha\u00eene d&rsquo;Etat chinoise CCTV.<\/p>\n<p>\u00ab\u00a0Nous esp\u00e9rons que les \u00c9tats-Unis proposeront un environnement commercial ouvert, \u00e9quitable et non discriminatoire pour les entreprises chinoises investissant aux \u00c9tats-Unis\u00a0\u00bb, a r\u00e9agi vendredi Guo Jiakun, porte-parole du minist\u00e8re des Affaires \u00e9trang\u00e8res de P\u00e9kin, aux journalistes, apr\u00e8s le d\u00e9cret sign\u00e9 par Donald Trump. Contact\u00e9s par l&rsquo;AFP, ByteDance et TikTok n&rsquo;ont pas r\u00e9pondu dans l&rsquo;imm\u00e9diat.<\/p>\n<p>(avec AFP)\n                            <\/p>\n<p>\n                                Tous droits de reproduction et de repr\u00e9sentation r\u00e9serv\u00e9s.<br \/>\u00a9 2025 FashionNetwork.com\n                            <\/p>\n","protected":false},"excerpt":{"rendered":"Publi\u00e9 le 26 septembre 2025 Donald Trump a sign\u00e9 un d\u00e9cret d\u00e9finissant les contours de la cession des&hellip;\n","protected":false},"author":2,"featured_media":419479,"comment_status":"","ping_status":"","sticky":false,"template":"","format":"standard","meta":{"footnotes":""},"categories":[1589],"tags":[11,2424,537,2423,75,73,1866,33609,2425,985,12,2298,2426,2427,2421,2422,1864,1865,1863,308],"class_list":{"0":"post-419478","1":"post","2":"type-post","3":"status-publish","4":"format-standard","5":"has-post-thumbnail","7":"category-etats-unis","8":"tag-actualites","9":"tag-beaute","10":"tag-contact","11":"tag-cosmetiques","12":"tag-donald-trump","13":"tag-etats-unis","14":"tag-etats-unis-damerique","15":"tag-jd","16":"tag-luxe","17":"tag-mode","18":"tag-news","19":"tag-parfum","20":"tag-professionnel","21":"tag-professionnels","22":"tag-reseau","23":"tag-textile","24":"tag-united-states","25":"tag-united-states-of-america","26":"tag-us","27":"tag-usa"},"share_on_mastodon":{"url":"https:\/\/pubeurope.com\/@fr\/115271895958823172","error":""},"_links":{"self":[{"href":"https:\/\/www.europesays.com\/fr\/wp-json\/wp\/v2\/posts\/419478","targetHints":{"allow":["GET"]}}],"collection":[{"href":"https:\/\/www.europesays.com\/fr\/wp-json\/wp\/v2\/posts"}],"about":[{"href":"https:\/\/www.europesays.com\/fr\/wp-json\/wp\/v2\/types\/post"}],"author":[{"embeddable":true,"href":"https:\/\/www.europesays.com\/fr\/wp-json\/wp\/v2\/users\/2"}],"replies":[{"embeddable":true,"href":"https:\/\/www.europesays.com\/fr\/wp-json\/wp\/v2\/comments?post=419478"}],"version-history":[{"count":0,"href":"https:\/\/www.europesays.com\/fr\/wp-json\/wp\/v2\/posts\/419478\/revisions"}],"wp:featuredmedia":[{"embeddable":true,"href":"https:\/\/www.europesays.com\/fr\/wp-json\/wp\/v2\/media\/419479"}],"wp:attachment":[{"href":"https:\/\/www.europesays.com\/fr\/wp-json\/wp\/v2\/media?parent=419478"}],"wp:term":[{"taxonomy":"category","embeddable":true,"href":"https:\/\/www.europesays.com\/fr\/wp-json\/wp\/v2\/categories?post=419478"},{"taxonomy":"post_tag","embeddable":true,"href":"https:\/\/www.europesays.com\/fr\/wp-json\/wp\/v2\/tags?post=419478"}],"curies":[{"name":"wp","href":"https:\/\/api.w.org\/{rel}","templated":true}]}}