{"id":419480,"date":"2025-09-26T17:58:10","date_gmt":"2025-09-26T17:58:10","guid":{"rendered":"https:\/\/www.europesays.com\/fr\/419480\/"},"modified":"2025-09-26T17:58:10","modified_gmt":"2025-09-26T17:58:10","slug":"interconnexion-electrique-apres-labandon-du-royaume-uni-xlinks-viserait-lallemagne","status":"publish","type":"post","link":"https:\/\/www.europesays.com\/fr\/419480\/","title":{"rendered":"Interconnexion \u00e9lectrique : Apr\u00e8s l\u2019abandon du Royaume-Uni, Xlinks viserait l\u2019Allemagne"},"content":{"rendered":"<p>Apr\u00e8s le retrait officiel du soutien du gouvernement britannique en juin dernier pour le colossal projet d\u2019interconnexion \u00e9lectrique avec le Maroc, Xlinks, la soci\u00e9t\u00e9 britannique \u00e0 l\u2019origine de l\u2019initiative, tourne d\u00e9sormais son regard vers l\u2019Allemagne, via une nouvelle entreprise baptis\u00e9e \u00ab\u202fSila Atlantik\u202f\u00bb.<\/p>\n<p>Selon des m\u00e9dias britanniques, d\u2019anciens cadres d\u2019EnBW et d\u2019Orsted se sont associ\u00e9s pour relancer le projet au travers de la filiale allemande de Xlinks. Le plan pr\u00e9voit la construction d\u2019une ligne de transmission de 4.800 kilom\u00e8tres le long de la c\u00f4te atlantique, capable de transporter 15 gigawatts d\u2019\u00e9nergie renouvelable \u2014 issue de parcs \u00e9oliens et solaires situ\u00e9s dans le sud du Maroc \u2014 vers l\u2019Allemagne. Si le projet se concr\u00e9tise, il deviendrait l\u2019un des plus grands projets transfrontaliers d\u2019\u00e9nergie propre au monde.<\/p>\n","protected":false},"excerpt":{"rendered":"Apr\u00e8s le retrait officiel du soutien du gouvernement britannique en juin dernier pour le colossal projet d\u2019interconnexion \u00e9lectrique&hellip;\n","protected":false},"author":2,"featured_media":419481,"comment_status":"","ping_status":"","sticky":false,"template":"","format":"standard","meta":{"footnotes":""},"categories":[1588],"tags":[14323,11,672,1777,674,54874,12,473,1853,1851,1850,1852,26778],"class_list":{"0":"post-419480","1":"post","2":"type-post","3":"status-publish","4":"format-standard","5":"has-post-thumbnail","7":"category-royaume-uni","8":"tag-abandon","9":"tag-actualites","10":"tag-allemagne","11":"tag-eu","12":"tag-europe","13":"tag-interconnexion-electrique","14":"tag-news","15":"tag-royaume-uni","16":"tag-royaume-uni-de-grande-bretagne-et-dirlande-du-nord","17":"tag-uk","18":"tag-united-kingdom","19":"tag-united-kingdom-of-great-britain-and-northern-ireland","20":"tag-xlinks"},"share_on_mastodon":{"url":"https:\/\/pubeurope.com\/@fr\/115271899870074892","error":""},"_links":{"self":[{"href":"https:\/\/www.europesays.com\/fr\/wp-json\/wp\/v2\/posts\/419480","targetHints":{"allow":["GET"]}}],"collection":[{"href":"https:\/\/www.europesays.com\/fr\/wp-json\/wp\/v2\/posts"}],"about":[{"href":"https:\/\/www.europesays.com\/fr\/wp-json\/wp\/v2\/types\/post"}],"author":[{"embeddable":true,"href":"https:\/\/www.europesays.com\/fr\/wp-json\/wp\/v2\/users\/2"}],"replies":[{"embeddable":true,"href":"https:\/\/www.europesays.com\/fr\/wp-json\/wp\/v2\/comments?post=419480"}],"version-history":[{"count":0,"href":"https:\/\/www.europesays.com\/fr\/wp-json\/wp\/v2\/posts\/419480\/revisions"}],"wp:featuredmedia":[{"embeddable":true,"href":"https:\/\/www.europesays.com\/fr\/wp-json\/wp\/v2\/media\/419481"}],"wp:attachment":[{"href":"https:\/\/www.europesays.com\/fr\/wp-json\/wp\/v2\/media?parent=419480"}],"wp:term":[{"taxonomy":"category","embeddable":true,"href":"https:\/\/www.europesays.com\/fr\/wp-json\/wp\/v2\/categories?post=419480"},{"taxonomy":"post_tag","embeddable":true,"href":"https:\/\/www.europesays.com\/fr\/wp-json\/wp\/v2\/tags?post=419480"}],"curies":[{"name":"wp","href":"https:\/\/api.w.org\/{rel}","templated":true}]}}