{"id":419491,"date":"2025-09-26T18:04:16","date_gmt":"2025-09-26T18:04:16","guid":{"rendered":"https:\/\/www.europesays.com\/fr\/419491\/"},"modified":"2025-09-26T18:04:16","modified_gmt":"2025-09-26T18:04:16","slug":"legionellose-pourquoi-le-nombre-de-cas-augmente-t-il-en-france-depuis-quelques-annees","status":"publish","type":"post","link":"https:\/\/www.europesays.com\/fr\/419491\/","title":{"rendered":"L\u00e9gionellose : pourquoi le nombre de cas augmente-t-il en France depuis quelques ann\u00e9es ?"},"content":{"rendered":"<ul class=\"jsx-862013697 ArticleChapo__List\">\n<li class=\"jsx-862013697 ArticleChapo__List_Item flex\">Cette semaine, deux clusters de l\u00e9gionellose ont \u00e9t\u00e9 signal\u00e9s par les autorit\u00e9s sanitaires en France.<\/li>\n<li class=\"jsx-862013697 ArticleChapo__List_Item flex\">Cette affection pulmonaire, qui peut \u00eatre mortelle pour les plus fragiles, est de plus en plus d\u00e9tect\u00e9e en France depuis quelques ann\u00e9es.<\/li>\n<li class=\"jsx-862013697 ArticleChapo__List_Item flex\">Pourquoi une telle hausse ?<\/li>\n<\/ul>\n<p data-module=\"article-paragraph\" class=\"jsx-3046738180 Paragraph Paragraph__End\">Plus de 40 cas confirm\u00e9s en Savoie, <a href=\"https:\/\/www.tf1info.fr\/sante\/savoie-deces-d-une-deuxieme-personne-du-a-une-contamination-a-la-legionellose-2397123.html\" target=\"_blank\" rel=\"noopener\">o\u00f9 un deuxi\u00e8me est d\u00e9c\u00e9d\u00e9<\/a>, six autres en Haute-Sa\u00f4ne\u2026 Cette semaine,<a href=\"https:\/\/www.tf1info.fr\/sante\/cluster-de-legionellose-en-savoie-qu-est-ce-que-cette-maladie-et-comment-s-en-premunir-2396800.html\" target=\"_blank\" rel=\"noopener\"> deux clusters de l\u00e9gionellose<\/a> ont \u00e9t\u00e9 signal\u00e9s par les Agences r\u00e9gionales de sant\u00e9 (ARS), provoquant <a href=\"https:\/\/www.tf1info.fr\/sante\/legionellose-six-cas-dont-deux-mortels-identifies-en-haute-saone-2396651.html\" target=\"_blank\" rel=\"noopener\">quatre d\u00e9c\u00e8s<\/a> chez des personnes vuln\u00e9rables. Depuis 2017, les autorit\u00e9s sanitaires fran\u00e7aises enregistrent un nombre croissant de cas de l\u00e9gionellose,<a href=\"https:\/\/www.tf1info.fr\/sante\/video-reportage-transmission-symptomes-ce-qu-il-faut-savoir-sur-la-legionellose-cette-maladie-qui-a-fait-un-mort-en-savoie-2396419.html\" target=\"_blank\" rel=\"noopener\"> affection pulmonaire<\/a> provoqu\u00e9e par une bact\u00e9rie, la l\u00e9gionelle : alors que Sant\u00e9 Publique France en comptait autour de 1.500 entre 2005 et 2010, elle a enregistr\u00e9 des pics \u00e0 2.133 en 2018, 2.060 en 2021 et 2.201 en 2023. En 2024, 1.939 cas ont encore \u00e9t\u00e9 notifi\u00e9s.<\/p>\n<p data-module=\"article-paragraph\" class=\"jsx-3046738180 Paragraph Paragraph__End\">Comment expliquer une telle hausse ?\u00a0\u00ab\u00a0Plusieurs facteurs pourraient intervenir dans l&rsquo;augmentation des cas de l\u00e9gionellose observ\u00e9e\u00a0\u00bb, indique \u00e0 TF1info Sophie Jarraud, Directrice du Centre National de R\u00e9f\u00e9rence (CNR) des l\u00e9gionelles.\u00a0D&rsquo;abord, \u00ab\u00a0plusieurs \u00e9tudes \u00e9pid\u00e9miologiques europ\u00e9ennes ont montr\u00e9 l&rsquo;influence des facteurs m\u00e9t\u00e9orologiques (temp\u00e9ratures \u00e9lev\u00e9es suivies d&rsquo;une p\u00e9riode de pr\u00e9cipitations et humidit\u00e9 \u00e9lev\u00e9e) sur la survenue des cas\u00a0\u00bb. \u00a0Ainsi, le r\u00e9chauffement progressif du climat pourrait favoriser la survie des l\u00e9gionelles, bact\u00e9ries \u00e0 l&rsquo;origine de l&rsquo;affection.<\/p>\n<p>De meilleurs diagnostics<\/p>\n<p data-module=\"article-paragraph\" class=\"jsx-3046738180 Paragraph Paragraph__End\">Par ailleurs, cette hausse du nombre de cas notifi\u00e9s s&rsquo;explique par une am\u00e9lioration de la d\u00e9tection de la maladie, notamment li\u00e9e au recours \u00e0 des test PCR, signale Sophie Jarraud : d\u00e9sormais, \u00ab\u00a0deux outils majeurs sont utilis\u00e9s pour le diagnostic : la d\u00e9tection des antig\u00e8nes dans les urines et\/ou la PCR dans les \u00e9chantillons pulmonaires\u00a0\u00bb.<\/p>\n<p><a href=\"https:\/\/www.tf1info.fr\/sante\/l-info-aurait-du-circuler-l-incomprehension-des-proches-des-victimes-de-deux-foyers-de-legionellose-2396660.html\" rel=\"noopener\" class=\"jsx-3308031228 Link flex\" target=\"_blank\"><img decoding=\"async\" src=\"https:\/\/www.europesays.com\/fr\/wp-content\/uploads\/2025\/09\/cap-led-631a1a-1@1x.jpeg\" alt=\"TF1\" loading=\"lazy\" importance=\"low\" fetchpriority=\"low\" class=\"\" aria-hidden=\"true\"\/><\/p>\n<p class=\"jsx-3657663356 ReadMoreArticle__Title\">Lire aussi<\/p>\n<p class=\"jsx-3657663356\">\u00ab\u00a0L&rsquo;info aurait d\u00fb circuler\u00a0\u00bb : l&rsquo;incompr\u00e9hension des proches des malades de la l\u00e9gionellose en Savoie et en Haute-Sa\u00f4ne <\/p>\n<p><\/a><\/p>\n<p data-module=\"article-paragraph\" class=\"jsx-3046738180 Paragraph Paragraph__End\">L&rsquo;an dernier, Christine Camp\u00e8se, \u00e9pid\u00e9miologiste en charge de la l\u00e9gionellose \u00e0 Sant\u00e9 Publique France, avait \u00e9mis une derni\u00e8re hypoth\u00e8se aupr\u00e8s de l&rsquo;AFP : \u00ab\u00a0le vieillissement de la population\u00a0\u00bb fran\u00e7aise, la maladie affectant plus particuli\u00e8rement les seniors et les personnes fragiles. \u00c0 noter que l&rsquo;\u00e2ge m\u00e9dian des personnes infect\u00e9es a augment\u00e9 en quelques ann\u00e9es, passant de 62 ans en 2010 \u00e0 67 ans en 2024.<\/p>\n<p>Isabelle MISSIAEN<\/p>\n","protected":false},"excerpt":{"rendered":"Cette semaine, deux clusters de l\u00e9gionellose ont \u00e9t\u00e9 signal\u00e9s par les autorit\u00e9s sanitaires en France. Cette affection pulmonaire,&hellip;\n","protected":false},"author":2,"featured_media":419492,"comment_status":"","ping_status":"","sticky":false,"template":"","format":"standard","meta":{"footnotes":""},"categories":[4],"tags":[1111,11,1921,1011,27,1922,12,25,71,5699,133,6230],"class_list":{"0":"post-419491","1":"post","2":"type-post","3":"status-publish","4":"format-standard","5":"has-post-thumbnail","7":"category-france","8":"tag-actu","9":"tag-actualites","10":"tag-article-video","11":"tag-fr","12":"tag-france","13":"tag-info","14":"tag-news","15":"tag-republique-francaise","16":"tag-sante","17":"tag-sante-publique","18":"tag-video","19":"tag-video-sante-et-bien-etre"},"share_on_mastodon":{"url":"https:\/\/pubeurope.com\/@fr\/115271924799417210","error":""},"_links":{"self":[{"href":"https:\/\/www.europesays.com\/fr\/wp-json\/wp\/v2\/posts\/419491","targetHints":{"allow":["GET"]}}],"collection":[{"href":"https:\/\/www.europesays.com\/fr\/wp-json\/wp\/v2\/posts"}],"about":[{"href":"https:\/\/www.europesays.com\/fr\/wp-json\/wp\/v2\/types\/post"}],"author":[{"embeddable":true,"href":"https:\/\/www.europesays.com\/fr\/wp-json\/wp\/v2\/users\/2"}],"replies":[{"embeddable":true,"href":"https:\/\/www.europesays.com\/fr\/wp-json\/wp\/v2\/comments?post=419491"}],"version-history":[{"count":0,"href":"https:\/\/www.europesays.com\/fr\/wp-json\/wp\/v2\/posts\/419491\/revisions"}],"wp:featuredmedia":[{"embeddable":true,"href":"https:\/\/www.europesays.com\/fr\/wp-json\/wp\/v2\/media\/419492"}],"wp:attachment":[{"href":"https:\/\/www.europesays.com\/fr\/wp-json\/wp\/v2\/media?parent=419491"}],"wp:term":[{"taxonomy":"category","embeddable":true,"href":"https:\/\/www.europesays.com\/fr\/wp-json\/wp\/v2\/categories?post=419491"},{"taxonomy":"post_tag","embeddable":true,"href":"https:\/\/www.europesays.com\/fr\/wp-json\/wp\/v2\/tags?post=419491"}],"curies":[{"name":"wp","href":"https:\/\/api.w.org\/{rel}","templated":true}]}}