{"id":419497,"date":"2025-09-26T18:10:11","date_gmt":"2025-09-26T18:10:11","guid":{"rendered":"https:\/\/www.europesays.com\/fr\/419497\/"},"modified":"2025-09-26T18:10:11","modified_gmt":"2025-09-26T18:10:11","slug":"bezzecchi-en-patron-a-marquez-en-q1-a-motegi","status":"publish","type":"post","link":"https:\/\/www.europesays.com\/fr\/419497\/","title":{"rendered":"Bezzecchi en patron, A.M\u00e1rquez en Q1 \u00e0 Motegi"},"content":{"rendered":"<p>                M.M\u00e1rquez s&rsquo;est fait peur<\/p>\n<p>Les acteurs de la cat\u00e9gorie reine \u00e9taient de retour sur la trac\u00e9 de Motegi cet apr\u00e8s-midi pour prendre part \u00e0 la Practice du Grand Prix Motul du Japon. Imperturbable malgr\u00e9 les deux chutes qu&rsquo;il a subies ce matin, Marco Bezzecchi (Aprilia Racing) d\u00e9croche le meilleur chrono de l&rsquo;apr\u00e8s-midi gr\u00e2ce \u00e0 un tour boucl\u00e9 en <strong>1&rsquo;43.193<\/strong>. L&rsquo;Italien devance un excellent Pedro Acosta (Red Bull KTM Factory Racing), victime d&rsquo;une chute en toute fin de s\u00e9ance lors d&rsquo;un time-attack. Le n\u00b037 se classe juste devant Marc M\u00e1rquez (Ducati Lenovo Team), qui assure l&rsquo;essentiel apr\u00e8s avoir pass\u00e9 la majorit\u00e9 de la s\u00e9ance hors du top 10.<\/p>\n<p>\u00c7a passe pour Bagnaia<\/p>\n<p>Quatri\u00e8me, Joan Mir (Honda HRC Castrol) n&rsquo;est qu&rsquo;\u00e0 un milli\u00e8me de seconde du sextuple Champion du Monde MotoGP\u2122\u00a8tandis que Fabio Di Giannantonio (Pertamina Enduro VR46 Racing Team) confirme sa bonne FP1 avec un top 5 cet apr\u00e8s-midi. L&rsquo;Italien est talonn\u00e9 par son compatriote Luca Marini (Honda HRC Castrol), qui place la deuxi\u00e8me Honda officielle dans le top 6 \u00e0 domicile. G\u00ean\u00e9 par des probl\u00e8mes techniques en d\u00e9but de s\u00e9ance, Francesco Bagnaia (Ducati Lenovo Team) a su trouver son rythme pour retrouver la Q2. Le double Champion du Monde s&rsquo;offre le septi\u00e8me temps de la session et se battra pour la pole demain matin. Huiti\u00e8me au terme de son dernier effort, Fabio Quartararo (Monster Energy Yamaha MotoGP\u2122) \u00e9vite lui aussi le pi\u00e8ge des rep\u00eachages \u00e0 Motegi.<\/p>\n<p>Zarco a eu chaud, A.M\u00e1rquez en Q1<\/p>\n<p>Le Fran\u00e7ais est l&rsquo;unique repr\u00e9sentant de Yamaha dans ce top 10 et devance Ra\u00fal Fern\u00e1ndez (Trackhouse MotoGP\u2122 Team), lui aussi victime de probl\u00e8mes techniques en d\u00e9but de Practice. Enfin, pour huit milli\u00e8mes de seconde, Johann Zarco (LCR Honda) accroche de justesse la derni\u00e8re place qualificative directe pour la Q2. De son c\u00f4t\u00e9, Jorge Mart\u00edn (Aprilia Racing) est parti \u00e0 la faute \u00e0 deux reprises cet apr\u00e8s-midi et devra passer par la Q1. M\u00eame son de cloche pour Franco Morbidelli (Pertamina Enduro VR46 Racing Team), Jack Miller (Prima Pramac Yamaha) et Somkiat Chantra (LCR Honda), tous partis \u00e0 la faute. Cependant, l&rsquo;\u00e9v\u00e9nement marquant de cette Practice concerne Alex M\u00e1rquez (BK8 Gresini Racing MotoGP\u2122), qui prendra part \u00e0 la s\u00e9ance de rep\u00eachages pour la premi\u00e8re fois de la saison. Seul homme \u00e0 pouvoir emp\u00eacher le sacre de son fr\u00e8re dimanche, le n\u00b073 va devoir trouver des solutions.<\/p>\n<p>Les qualifications du MotoGP\u2122 \u00e0 Motegi auront lieu samedi \u00e0 3h50.<\/p>\n<p>\n                                Marc Marquez, Ducati Lenovo Team, Motul Grand Prix of Japan\n                        <\/p>\n<p>\n                                Fabio Quartararo, Monster Energy Yamaha MotoGP\u2122 Team, Motul Grand Prix of Japan\n                        <\/p>\n<p>\n                                Jorge Martin, Aprilia Racing, Motul Grand Prix of Japan\n                        <\/p>\n<p>\n                                Jorge Martin, Aprilia Racing, Motul Grand Prix of Japan\n                        <\/p>\n<p>\n                                Fabio Di Giannantonio, Pertamina Enduro VR46 Racing Team, Motul Grand Prix of Japan\n                        <\/p>\n<p>\n                                Raul Fernandez, Trackhouse MotoGP\u2122 Team, Motul Grand Prix of Japan\n                        <\/p>\n<p>\n                                Marco Bezzecchi, Enea Bastianini, Motul Grand Prix of Japan\n                        <\/p>\n<p>\n                                Joan Mir, Honda HRC Castrol, Motul Grand Prix of Japan\n                        <\/p>\n<p>\n                                Somkiat Chantra, IDEMITSU Honda LCR, Motul Grand Prix of Japan\n                        <\/p>\n<p>\n                                Luca Marini, Honda HRC Castrol, Motul Grand Prix of Japan\n                        <\/p>\n<p>\n                                Jorge Martin, Aprilia Racing, Motul Grand Prix of Japan\n                        <\/p>\n<p>\n                                Enea Bastianini, Red Bull KTM Tech3, Motul Grand Prix of Japan\n                        <\/p>\n<p>\n                                Practice, MotoGP\u2122, Motul Grand Prix of Japan\n                        <\/p>\n<p>\n                                Marc Marquez, Ducati Lenovo Team, Motul Grand Prix of Japan\n                        <\/p>\n<p>\n                                Practice, MotoGP\u2122, Motul Grand Prix of Japan\n                        <\/p>\n<p lang=\"fr-FR\">Cliquez <a href=\"https:\/\/www.motogp.com\/fr\/gp-results\/2025\/jap\/motogp\/pr\/classification\" target=\"_blank\" rel=\"noopener\">ici<\/a> pour acc\u00e9der aux r\u00e9sultats.<\/p>\n","protected":false},"excerpt":{"rendered":"M.M\u00e1rquez s&rsquo;est fait peur Les acteurs de la cat\u00e9gorie reine \u00e9taient de retour sur la trac\u00e9 de Motegi&hellip;\n","protected":false},"author":2,"featured_media":419498,"comment_status":"","ping_status":"","sticky":false,"template":"","format":"standard","meta":{"footnotes":""},"categories":[1413],"tags":[1011,27,1457,1456,60,2032],"class_list":{"0":"post-419497","1":"post","2":"type-post","3":"status-publish","4":"format-standard","5":"has-post-thumbnail","7":"category-moto","8":"tag-fr","9":"tag-france","10":"tag-moto","11":"tag-motocycle","12":"tag-sports","13":"tag-text"},"share_on_mastodon":{"url":"https:\/\/pubeurope.com\/@fr\/115271946981242463","error":""},"_links":{"self":[{"href":"https:\/\/www.europesays.com\/fr\/wp-json\/wp\/v2\/posts\/419497","targetHints":{"allow":["GET"]}}],"collection":[{"href":"https:\/\/www.europesays.com\/fr\/wp-json\/wp\/v2\/posts"}],"about":[{"href":"https:\/\/www.europesays.com\/fr\/wp-json\/wp\/v2\/types\/post"}],"author":[{"embeddable":true,"href":"https:\/\/www.europesays.com\/fr\/wp-json\/wp\/v2\/users\/2"}],"replies":[{"embeddable":true,"href":"https:\/\/www.europesays.com\/fr\/wp-json\/wp\/v2\/comments?post=419497"}],"version-history":[{"count":0,"href":"https:\/\/www.europesays.com\/fr\/wp-json\/wp\/v2\/posts\/419497\/revisions"}],"wp:featuredmedia":[{"embeddable":true,"href":"https:\/\/www.europesays.com\/fr\/wp-json\/wp\/v2\/media\/419498"}],"wp:attachment":[{"href":"https:\/\/www.europesays.com\/fr\/wp-json\/wp\/v2\/media?parent=419497"}],"wp:term":[{"taxonomy":"category","embeddable":true,"href":"https:\/\/www.europesays.com\/fr\/wp-json\/wp\/v2\/categories?post=419497"},{"taxonomy":"post_tag","embeddable":true,"href":"https:\/\/www.europesays.com\/fr\/wp-json\/wp\/v2\/tags?post=419497"}],"curies":[{"name":"wp","href":"https:\/\/api.w.org\/{rel}","templated":true}]}}