{"id":419499,"date":"2025-09-26T18:11:15","date_gmt":"2025-09-26T18:11:15","guid":{"rendered":"https:\/\/www.europesays.com\/fr\/419499\/"},"modified":"2025-09-26T18:11:15","modified_gmt":"2025-09-26T18:11:15","slug":"monaco-devra-aussi-se-passer-dakliouche-et-camara-a-lorient","status":"publish","type":"post","link":"https:\/\/www.europesays.com\/fr\/419499\/","title":{"rendered":"Monaco devra aussi se passer d\u2019Akliouche et Camara \u00e0 Lorient"},"content":{"rendered":"<p>Akliouche, malade et Camara touch\u00e9 \u00e0 la cheville s\u2019ajoutent \u00e0 longue liste d\u2019absents mon\u00e9gasques pour le d\u00e9placement \u00e0 Lorient.<\/p>\n<p class=\"fig-paragraph\">Le milieu de terrain international fran\u00e7ais Maghnes Akliouche, malade, et le milieu d\u00e9fensif international s\u00e9n\u00e9galais, Lamine Camara, touch\u00e9 \u00e0 la cheville gauche, on rejoint la liste des absents mon\u00e9gasques du d\u00e9placement \u00e0 Lorient, samedi, a communiqu\u00e9 vendredi le club.<\/p>\n<p class=\"fig-paragraph\">Souffrant et fi\u00e9vreux durant la semaine, Akliouche avait d\u00e9j\u00e0 manqu\u00e9 la s\u00e9ance d&rsquo;entra\u00eenement de jeudi au centre de La Turbie. L&rsquo;entra\u00eeneur Adi H\u00fctter n&rsquo;a pas souhait\u00e9 prendre de risque en pr\u00e9vision de la r\u00e9ception de Manchester City, mercredi prochain en Ligue des champions.<\/p>\n<p>                                    <a class=\"fig-a11y-skip a11y-hidden\" href=\"#fig-a11y-skip-main-inarticle\"><br \/>\n        Passer la publicit\u00e9<br \/>\n    <\/a><\/p>\n<p class=\"fig-paragraph\">C&rsquo;est \u00e9galement le cas pour Lamine Camara, qui a \u00e9t\u00e9 victime d&rsquo;une entorse \u00e0 la cheville gauche en cette fin de semaine \u00e0 l&rsquo;entra\u00eenement. Il est avec Denis Zakaria (adducteurs), Aleksandr Golovin (cuisse), Aladji Bamba (cuisse), et, bien entendu Paul Pogba, toujours en phase de reprise, le cinqui\u00e8me milieu axial du club actuellement indisponible.<\/p>\n<p class=\"fig-paragraph\">En raison de ces nombreuses absences, le jeune milieu Pape Cabral, 18 ans, professionnel depuis janvier dernier, fait partie du groupe convoqu\u00e9 pour le d\u00e9placement en Bretagne.<\/p>\n<p class=\"fig-paragraph\">Enfin, le gardien finlandais Lukas Hradecky, victime d&rsquo;une entorse du genou gauche survenue le 31 ao\u00fbt dernier contre Strasbourg (3-2), est, quant \u00e0 lui, absent jusqu&rsquo;\u00e0 la mi-novembre. Philippe K\u00f6hn assure son int\u00e9rim.<\/p>\n","protected":false},"excerpt":{"rendered":"Akliouche, malade et Camara touch\u00e9 \u00e0 la cheville s\u2019ajoutent \u00e0 longue liste d\u2019absents mon\u00e9gasques pour le d\u00e9placement \u00e0&hellip;\n","protected":false},"author":2,"featured_media":419500,"comment_status":"","ping_status":"","sticky":false,"template":"","format":"standard","meta":{"footnotes":""},"categories":[1412],"tags":[2266,1451,3317,1452,1453,1454,1455,1011,27,60],"class_list":{"0":"post-419499","1":"post","2":"type-post","3":"status-publish","4":"format-standard","5":"has-post-thumbnail","7":"category-f1","8":"tag-as-monaco","9":"tag-f1","10":"tag-fc-lorient","11":"tag-formula-1","12":"tag-formula1","13":"tag-formule-1","14":"tag-formule1","15":"tag-fr","16":"tag-france","17":"tag-sports"},"share_on_mastodon":{"url":"https:\/\/pubeurope.com\/@fr\/115271950946975704","error":""},"_links":{"self":[{"href":"https:\/\/www.europesays.com\/fr\/wp-json\/wp\/v2\/posts\/419499","targetHints":{"allow":["GET"]}}],"collection":[{"href":"https:\/\/www.europesays.com\/fr\/wp-json\/wp\/v2\/posts"}],"about":[{"href":"https:\/\/www.europesays.com\/fr\/wp-json\/wp\/v2\/types\/post"}],"author":[{"embeddable":true,"href":"https:\/\/www.europesays.com\/fr\/wp-json\/wp\/v2\/users\/2"}],"replies":[{"embeddable":true,"href":"https:\/\/www.europesays.com\/fr\/wp-json\/wp\/v2\/comments?post=419499"}],"version-history":[{"count":0,"href":"https:\/\/www.europesays.com\/fr\/wp-json\/wp\/v2\/posts\/419499\/revisions"}],"wp:featuredmedia":[{"embeddable":true,"href":"https:\/\/www.europesays.com\/fr\/wp-json\/wp\/v2\/media\/419500"}],"wp:attachment":[{"href":"https:\/\/www.europesays.com\/fr\/wp-json\/wp\/v2\/media?parent=419499"}],"wp:term":[{"taxonomy":"category","embeddable":true,"href":"https:\/\/www.europesays.com\/fr\/wp-json\/wp\/v2\/categories?post=419499"},{"taxonomy":"post_tag","embeddable":true,"href":"https:\/\/www.europesays.com\/fr\/wp-json\/wp\/v2\/tags?post=419499"}],"curies":[{"name":"wp","href":"https:\/\/api.w.org\/{rel}","templated":true}]}}