{"id":419505,"date":"2025-09-26T18:14:11","date_gmt":"2025-09-26T18:14:11","guid":{"rendered":"https:\/\/www.europesays.com\/fr\/419505\/"},"modified":"2025-09-26T18:14:11","modified_gmt":"2025-09-26T18:14:11","slug":"ce-nest-pas-mon-dernier-bide","status":"publish","type":"post","link":"https:\/\/www.europesays.com\/fr\/419505\/","title":{"rendered":"\u00ab\u00a0Ce n\u2019est pas mon dernier bide\u00a0\u00bb"},"content":{"rendered":"<p>        <img decoding=\"async\" loading=\"lazy\" src=\"https:\/\/www.europesays.com\/fr\/wp-content\/uploads\/2025\/09\/749a922_1733737023380-gettyimages-2169900374.jpg\"  width=\"728\" height=\"409\" alt=\"Kad Merad ironise sur l\u2019\u00e9chec cuisant de son dernier film \u00ab\u00a0Papamobile\u00a0\u00bb\u00a0: \u00ab\u00a0Ce n\u2019est pas mon dernier bide\u00a0\u00bb. (image d\u2019illustration)\"\/>  <\/p>\n<p>Stephane Cardinale &#8211; Corbis \/ Corbis via Getty Images<\/p>\n<p>Kad Merad ironise sur l\u2019\u00e9chec cuisant de son dernier film \u00ab\u00a0Papamobile\u00a0\u00bb\u00a0: \u00ab\u00a0Ce n\u2019est pas mon dernier bide\u00a0\u00bb. (image d\u2019illustration)<\/p>\n<p class=\"asset asset-text\">DIVERTISSEMENT &#8211; Mieux vaut en rire qu\u2019en pleurer. <a href=\"https:\/\/www.huffingtonpost.fr\/culture\/article\/kad-merad-travaille-bien-sur-le-retour-de-baron-noir-dont-il-prevoit-le-tournage-en-2026_248221.html\" target=\"_blank\" rel=\"noopener\" title=\"Nouvelle fen\u00eatre\">Kad Merad<\/a> est revenu sur le flop de son dernier film <a href=\"https:\/\/www.huffingtonpost.fr\/international\/article\/une-papamobile-du-pape-francois-va-etre-modifiee-pour-venir-en-aide-aux-enfants-de-gaza-une-volonte-de-sa-part_249626.html\" target=\"_blank\" rel=\"noopener\" title=\"Nouvelle fen\u00eatre\">Papamobile<\/a> lors du tournage de Taratata ce jeudi 25\u00a0septembre dans la soir\u00e9e. L\u2019\u00e9mission musicale de Nagui, consacr\u00e9e \u00e0 Florent Pagny, a donn\u00e9 lieu \u00e0 un \u00e9change amusant avec l\u2019acteur de Bienvenue chez les Ch\u2019tis comme le relate <a href=\"https:\/\/tvmag.lefigaro.fr\/programme-tv\/actu-tele\/tu-ne-fais-pas-que-le-pape-tu-fais-cure-aussi-sur-le-tournage-de-taratata-nagui-taquine-kad-merad-pour-son-bide-avec-papamobile-20250926\" target=\"_blank\" rel=\"noopener\" title=\"Nouvelle fen\u00eatre\">T\u00e9l\u00e9 Magazine<\/a>.<\/p>\n<p class=\"asset asset-text\">Alors que Kad Merad racontait avoir mari\u00e9 Florent Pagny et la peintre Azucena au cours d\u2019une \u00ab\u00a0c\u00e9r\u00e9monie festive\u00a0\u00bb organis\u00e9e juste apr\u00e8s \u00ab\u00a0le vrai mariage\u00a0\u00bb, <a href=\"https:\/\/www.huffingtonpost.fr\/divertissement\/article\/intervilles-claude-savarit-co-createur-du-celebre-jeu-tele-n-est-pas-tendre-avec-la-version-de-nagui_252955.html\" target=\"_blank\" rel=\"noopener\">Nagui<\/a> a envoy\u00e9 une petite pique \u00e0 l\u2019acteur. \u00ab\u00a0En clair, tu ne fais pas que le pape, tu fais cur\u00e9 aussi\u00a0\u00bb, s\u2019est-il amus\u00e9. Une r\u00e9f\u00e9rence au film Papamobile, r\u00e9alis\u00e9 par Sylvain Estibal et o\u00f9 Kad Merad incarnait un faux pape kidnapp\u00e9 par un cartel mexicain.<\/p>\n<p class=\"asset asset-text\">Malgr\u00e9 un budget de 1,2\u00a0million d\u2019euros, la com\u00e9die a \u00e9t\u00e9 un v\u00e9ritable fiasco au point o\u00f9 elle n\u2019a \u00e9t\u00e9 diffus\u00e9e que dans une poign\u00e9e de salles de cin\u00e9ma. La distributrice Violaine Barbaroux n\u2019a pas jug\u00e9 rentable d\u2019investir des frais de sortie, tandis que le producteur Jean Br\u00e9hat a reconnu un \u00ab\u00a0rat\u00e9\u00a0\u00bb dans les colonnes du Canard Encha\u00een\u00e9. \u00ab\u00a0C\u2019est une com\u00e9die pas dr\u00f4le, [\u2026] \u00e7a arrive dans le m\u00e9tier\u00a0\u00bb, a-t-il justifi\u00e9.<\/p>\n<p>    \u00ab\u00a0Ah mais j\u2019assume \u00e0 mort\u00a0\u00bb    <\/p>\n<p class=\"asset asset-text\">La vanne de Nagui sur le r\u00f4le de pape de Kad Merad \u00e9tait donc plut\u00f4t bien sentie. Mais l\u2019acteur n\u2019a apparemment pas compris la plaisanterie du premier coup. \u00ab\u00a0Tu ne fais pas que pape\u00a0!\u00a0\u00bb, a relanc\u00e9 <a href=\"https:\/\/www.huffingtonpost.fr\/people\/article\/dans-sept-a-huit-pagny-estime-que-beaucoup-de-choses-ont-change-avec-son-cancer-meme-sa-voix_254227.html\" target=\"_blank\" rel=\"noopener\">Florent Pagny<\/a> en parlant plus fort, et de s\u2019amuser\u00a0: \u00ab\u00a0T\u2019as vu comment c\u2019est reparti le coup du pape\u00a0?\u00a0\u00bb \u00ab\u00a0Ah mais j\u2019assume \u00e0 mort\u00a0\u00bb, a r\u00e9torqu\u00e9 Kad Merad.<\/p>\n<p class=\"asset asset-text\">\u00ab\u00a0Quand on fait du cin\u00e9ma, c\u2019est comme quand on fait de la musique, quand on fait des albums, on prend des risques\u00a0\u00bb, a-t-il d\u00e9clar\u00e9\u00a0; rapporte toujours T\u00e9l\u00e9 Magazine. \u00ab\u00a0Il faut prendre des risques, a poursuivi l\u2019acteur. Une carri\u00e8re c\u2019est long et je n\u2019en suis pas \u00e0 mon dernier bide, je vous le dis tout de suite.\u00a0\u00bb Un avertissement plein d\u2019humour et d\u2019autod\u00e9rision qui a provoqu\u00e9 les rires du public.<\/p>\n","protected":false},"excerpt":{"rendered":"Stephane Cardinale &#8211; Corbis \/ Corbis via Getty Images Kad Merad ironise sur l\u2019\u00e9chec cuisant de son dernier&hellip;\n","protected":false},"author":2,"featured_media":419506,"comment_status":"","ping_status":"","sticky":false,"template":"","format":"standard","meta":{"footnotes":""},"categories":[1359],"tags":[650,251,58,59,2081,1011,27,45535,973],"class_list":{"0":"post-419505","1":"post","2":"type-post","3":"status-publish","4":"format-standard","5":"has-post-thumbnail","7":"category-people","8":"tag-cinema","9":"tag-culture","10":"tag-divertissement","11":"tag-entertainment","12":"tag-film","13":"tag-fr","14":"tag-france","15":"tag-kad-merad","16":"tag-people"},"share_on_mastodon":{"url":"https:\/\/pubeurope.com\/@fr\/115271962837578492","error":""},"_links":{"self":[{"href":"https:\/\/www.europesays.com\/fr\/wp-json\/wp\/v2\/posts\/419505","targetHints":{"allow":["GET"]}}],"collection":[{"href":"https:\/\/www.europesays.com\/fr\/wp-json\/wp\/v2\/posts"}],"about":[{"href":"https:\/\/www.europesays.com\/fr\/wp-json\/wp\/v2\/types\/post"}],"author":[{"embeddable":true,"href":"https:\/\/www.europesays.com\/fr\/wp-json\/wp\/v2\/users\/2"}],"replies":[{"embeddable":true,"href":"https:\/\/www.europesays.com\/fr\/wp-json\/wp\/v2\/comments?post=419505"}],"version-history":[{"count":0,"href":"https:\/\/www.europesays.com\/fr\/wp-json\/wp\/v2\/posts\/419505\/revisions"}],"wp:featuredmedia":[{"embeddable":true,"href":"https:\/\/www.europesays.com\/fr\/wp-json\/wp\/v2\/media\/419506"}],"wp:attachment":[{"href":"https:\/\/www.europesays.com\/fr\/wp-json\/wp\/v2\/media?parent=419505"}],"wp:term":[{"taxonomy":"category","embeddable":true,"href":"https:\/\/www.europesays.com\/fr\/wp-json\/wp\/v2\/categories?post=419505"},{"taxonomy":"post_tag","embeddable":true,"href":"https:\/\/www.europesays.com\/fr\/wp-json\/wp\/v2\/tags?post=419505"}],"curies":[{"name":"wp","href":"https:\/\/api.w.org\/{rel}","templated":true}]}}