{"id":419507,"date":"2025-09-26T18:15:24","date_gmt":"2025-09-26T18:15:24","guid":{"rendered":"https:\/\/www.europesays.com\/fr\/419507\/"},"modified":"2025-09-26T18:15:24","modified_gmt":"2025-09-26T18:15:24","slug":"new-york-un-incroyable-loft-solaire-et-romanesque","status":"publish","type":"post","link":"https:\/\/www.europesays.com\/fr\/419507\/","title":{"rendered":"New York : un incroyable loft solaire et romanesque"},"content":{"rendered":"<p>\n                    Installation r\u00e9alis\u00e9e avec Kritika Manchanda pour l\u2019exposition \u201cTogether Over Time\u201d, \u00e0 la Emma Scully Gallery.                <\/p>\n<p>\n                    Dans le salon de Rafael Prieto \u00e0 New York, une statue de style antique c\u00f4toie les lampes sculpturales \u201cAkari\u201d d\u2019Isamu Noguchi et une suspension imagin\u00e9e par le ma\u00eetre des lieux et Loup Sarion pour Marrow. Table DWR (Design Within Reach). Peinture de Pedro Friedeberg.                <\/p>\n<p class=\"has-drop-cap\">Sur le comptoir de Russ &amp; Daughters, traiteur bien connu du Lower East Side, d\u2019\u00e9l\u00e9gantes tablettes de chocolat Casa Bosques aux f\u00e8ves de cacao du Chiapas attendent les fins gourmets. C\u2019est \u00e0 quelques enjamb\u00e9es de l\u00e0, dans le loft de <strong>Rafael Prieto<\/strong>, fondateur et directeur artistique du studio de design Savvy, \u00e0 TriBeCa, qu\u2019elles ont \u00e9t\u00e9 con\u00e7ues. Un lieu o\u00f9 forme et fond se confondent au quotidien de fa\u00e7on organique. L\u2019id\u00e9e d\u2019associer vie professionnelle et vie priv\u00e9e s\u2019est manifest\u00e9e \u00e0 l\u2019automne 2020, lorsque le Mexicain a fait son retour \u00e0 <a href=\"https:\/\/www.milkdecoration.com\/tag\/new-york\/\" target=\"_blank\" rel=\"noreferrer noopener\">New York<\/a> apr\u00e8s une longue absence forc\u00e9e. \u201cLorsque j\u2019ai emm\u00e9nag\u00e9 ici, beaucoup de gens avaient d\u00e9sert\u00e9 le quartier. Peu \u00e0 peu, je l\u2019ai apprivois\u00e9, ainsi que ses habitants qui, souvent, vivent et travaillent \u00e0 la m\u00eame adresse. De nombreuses galeries ont ouvert leurs portes dans les environs, ces deux derni\u00e8res ann\u00e9es. J\u2019aime m\u2019y \u00e9vader pour r\u00e9fl\u00e9chir ou, au contraire, me vider la t\u00eate et me laisser surprendre par des d\u00e9couvertes\u201d, explique Rafael.<\/p>\n<p><img fetchpriority=\"high\" decoding=\"async\" width=\"1920\" height=\"1440\" src=\"https:\/\/www.europesays.com\/fr\/wp-content\/uploads\/2025\/09\/v2-dsf1502.jpg\" alt=\"\" class=\"wp-image-51674\"  \/><br \/>Dans le salon, table basse dessin\u00e9e par Rafael Prieto, canap\u00e9 des ann\u00e9es 1970, chaises de Gerrit Rietveld, si\u00e8ge en bois et tissu ancien con\u00e7u avec Valerie Nam\u00e9 Bola\u00f1o, fondatrice de Spoli\u0101, et statue d\u2019inspiration antique. Lampes sculpturales en lin et acier cr\u00e9\u00e9es par Rafael et son compagnon Loup Sarion sous le label Marrow.<\/p>\n<p>Mis \u00e0 part quelques menus travaux dans la cuisine pour pr\u00e9parer le chocolat de son label confidentiel <strong>Casa Bosques<\/strong>, il a conserv\u00e9 les lieux, qu\u2019il loue, en l\u2019\u00e9tat. Le <a href=\"https:\/\/www.milkdecoration.com\/tag\/loft\/\" target=\"_blank\" rel=\"noreferrer noopener\">loft<\/a>, cern\u00e9 de grandes fen\u00eatres et rythm\u00e9 de colonnes en fonte, a le charme des b\u00e2timents industriels new-yorkais du XIXe si\u00e8cle. Ses hauts plafonds et ses volumes g\u00e9n\u00e9reux invitent \u00e0 contempler les objets de collection et cr\u00e9ations du designer comme les \u0153uvres de sa premi\u00e8re exposition solo \u201cTogether Over Time\u201d, \u00e0 la Emma Scully Gallery, le printemps dernier. Une juxtaposition po\u00e9tique de meubles, de sculptures et de luminaires, dont le mod\u00e8le en lin et acier \u201cMarrow\u201d, imagin\u00e9 avec son compagnon, l\u2019artiste Loup Sarion. On retrouve d\u2019ailleurs cette lampe sculpturale, aux lignes inspir\u00e9es d\u2019os sauv\u00e9s de d\u00eeners, un peu partout dans le loft, d\u00e9clin\u00e9e dans dif\u00e9rentes versions.<\/p>\n<p>\n                    Dans le coin salon, sculpture en forme de nez de Loup Sarion.                <\/p>\n<p>\n                    Une table en pierre de jardin fait \u00e9cho aux colonnes en fonte du loft et \u00e0 une moulure du b\u00e2timent&#13;<br \/>\nqui l\u2019abrite.                <\/p>\n<p>Dans cet int\u00e9rieur d\u2019avant-garde, o\u00f9 des ic\u00f4nes du design (sign\u00e9es Gerrit Rietveld, Ettore Sottsass, <a href=\"https:\/\/www.milkdecoration.com\/entre-design-et-sculpture-loeuvre-poetique-disamu-noguchi-exposee-au-lam\/\" target=\"_blank\" rel=\"noreferrer noopener\">Isamu Noguchi<\/a>\u2026) c\u00f4toient des sculptures antiques ou surr\u00e9alistes, rien n\u2019est pr\u00e9m\u00e9dit\u00e9. \u201cIl refl\u00e8te mon \u00e9volution au fil de mes exp\u00e9riences et de mes voyages. Le dialogue entre diff\u00e9rents styles et \u00e9poques est d\u00fb au hasard de la vie\u201d, rapporte l\u2019esth\u00e8te \u00e0 l\u2019origine de plusieurs d\u00e9cors \u00e0 New York et \u00e0 <a href=\"https:\/\/www.milkdecoration.com\/tag\/mexique\/\" target=\"_blank\" rel=\"noreferrer noopener\">Mexico<\/a>. \u201cSi je n\u2019ai jamais cherch\u00e9 activement une pi\u00e8ce de design, la laissant plut\u00f4t venir \u00e0 moi, il en va un peu autrement pour l\u2019art. Je visite constamment des galeries, des mus\u00e9es et consulte beaucoup d\u2019ouvrages sp\u00e9cifiques. Je ne peux donc m\u2019emp\u00eacher de partir en qu\u00eate d\u2019\u0153uvres qui ont suscit\u00e9 chez moi des \u00e9motions\u201d, pr\u00e9cise-t-il.<\/p>\n<p>\n                    Des pierres ont \u00e9t\u00e9 dispos\u00e9es un peu partout dans le loft comme&#13;<br \/>\ndes sculptures. L\u2019une d\u2019elles sert&#13;<br \/>\nde table de nuit.                <\/p>\n<p>\n                    Coin r\u00e9serv\u00e9 au Studio Savvy avec, au mur, des emballages de tablettes de chocolat Casa Bosques.                <\/p>\n<p>Le coin salon, pr\u00e8s du sol, fait \u00e9cho au style de vie japonais traditionnel qui a conquis Rafael lors d\u2019un s\u00e9jour au pays du Soleil-Levant, il y a huit ans. \u201cLe <a href=\"https:\/\/www.milkdecoration.com\/tag\/japon\/\" target=\"_blank\" rel=\"noreferrer noopener\">Japon<\/a> compte parmi mes principales sources d\u2019inspiration. On y rencontre tant de beaut\u00e9 et d\u2019humilit\u00e9\u201d, observe-t-il. \u201cPrendre place pr\u00e8s du sol m\u2019aide aussi \u00e0 garder le contact avec la r\u00e9alit\u00e9, car j\u2019ai une f\u00e2cheuse tendance \u00e0 avoir la t\u00eate en l\u2019air\u201d, compl\u00e8te-t-il. Le designer aime y recevoir ses amis de fa\u00e7on informelle pour des repas festifs ou des \u00e9changes cr\u00e9atifs. Ici, les gens et les id\u00e9es vont et viennent librement.<\/p>\n","protected":false},"excerpt":{"rendered":"Installation r\u00e9alis\u00e9e avec Kritika Manchanda pour l\u2019exposition \u201cTogether Over Time\u201d, \u00e0 la Emma Scully Gallery. Dans le salon&hellip;\n","protected":false},"author":2,"featured_media":419508,"comment_status":"","ping_status":"","sticky":false,"template":"","format":"standard","meta":{"footnotes":""},"categories":[1358],"tags":[1350,1348,1384,1385,4397,1386,58,59,1011,27,16978,34615,415,18865],"class_list":{"0":"post-419507","1":"post","2":"type-post","3":"status-publish","4":"format-standard","5":"has-post-thumbnail","7":"category-arts-et-design","8":"tag-architecture","9":"tag-arts","10":"tag-arts-and-design","11":"tag-arts-et-design","12":"tag-decoration","13":"tag-design","14":"tag-divertissement","15":"tag-entertainment","16":"tag-fr","17":"tag-france","18":"tag-interieur","19":"tag-loft","20":"tag-new-york","21":"tag-tribu"},"share_on_mastodon":{"url":"https:\/\/pubeurope.com\/@fr\/115271966688877252","error":""},"_links":{"self":[{"href":"https:\/\/www.europesays.com\/fr\/wp-json\/wp\/v2\/posts\/419507","targetHints":{"allow":["GET"]}}],"collection":[{"href":"https:\/\/www.europesays.com\/fr\/wp-json\/wp\/v2\/posts"}],"about":[{"href":"https:\/\/www.europesays.com\/fr\/wp-json\/wp\/v2\/types\/post"}],"author":[{"embeddable":true,"href":"https:\/\/www.europesays.com\/fr\/wp-json\/wp\/v2\/users\/2"}],"replies":[{"embeddable":true,"href":"https:\/\/www.europesays.com\/fr\/wp-json\/wp\/v2\/comments?post=419507"}],"version-history":[{"count":0,"href":"https:\/\/www.europesays.com\/fr\/wp-json\/wp\/v2\/posts\/419507\/revisions"}],"wp:featuredmedia":[{"embeddable":true,"href":"https:\/\/www.europesays.com\/fr\/wp-json\/wp\/v2\/media\/419508"}],"wp:attachment":[{"href":"https:\/\/www.europesays.com\/fr\/wp-json\/wp\/v2\/media?parent=419507"}],"wp:term":[{"taxonomy":"category","embeddable":true,"href":"https:\/\/www.europesays.com\/fr\/wp-json\/wp\/v2\/categories?post=419507"},{"taxonomy":"post_tag","embeddable":true,"href":"https:\/\/www.europesays.com\/fr\/wp-json\/wp\/v2\/tags?post=419507"}],"curies":[{"name":"wp","href":"https:\/\/api.w.org\/{rel}","templated":true}]}}