{"id":419509,"date":"2025-09-26T18:16:22","date_gmt":"2025-09-26T18:16:22","guid":{"rendered":"https:\/\/www.europesays.com\/fr\/419509\/"},"modified":"2025-09-26T18:16:22","modified_gmt":"2025-09-26T18:16:22","slug":"20-000-ouvrages-a-des-prix-derisoires","status":"publish","type":"post","link":"https:\/\/www.europesays.com\/fr\/419509\/","title":{"rendered":"20\u00a0000 ouvrages \u00ab\u00a0\u00e0 des prix d\u00e9risoires\u00a0\u00bb"},"content":{"rendered":"<p>Romans, livres de poche, livres policiers, pour enfants, en langues \u00e9trang\u00e8res, biographies, mais aussi sp\u00e9cialis\u00e9s en histoire, sciences, politique, \u00e9conomie, sant\u00e9, arts\u2026 La liste de tous les livres qui seront vendus \u00e0 la Foire aux Livres de Sainte-Foy-l\u00e8s-Lyon, ce dimanche 5\u00a0octobre, est tr\u00e8s longue. \u00ab\u00a0Pr\u00e8s de 20\u00a0000 ouvrages seront propos\u00e9s \u00e0 des prix d\u00e9risoires\u00a0! Ils seront regroup\u00e9s et pr\u00e9sent\u00e9s par th\u00e8mes\u00a0\u00bb, pr\u00e9cise&#8230;<\/p>\n","protected":false},"excerpt":{"rendered":"Romans, livres de poche, livres policiers, pour enfants, en langues \u00e9trang\u00e8res, biographies, mais aussi sp\u00e9cialis\u00e9s en histoire, sciences,&hellip;\n","protected":false},"author":2,"featured_media":419510,"comment_status":"","ping_status":"","sticky":false,"template":"","format":"standard","meta":{"footnotes":""},"categories":[1357],"tags":[1379,1687,58,3154,59,1685,1011,27,1380,15673,15674],"class_list":{"0":"post-419509","1":"post","2":"type-post","3":"status-publish","4":"format-standard","5":"has-post-thumbnail","7":"category-livres","8":"tag-books","9":"tag-culture-loisirs","10":"tag-divertissement","11":"tag-edition-sud-lyonnais","12":"tag-entertainment","13":"tag-foire-et-salon","14":"tag-fr","15":"tag-france","16":"tag-livres","17":"tag-sainte-foy-les-lyon","18":"tag-sainte-foy-les-lyon-bassin"},"share_on_mastodon":{"url":"https:\/\/pubeurope.com\/@fr\/115271970865432126","error":""},"_links":{"self":[{"href":"https:\/\/www.europesays.com\/fr\/wp-json\/wp\/v2\/posts\/419509","targetHints":{"allow":["GET"]}}],"collection":[{"href":"https:\/\/www.europesays.com\/fr\/wp-json\/wp\/v2\/posts"}],"about":[{"href":"https:\/\/www.europesays.com\/fr\/wp-json\/wp\/v2\/types\/post"}],"author":[{"embeddable":true,"href":"https:\/\/www.europesays.com\/fr\/wp-json\/wp\/v2\/users\/2"}],"replies":[{"embeddable":true,"href":"https:\/\/www.europesays.com\/fr\/wp-json\/wp\/v2\/comments?post=419509"}],"version-history":[{"count":0,"href":"https:\/\/www.europesays.com\/fr\/wp-json\/wp\/v2\/posts\/419509\/revisions"}],"wp:featuredmedia":[{"embeddable":true,"href":"https:\/\/www.europesays.com\/fr\/wp-json\/wp\/v2\/media\/419510"}],"wp:attachment":[{"href":"https:\/\/www.europesays.com\/fr\/wp-json\/wp\/v2\/media?parent=419509"}],"wp:term":[{"taxonomy":"category","embeddable":true,"href":"https:\/\/www.europesays.com\/fr\/wp-json\/wp\/v2\/categories?post=419509"},{"taxonomy":"post_tag","embeddable":true,"href":"https:\/\/www.europesays.com\/fr\/wp-json\/wp\/v2\/tags?post=419509"}],"curies":[{"name":"wp","href":"https:\/\/api.w.org\/{rel}","templated":true}]}}