{"id":419517,"date":"2025-09-26T18:21:13","date_gmt":"2025-09-26T18:21:13","guid":{"rendered":"https:\/\/www.europesays.com\/fr\/419517\/"},"modified":"2025-09-26T18:21:13","modified_gmt":"2025-09-26T18:21:13","slug":"ce-que-lon-sait-du-virus-frankenstein-qui-echappe-au-systeme-immunitaire","status":"publish","type":"post","link":"https:\/\/www.europesays.com\/fr\/419517\/","title":{"rendered":"ce que l\u2019on sait du virus \u00abFrankenstein\u00bb, \u00abqui \u00e9chappe au syst\u00e8me immunitaire\u00bb"},"content":{"rendered":"<p>                             Par Jeanne Durieux<\/p>\n<p>                Le 26 septembre 2025 \u00e0 20h16<\/p>\n<p>                                    <img decoding=\"async\" src=\"https:\/\/www.europesays.com\/fr\/wp-content\/uploads\/2025\/09\/f09faa4ffaf2d84e5d536268eeb7d74be260213b99af652f3c4071b37af8f997.JPG\" alt=\"Covid-19: qu'est-ce que \u00abFrankenstein\u00bb, le nouveau variant du virus\u00a0?\" class=\"a11y-hidden\" fetchpriority=\"high\"\/><\/p>\n<p>Selon l\u2019organisme Sant\u00e9 publique France, les cas de suspicion de Covid ont augment\u00e9 de 37% chez les adultes la semaine du 15 au 21 septembre 2025.<\/p>\n<p class=\"fig-paragraph\">Retour de l\u2019automne, de la pluie&#8230; Et du Covid\u00a0?\u00a0<a href=\"https:\/\/www.santepubliquefrance.fr\/surveillance-syndromique-sursaud-R\/documents\/bulletin-national\/2025\/bulletin-national-d-information-oscour-du-16-septembre-2025\" target=\"_blank\" rel=\"sponsored noopener\" data-gtm-custom-categorie=\"navigation\" data-gtm-custom-action=\"crossclick\" data-gtm-custom-label=\"Contextuel\" data-gtm-event=\"customEventSPE\">Sant\u00e9 Publique France<\/a>\u00a0fait \u00e9tat d\u2019une hausse de 37% des cas d\u00e9clar\u00e9s chez les adultes lors de la semaine du 15 au 21 septembre (soit 375 passages et hospitalisations en plus aux urgences), apr\u00e8s une hausse de 29% la semaine pr\u00e9c\u00e9dente.<\/p>\n<p class=\"fig-paragraph\">En cause, un nouveau variant\u00a0: le XFG, qui \u00ab\u00e9chappe au syst\u00e8me immunitaire\u00bb, pr\u00e9cise SPF. Il est \u00e9galement surnomm\u00e9 \u00abFrankenstein\u00bb pour son hybridation, puisqu\u2019il est le r\u00e9sultat du croisement de plusieurs souches de virus. Il est suivi\u00a0<a href=\"https:\/\/www.who.int\/docs\/default-source\/coronaviruse\/25062025_xfg_ire.pdf?utm_source=chatgpt.com\" target=\"_blank\" rel=\"sponsored noopener\" data-gtm-custom-categorie=\"navigation\" data-gtm-custom-action=\"crossclick\" data-gtm-custom-label=\"Contextuel\" data-gtm-event=\"customEventSPE\">de pr\u00e8s par l\u2019OMS<\/a>\u00a0&#8211; m\u00eame s\u2019il n\u2019est pas, \u00e0 ce stade, consid\u00e9r\u00e9 comme pr\u00e9sentant un risque \u00e9lev\u00e9 pour la sant\u00e9 publique, selon les organismes scientifiques.<\/p>\n<p>                                    <a class=\"fig-a11y-skip a11y-hidden\" href=\"#fig-a11y-skip-main-inarticle\"><br \/>\n        Passer la publicit\u00e9<br \/>\n    <\/a><\/p>\n<p>Circulation dans plusieurs continents<\/p>\n<p class=\"fig-paragraph\">Concr\u00e8tement, XFG est le produit d\u2019une recombinaison entre sous-lign\u00e9es ant\u00e9rieures d\u2019Omicron, d\u00e9couverte \u00e0 partir d\u2019\u00e9chantillons analys\u00e9s depuis janvier 2025. Des laboratoires de surveillance g\u00e9nomique, dont l\u2019Oswaldo Cruz Institute (Fiocruz) au Br\u00e9sil, ont confirm\u00e9 la circulation du variant dans plusieurs r\u00e9gions et document\u00e9 une proportion importante d\u2019\u00e9chantillons XFG dans leurs s\u00e9ries locales. Aux \u00c9tats-Unis, le variant XFG repr\u00e9sentait 14% des \u00e9chantillons pr\u00e9lev\u00e9s, selon la derni\u00e8re mise \u00e0 jour des\u00a0<a href=\"https:\/\/www.cdc.gov\/index.html\" target=\"_blank\" rel=\"sponsored noopener\" data-gtm-custom-categorie=\"navigation\" data-gtm-custom-action=\"crossclick\" data-gtm-custom-label=\"Contextuel\" data-gtm-event=\"customEventSPE\">Centers for Disease Control and Prevention<\/a>\u00a0(CDC), qui porte sur les donn\u00e9es recueillies jusqu\u2019au 21 juin. Les sympt\u00f4mes restent semblables \u00e0 ceux du Covid\u00a0: gorge s\u00e8che et irrit\u00e9e, toux, fi\u00e8vre&#8230;<\/p>\n<p class=\"fig-paragraph\">En France, les syst\u00e8mes de surveillance signalent une reprise mod\u00e9r\u00e9e de l\u2019activit\u00e9 Covid \u00e0 la rentr\u00e9e\u00a0: le r\u00e9seau Sentinelles a not\u00e9 une augmentation du taux d\u2019incidence des consultations pour infection respiratoire aigu\u00eb li\u00e9e au Covid-19 cette derni\u00e8re semaine. Mais cette hausse s\u2019inscrit dans le contexte d\u2019une circulation saisonni\u00e8re des virus respiratoires.<\/p>\n<p class=\"fig-paragraph\">Il n\u2019est donc pas n\u00e9cessaire de tirer la sonnette d\u2019alarme\u00a0: les taux de Covid restent \u00e0 des niveaux bien inf\u00e9rieurs \u00e0 ceux de la pand\u00e9mie. Le Centre hospitalier Universitaire de Lille indique par exemple<a href=\"https:\/\/france3-regions.franceinfo.fr\/hauts-de-france\/nord-0\/lille\/covid-19-le-retour-recrudescence-et-variant-frankenstein-faut-il-craindre-une-nouvelle-vague-a-l-automne-3222599.html\" target=\"_blank\" rel=\"sponsored noopener\" data-gtm-custom-categorie=\"navigation\" data-gtm-custom-action=\"crossclick\" data-gtm-custom-label=\"Contextuel\" data-gtm-event=\"customEventSPE\">\u00a0aupr\u00e8s de France 3\u00a0<\/a>\u00ab[qu\u2019]aucune perturbation n\u2019est \u00e0 signaler dans l\u2019organisation de nos services actuellement\u00bb. Le CHU assure aussi \u00abappliquer les protocoles de risque infectieux et les gestes barri\u00e8res, si n\u00e9cessaire, pour tous les patients qui pr\u00e9sentent une maladie contagieuse, quelle qu\u2019elle soit\u00bb.<\/p>\n<p class=\"fig-paragraph\">Les recommandations des organismes restent en cons\u00e9quence inchang\u00e9es\u00a0: maintenir la surveillance, encourager la vaccination et les rappels pour les personnes \u00e0 risque, et promouvoir les mesures de pr\u00e9vention classiques (isolement des personnes symptomatiques, hygi\u00e8ne, a\u00e9ration) pour limiter la transmission et prot\u00e9ger les populations vuln\u00e9rables. L\u2019OMS consid\u00e8re que les vaccins approuv\u00e9s devraient rester efficaces contre les formes s\u00e9v\u00e8res. Mais l\u2019organisme, comme d\u2019autres centres nationaux, rappelle que l\u2019\u00e9volution des variants peut rapidement faire \u00e9voluer la situation, d\u2019o\u00f9 l\u2019importance d\u2019un suivi \u00e9troit des donn\u00e9es de s\u00e9quen\u00e7age et des indicateurs cliniques.<strong>\u00a0<\/strong><\/p>\n<p class=\"fig-paragraph\">En France,\u00a0<a href=\"https:\/\/www.cnews.fr\/vaccination\" target=\"_blank\" rel=\"sponsored noopener\" data-gtm-custom-categorie=\"navigation\" data-gtm-custom-action=\"crossclick\" data-gtm-custom-label=\"Contextuel\" data-gtm-event=\"customEventSPE\">une campagne de vaccination<\/a>\u00a0contre la grippe et le Covid-19 doit se d\u00e9rouler entre le 14 octobre et le 31 janvier 2026. Les premi\u00e8res commandes de vaccins Covid-19 sont ouvertes depuis ce lundi 22 septembre sur le portail de Sant\u00e9 publique France. Les personnes \u00e2g\u00e9es, immunod\u00e9prim\u00e9es ou enceintes sont invit\u00e9es \u00e0 recevoir un rappel.<\/p>\n","protected":false},"excerpt":{"rendered":"Par Jeanne Durieux Le 26 septembre 2025 \u00e0 20h16 Selon l\u2019organisme Sant\u00e9 publique France, les cas de suspicion&hellip;\n","protected":false},"author":2,"featured_media":419518,"comment_status":"","ping_status":"","sticky":false,"template":"","format":"standard","meta":{"footnotes":""},"categories":[10],"tags":[237,101,232,231,4400,234,228,1011,27,72,239,230,238,226,224,225,233,229,236,235,71,227,5336],"class_list":{"0":"post-419517","1":"post","2":"type-post","3":"status-publish","4":"format-standard","5":"has-post-thumbnail","7":"category-sante","8":"tag-actualite-sur-les-maladies","9":"tag-cancer","10":"tag-cardiologie","11":"tag-cerveau","12":"tag-covid","13":"tag-diabete","14":"tag-diagnostic","15":"tag-fr","16":"tag-france","17":"tag-health","18":"tag-info-sur-les-maladies","19":"tag-infographie","20":"tag-information-sur-les-maladies","21":"tag-maladie","22":"tag-medecine","23":"tag-medicament","24":"tag-obesite","25":"tag-pathologie","26":"tag-pediatrie","27":"tag-psychiatrie","28":"tag-sante","29":"tag-traitement","30":"tag-virus"},"share_on_mastodon":{"url":"https:\/\/pubeurope.com\/@fr\/115271990488593851","error":""},"_links":{"self":[{"href":"https:\/\/www.europesays.com\/fr\/wp-json\/wp\/v2\/posts\/419517","targetHints":{"allow":["GET"]}}],"collection":[{"href":"https:\/\/www.europesays.com\/fr\/wp-json\/wp\/v2\/posts"}],"about":[{"href":"https:\/\/www.europesays.com\/fr\/wp-json\/wp\/v2\/types\/post"}],"author":[{"embeddable":true,"href":"https:\/\/www.europesays.com\/fr\/wp-json\/wp\/v2\/users\/2"}],"replies":[{"embeddable":true,"href":"https:\/\/www.europesays.com\/fr\/wp-json\/wp\/v2\/comments?post=419517"}],"version-history":[{"count":0,"href":"https:\/\/www.europesays.com\/fr\/wp-json\/wp\/v2\/posts\/419517\/revisions"}],"wp:featuredmedia":[{"embeddable":true,"href":"https:\/\/www.europesays.com\/fr\/wp-json\/wp\/v2\/media\/419518"}],"wp:attachment":[{"href":"https:\/\/www.europesays.com\/fr\/wp-json\/wp\/v2\/media?parent=419517"}],"wp:term":[{"taxonomy":"category","embeddable":true,"href":"https:\/\/www.europesays.com\/fr\/wp-json\/wp\/v2\/categories?post=419517"},{"taxonomy":"post_tag","embeddable":true,"href":"https:\/\/www.europesays.com\/fr\/wp-json\/wp\/v2\/tags?post=419517"}],"curies":[{"name":"wp","href":"https:\/\/api.w.org\/{rel}","templated":true}]}}