{"id":41952,"date":"2025-04-21T16:54:10","date_gmt":"2025-04-21T16:54:10","guid":{"rendered":"https:\/\/www.europesays.com\/fr\/41952\/"},"modified":"2025-04-21T16:54:10","modified_gmt":"2025-04-21T16:54:10","slug":"cette-friperie-fait-sa-grande-braderie-et-casse-les-prix","status":"publish","type":"post","link":"https:\/\/www.europesays.com\/fr\/41952\/","title":{"rendered":"cette friperie fait sa grande braderie et casse les prix"},"content":{"rendered":"<p>            Par<br \/>\n        <strong><br \/>\n            <a href=\"https:\/\/actu.fr\/auteur\/margot-nicodeme\" title=\"Consulter tous les articles de Margot Nicod\u00e8me\" target=\"_blank\" rel=\"noopener\">Margot Nicod\u00e8me<\/a><br \/>\n        <\/strong><\/p>\n<p>        Publi\u00e9 le<\/p>\n<p>            21 avr. 2025 \u00e0 17h50        <\/p>\n<p>Voil\u00e0 le plan parfait pour <b>renouveler une partie de sa garde-robe<\/b> pour la saison printemps-\u00e9t\u00e9, ou m\u00eame la plus fra\u00eeche de fin d\u2019ann\u00e9e, \u00e0 moindres frais. <b>Une grande braderie<\/b> est organis\u00e9e<b> dans une friperie de <a href=\"https:\/\/actu.fr\/hauts-de-france\/lille_59350\" target=\"_blank\" rel=\"noopener\">Lille<\/a> <\/b>(Nord), o\u00f9 les prix sont logiquement d\u00e9j\u00e0 bien cass\u00e9s. Pendant quatre jours, il faudra aller fouiller les rayons de La Bouquinerie du Sart de Lille Cormontaigne, o\u00f9<b> les v\u00eatements seront vendus entre 2 et 5 \u20ac<\/b> !\u00a0<\/p>\n<p>La Bouquinerie du Sart \u00e0 Lille casse les prix de sa friperie pendant 4 jours<\/p>\n<p class=\" wall-content\">Pour les femmes comme pour les hommes, tous les articles seront \u00ab\u00a0\u00e0 prix d\u00e9gressif\u00a0\u00bb, et l\u2019\u00e9quipe l\u2019assure : \u00ab\u00a0il y en aura pour tous les go\u00fbts !\u00a0\u00bb, avec \u00ab\u00a0un r\u00e9assort en continu\u00a0\u00bb. Voici le programme.<\/p>\n<ul class=\" wall-content\">\n<li>Mercredi 23 avril : tout \u00e0 5 \u20ac<\/li>\n<li>Jeudi 24 avril : tout \u00e0 4 \u20ac<\/li>\n<li>Vendredi 25 avril : tout \u00e0 3 \u20ac<\/li>\n<li>Samedi 26 avril : tout \u00e0 2 \u20ac<\/li>\n<\/ul>\n<p class=\" wall-content\">Pour rappel, acheter \u00e0 La Bouquinerie du Sart, qui collecte, trie et revend les dons de livres et v\u00eatements, c\u2019est participer \u00e0 son action solidaire. En effet, la structure offre du travail aux personnes h\u00e9berg\u00e9es en foyer dans le cadre de contrats d\u2019insertion de 10 mois environ. De plus, ses \u00ab\u00a0magasins \u00e9coles\u00a0\u00bb les forment aux m\u00e9tiers de la vente et les accompagnent \u00ab\u00a0afin de rebondir vers un toit et un emploi durable\u00a0\u00bb.<\/p>\n<p>La Bouquinerie du Sart, 24, rue Henri-Loyer \u00e0 Lille (m\u00e9tro Cormontaigne).<\/p>\n<p>Vid\u00e9os : en ce moment sur Actu<\/p>\n<p class=\" wall-content\">Suivez toute l\u2019actualit\u00e9 de vos villes et m\u00e9dias favoris en vous inscrivant \u00e0 <a href=\"https:\/\/moncompte.actu.fr\" title=\"D\u00e9couvez Mon Actu\" rel=\"nofollow noopener\" data-trk=\"{&quot;cta&quot;:{&quot;action&quot;:&quot;https:\\\/\\\/moncompte.actu.fr&quot;,&quot;category&quot;:&quot;mon compte&quot;,&quot;from&quot;:&quot;article footer&quot;,&quot;name&quot;:&quot;Mon actu&quot;,&quot;type&quot;:&quot;cta&quot;}}\" target=\"_blank\">Mon Actu<\/a>.<\/p>\n<ul class=\"ac-article-tag wall-content\">\n<li><a href=\"https:\/\/actu.fr\/tag\/bon-plan-a-lille\" data-trk=\"{&quot;cta&quot;:{&quot;action&quot;:&quot;Bon plan \\u00e0 Lille&quot;,&quot;category&quot;:&quot;tag&quot;,&quot;from&quot;:&quot;article footer&quot;,&quot;name&quot;:&quot;Bon plan \\u00e0 Lille&quot;,&quot;type&quot;:&quot;cta&quot;}}\" target=\"_blank\" rel=\"noopener\">#Bon plan \u00e0 Lille<\/a><\/li>\n<li><a href=\"https:\/\/actu.fr\/tag\/pouvoir-d-achat\" data-trk=\"{&quot;cta&quot;:{&quot;action&quot;:&quot;Pouvoir d&#039;achat&quot;,&quot;category&quot;:&quot;tag&quot;,&quot;from&quot;:&quot;article footer&quot;,&quot;name&quot;:&quot;Pouvoir d&#039;achat&quot;,&quot;type&quot;:&quot;cta&quot;}}\" target=\"_blank\" rel=\"noopener\">#Pouvoir d&rsquo;achat<\/a><\/li>\n<\/ul>\n","protected":false},"excerpt":{"rendered":"Par Margot Nicod\u00e8me Publi\u00e9 le 21 avr. 2025 \u00e0 17h50 Voil\u00e0 le plan parfait pour renouveler une partie&hellip;\n","protected":false},"author":2,"featured_media":41953,"comment_status":"","ping_status":"","sticky":false,"template":"","format":"standard","meta":{"footnotes":""},"categories":[2815],"tags":[1111,11,6557,33,1777,674,1011,27,811,1307,12,2922,25],"class_list":{"0":"post-41952","1":"post","2":"type-post","3":"status-publish","4":"format-standard","5":"has-post-thumbnail","7":"category-lille","8":"tag-actu","9":"tag-actualites","10":"tag-bon-plan-a-lille","11":"tag-economie","12":"tag-eu","13":"tag-europe","14":"tag-fr","15":"tag-france","16":"tag-hauts-de-france","17":"tag-lille","18":"tag-news","19":"tag-pouvoir-dachat","20":"tag-republique-francaise"},"share_on_mastodon":{"url":"https:\/\/pubeurope.com\/@fr\/114377003495848166","error":""},"_links":{"self":[{"href":"https:\/\/www.europesays.com\/fr\/wp-json\/wp\/v2\/posts\/41952","targetHints":{"allow":["GET"]}}],"collection":[{"href":"https:\/\/www.europesays.com\/fr\/wp-json\/wp\/v2\/posts"}],"about":[{"href":"https:\/\/www.europesays.com\/fr\/wp-json\/wp\/v2\/types\/post"}],"author":[{"embeddable":true,"href":"https:\/\/www.europesays.com\/fr\/wp-json\/wp\/v2\/users\/2"}],"replies":[{"embeddable":true,"href":"https:\/\/www.europesays.com\/fr\/wp-json\/wp\/v2\/comments?post=41952"}],"version-history":[{"count":0,"href":"https:\/\/www.europesays.com\/fr\/wp-json\/wp\/v2\/posts\/41952\/revisions"}],"wp:featuredmedia":[{"embeddable":true,"href":"https:\/\/www.europesays.com\/fr\/wp-json\/wp\/v2\/media\/41953"}],"wp:attachment":[{"href":"https:\/\/www.europesays.com\/fr\/wp-json\/wp\/v2\/media?parent=41952"}],"wp:term":[{"taxonomy":"category","embeddable":true,"href":"https:\/\/www.europesays.com\/fr\/wp-json\/wp\/v2\/categories?post=41952"},{"taxonomy":"post_tag","embeddable":true,"href":"https:\/\/www.europesays.com\/fr\/wp-json\/wp\/v2\/tags?post=41952"}],"curies":[{"name":"wp","href":"https:\/\/api.w.org\/{rel}","templated":true}]}}