{"id":419528,"date":"2025-09-26T18:27:10","date_gmt":"2025-09-26T18:27:10","guid":{"rendered":"https:\/\/www.europesays.com\/fr\/419528\/"},"modified":"2025-09-26T18:27:10","modified_gmt":"2025-09-26T18:27:10","slug":"apres-les-annonces-du-premier-ministre-la-gauche-brandit-la-menace-de-la-censure","status":"publish","type":"post","link":"https:\/\/www.europesays.com\/fr\/419528\/","title":{"rendered":"apr\u00e8s les annonces du premier ministre, la gauche brandit la menace de la censure"},"content":{"rendered":"<p>Le premier ministre a \u00e9cart\u00e9 de premi\u00e8res pistes pour le budget comme le retour de l\u2019imp\u00f4t sur la fortune ou la taxe Zucman ce vendredi. Jean-Luc M\u00e9lenchon a imm\u00e9diatement appel\u00e9 la gauche \u00e0 voter la motion de censure LFI.<\/p>\n<p class=\"fig-paragraph\">La r\u00e9action n\u2019aura pas tard\u00e9. Quelques minutes apr\u00e8s\u00a0<a href=\"http:\/\/www.lefigaro.fr\/conjoncture\/sebastien-lecornu-propose-une-reduction-de-6-milliards-d-euros-du-train-de-vie-de-l-etat-20250926\" target=\"_blank\" data-fig-type=\"NewsFlash\" rel=\"noopener\" data-gtm-custom-categorie=\"navigation\" data-gtm-custom-action=\"crossclick\" data-gtm-custom-label=\"Contextuel\" data-gtm-event=\"customEventSPE\" data-fig-domain=\"LEFIGARO\">les annonces du premier ministre S\u00e9bastien Lecornu<\/a>, Jean-Luc M\u00e9lenchon a appel\u00e9 la gauche, et notamment les socialistes, \u00e0 voter la motion de censure que LFI entend d\u00e9poser \u00e0 la reprise de la session parlementaire, apr\u00e8s les annonces de S\u00e9bastien Lecornu, qui a notamment \u00e9cart\u00e9 la taxe Zucman ou un retour de l\u2019ISF. \u00abIl est temps pour la gauche de l\u2019h\u00e9micycle de rallier la censure insoumise\u00bb, a clam\u00e9 le leader de La France insoumise sur son compte X ce vendredi. \u00abLes nigauds sont servis\u00a0: Lecornu fait du Macron. Ni plus ni moins. Au moins c\u2019est franc\u00bb, a grinc\u00e9 l\u2019ancien candidat \u00e0 l\u2019\u00e9lection pr\u00e9sidentielle, en raillant la volont\u00e9 des socialistes d\u2019avoir voulu discuter avec le nouveau premier ministre.<\/p>\n<p class=\"fig-paragraph\">Dans la foul\u00e9e,\u00a0<a href=\"http:\/\/www.lefigaro.fr\/conjoncture\/marine-tondelier-demande-a-sebastien-lecornu-de-s-opposer-fortement-au-mercosur-20250921\" target=\"_blank\" data-fig-type=\"NewsFlash\" rel=\"noopener\" data-gtm-custom-categorie=\"navigation\" data-gtm-custom-action=\"crossclick\" data-gtm-custom-label=\"Contextuel\" data-gtm-event=\"customEventSPE\" data-fig-domain=\"LEFIGARO\">la patronne des Ecologistes Marine Tondelier<\/a>\u00a0a \u00e9galement brandi la menace d\u2019une censure: \u00abJe constate qu\u2019il pr\u00e9pare activement sa censure\u00bb, a-t-elle dit dans un message sur X, observant que S\u00e9bastien Lecornu disait \u00abNON \u00e0 toutes les mesures de gauche\u00bb et \u00abOUI \u00e0 toutes les mesures de droite\u00bb. \u00abCeux qui esp\u00e9raient une inflexion de S\u00e9bastien Lecornu par rapport \u00e0 ses pr\u00e9d\u00e9cesseurs doivent revenir \u00e0 la raison. La politique budg\u00e9taire sera la m\u00eame\u00bb, a pour sa part \u00e9crit sur X le pr\u00e9sident LFI de la commission des Finances de l\u2019Assembl\u00e9e nationale,\u00a0<a href=\"http:\/\/www.lefigaro.fr\/politique\/eric-coquerel-le-dernier-melenchoniste-historique-20250811\" target=\"_blank\" data-fig-type=\"Article\" rel=\"noopener\" data-gtm-custom-categorie=\"navigation\" data-gtm-custom-action=\"crossclick\" data-gtm-custom-label=\"Contextuel\" data-gtm-event=\"customEventSPE\" data-fig-domain=\"LEFIGARO\">Eric Coquerel<\/a>.<\/p>\n<p>                                    <a class=\"fig-a11y-skip a11y-hidden\" href=\"#fig-a11y-skip-main-inarticle\"><br \/>\n        Passer la publicit\u00e9<br \/>\n    <\/a><\/p>\n<p>\u00abJ\u2019ai l\u2019impression qu\u2019il cherche \u00e0 se faire censurer\u00bb<\/p>\n<p class=\"fig-paragraph\">Quelques voix socialistes ont \u00e9galement r\u00e9agi \u00e0 l\u2019entretien de S\u00e9bastien Lecornu au Parisien, publi\u00e9 vendredi. Le premier ministre y \u00e9carte\u00a0<a href=\"http:\/\/www.lefigaro.fr\/conjoncture\/une-alternative-a-la-taxe-zucman-pourquoi-les-holdings-familiales-sont-dans-le-viseur-de-bercy-20250926\" target=\"_blank\" data-fig-type=\"Article\" rel=\"noopener\" data-gtm-custom-categorie=\"navigation\" data-gtm-custom-action=\"crossclick\" data-gtm-custom-label=\"Contextuel\" data-gtm-event=\"customEventSPE\" data-fig-domain=\"LEFIGARO\">notamment la taxe Zucman<\/a>\u00a0sur les hauts patrimoines et le retour de l\u2019imp\u00f4t sur la fortune, remplac\u00e9 en 2018 par un imp\u00f4t sur la fortune immobili\u00e8re. Tout en affirmant que dans sa copie initiale du budget, \u00abcertains imp\u00f4ts augmenteront\u00bb et \u00abd\u2019autres diminueront\u00bb. Il a par ailleurs aussi \u00e9cart\u00e9 l\u2019hypoth\u00e8se d\u2019une suspension de la r\u00e9forme des retraites.<\/p>\n<p class=\"fig-paragraph\">Porte-parole des d\u00e9put\u00e9s PS, le d\u00e9put\u00e9 Arthur Delaporte a dit sur RTL \u00abs\u2019\u00e9touffe(r)\u00bb \u00e0 la lecture de cette interview et se demande si S\u00e9bastien Lecornu \u00abcherche \u00e0 se faire censurer\u00bb. \u00abLe premier ministre demeure myst\u00e9rieux sur le contenu de son budget, alors que le temps presse\u00bb, a pour sa part r\u00e9agi\u00a0<a href=\"http:\/\/www.lefigaro.fr\/politique\/en-melant-roch-hachana-et-la-reconnaissance-de-la-palestine-faure-a-cree-un-puissant-malaise-chez-les-juifs-et-au-dela-charge-guedj-20250916\" target=\"_blank\" data-fig-type=\"NewsFlash\" rel=\"noopener\" data-gtm-custom-categorie=\"navigation\" data-gtm-custom-action=\"crossclick\" data-gtm-custom-label=\"Contextuel\" data-gtm-event=\"customEventSPE\" data-fig-domain=\"LEFIGARO\">le d\u00e9put\u00e9 PS J\u00e9r\u00f4me Guedj<\/a>\u00a0dans un message transmis \u00e0 l\u2019AFP. \u00abPour qu\u2019il y ait d\u00e9bat parlementaire, il serait bien inspir\u00e9 d\u2019inclure dans ce budget initial les \u00e9l\u00e9ments qu\u2019il semble \u00e9carter d\u2019embl\u00e9e: taxation des hauts patrimoines, suspension de la r\u00e9forme des retraites, soutien au pouvoir d\u2019achat&#8230;\u00bb, a-t-il ajout\u00e9.<\/p>\n","protected":false},"excerpt":{"rendered":"Le premier ministre a \u00e9cart\u00e9 de premi\u00e8res pistes pour le budget comme le retour de l\u2019imp\u00f4t sur la&hellip;\n","protected":false},"author":2,"featured_media":419529,"comment_status":"","ping_status":"","sticky":false,"template":"","format":"standard","meta":{"footnotes":""},"categories":[4],"tags":[11,1011,27,3081,12,25,11067],"class_list":{"0":"post-419528","1":"post","2":"type-post","3":"status-publish","4":"format-standard","5":"has-post-thumbnail","7":"category-france","8":"tag-actualites","9":"tag-fr","10":"tag-france","11":"tag-jean-luc-melenchon","12":"tag-news","13":"tag-republique-francaise","14":"tag-sebastien-lecornu"},"share_on_mastodon":{"url":"https:\/\/pubeurope.com\/@fr\/115272013940987860","error":""},"_links":{"self":[{"href":"https:\/\/www.europesays.com\/fr\/wp-json\/wp\/v2\/posts\/419528","targetHints":{"allow":["GET"]}}],"collection":[{"href":"https:\/\/www.europesays.com\/fr\/wp-json\/wp\/v2\/posts"}],"about":[{"href":"https:\/\/www.europesays.com\/fr\/wp-json\/wp\/v2\/types\/post"}],"author":[{"embeddable":true,"href":"https:\/\/www.europesays.com\/fr\/wp-json\/wp\/v2\/users\/2"}],"replies":[{"embeddable":true,"href":"https:\/\/www.europesays.com\/fr\/wp-json\/wp\/v2\/comments?post=419528"}],"version-history":[{"count":0,"href":"https:\/\/www.europesays.com\/fr\/wp-json\/wp\/v2\/posts\/419528\/revisions"}],"wp:featuredmedia":[{"embeddable":true,"href":"https:\/\/www.europesays.com\/fr\/wp-json\/wp\/v2\/media\/419529"}],"wp:attachment":[{"href":"https:\/\/www.europesays.com\/fr\/wp-json\/wp\/v2\/media?parent=419528"}],"wp:term":[{"taxonomy":"category","embeddable":true,"href":"https:\/\/www.europesays.com\/fr\/wp-json\/wp\/v2\/categories?post=419528"},{"taxonomy":"post_tag","embeddable":true,"href":"https:\/\/www.europesays.com\/fr\/wp-json\/wp\/v2\/tags?post=419528"}],"curies":[{"name":"wp","href":"https:\/\/api.w.org\/{rel}","templated":true}]}}