{"id":419538,"date":"2025-09-26T18:33:21","date_gmt":"2025-09-26T18:33:21","guid":{"rendered":"https:\/\/www.europesays.com\/fr\/419538\/"},"modified":"2025-09-26T18:33:21","modified_gmt":"2025-09-26T18:33:21","slug":"quand-je-sors-je-vais-te-planter-levade-de-nancy-condamne-a-deux-ans-de-prison","status":"publish","type":"post","link":"https:\/\/www.europesays.com\/fr\/419538\/","title":{"rendered":"\u00ab\u00a0Quand je sors, je vais te planter\u00a0\u00bb\u00a0: l\u2019\u00e9vad\u00e9 de Nancy condamn\u00e9 \u00e0 deux ans de prison"},"content":{"rendered":"<p class=\"paragraph text_align_left lp-f-body-02\">Il a d\u00e9j\u00e0 pass\u00e9 la moiti\u00e9 de sa vie en prison. Seize ans d\u2019incarc\u00e9ration, qui lui tapent sur le syst\u00e8me et qui lui donnent une envie irr\u00e9pressible de prendre l\u2019air. David A. 32 ans, comparaissait ce vendredi devant le tribunal correctionnel de Metz (<a href=\"https:\/\/www.leparisien.fr\/moselle-57\/\" target=\"_blank\" rel=\"noreferrer nofollow noopener\">Moselle<\/a>) pour s\u2019\u00eatre \u00e9vad\u00e9 de l\u2019<a href=\"https:\/\/www.leparisien.fr\/faits-divers\/il-setait-enduit-de-gel-pour-passer-a-travers-les-barreaux-de-sa-cellule-fin-de-cavale-pour-un-detenu-evade-de-nancy-14-08-2025-KEGII3MS2JBTPPQSMCZYKBVRZE.php\" rel=\"nofollow noopener\" target=\"_blank\">unit\u00e9 hospitali\u00e8re s\u00e9curis\u00e9e interr\u00e9gionale<\/a> (UHSI) de Nancy (<a href=\"https:\/\/www.leparisien.fr\/meurthe-et-moselle-54\/\" target=\"_blank\" rel=\"noreferrer nofollow noopener\">Meurthe-et-Moselle<\/a>), le 11 juin dernier. Incarc\u00e9r\u00e9 \u00e0 Metz, il venait d\u2019\u00eatre admis au sein de cette unit\u00e9 hospitali\u00e8re s\u00e9curis\u00e9e interr\u00e9gionale, pour un poignet cass\u00e9. En vingt ans d\u2019existence, jamais cet h\u00f4pital prison, qui accueille les d\u00e9tenus de tout le Grand Est pour une prise en charge m\u00e9dicale, n\u2019avait enregistr\u00e9 d\u2019\u00e9vasion.<\/p>\n<p class=\"paragraph text_align_left lp-f-body-02\">\u00c0 l\u2019aide des barres m\u00e9talliques de son lit m\u00e9dicalis\u00e9, le fugitif est parvenu \u00e0 d\u00e9monter la fen\u00eatre de sa chambre cellule. Et pour parfaire sa glisse entre les barreaux qu\u2019il a r\u00e9ussi \u00e0 \u00e9carter, <a href=\"https:\/\/www.leparisien.fr\/faits-divers\/a-nancy-le-detenu-setait-enduit-de-gel-pour-se-glisser-entre-les-barreaux-25-09-2025-BI32EPSGC5BJRILCZEIQ5FH4HM.php\" target=\"_blank\" rel=\"noreferrer nofollow noopener\">ce trentenaire plut\u00f4t fr\u00eale s\u2019est enduit de gel<\/a>. \u00ab Oui je me suis \u00e9vad\u00e9, mais je suis tout de suite reparti dans ma famille, c\u2019est comme si je m\u2019\u00e9tais rendu, car je savais qu\u2019on allait forc\u00e9ment venir me chercher \u00e0 la maison. \u00bb<\/p>\n","protected":false},"excerpt":{"rendered":"Il a d\u00e9j\u00e0 pass\u00e9 la moiti\u00e9 de sa vie en prison. Seize ans d\u2019incarc\u00e9ration, qui lui tapent sur&hellip;\n","protected":false},"author":2,"featured_media":419539,"comment_status":"","ping_status":"","sticky":false,"template":"","format":"standard","meta":{"footnotes":""},"categories":[9635],"tags":[1111,11,459,1777,674,118,1011,27,775,1702,12,25],"class_list":{"0":"post-419538","1":"post","2":"type-post","3":"status-publish","4":"format-standard","5":"has-post-thumbnail","7":"category-nancy","8":"tag-actu","9":"tag-actualites","10":"tag-departements-horsidfo","11":"tag-eu","12":"tag-europe","13":"tag-faits-divers","14":"tag-fr","15":"tag-france","16":"tag-grand-est","17":"tag-nancy","18":"tag-news","19":"tag-republique-francaise"},"share_on_mastodon":{"url":"https:\/\/pubeurope.com\/@fr\/115272037324281265","error":""},"_links":{"self":[{"href":"https:\/\/www.europesays.com\/fr\/wp-json\/wp\/v2\/posts\/419538","targetHints":{"allow":["GET"]}}],"collection":[{"href":"https:\/\/www.europesays.com\/fr\/wp-json\/wp\/v2\/posts"}],"about":[{"href":"https:\/\/www.europesays.com\/fr\/wp-json\/wp\/v2\/types\/post"}],"author":[{"embeddable":true,"href":"https:\/\/www.europesays.com\/fr\/wp-json\/wp\/v2\/users\/2"}],"replies":[{"embeddable":true,"href":"https:\/\/www.europesays.com\/fr\/wp-json\/wp\/v2\/comments?post=419538"}],"version-history":[{"count":0,"href":"https:\/\/www.europesays.com\/fr\/wp-json\/wp\/v2\/posts\/419538\/revisions"}],"wp:featuredmedia":[{"embeddable":true,"href":"https:\/\/www.europesays.com\/fr\/wp-json\/wp\/v2\/media\/419539"}],"wp:attachment":[{"href":"https:\/\/www.europesays.com\/fr\/wp-json\/wp\/v2\/media?parent=419538"}],"wp:term":[{"taxonomy":"category","embeddable":true,"href":"https:\/\/www.europesays.com\/fr\/wp-json\/wp\/v2\/categories?post=419538"},{"taxonomy":"post_tag","embeddable":true,"href":"https:\/\/www.europesays.com\/fr\/wp-json\/wp\/v2\/tags?post=419538"}],"curies":[{"name":"wp","href":"https:\/\/api.w.org\/{rel}","templated":true}]}}