{"id":419540,"date":"2025-09-26T18:34:11","date_gmt":"2025-09-26T18:34:11","guid":{"rendered":"https:\/\/www.europesays.com\/fr\/419540\/"},"modified":"2025-09-26T18:34:11","modified_gmt":"2025-09-26T18:34:11","slug":"lewis-ludlam-un-soldat-de-lombre-pret-a-eclairer-avec-toulon","status":"publish","type":"post","link":"https:\/\/www.europesays.com\/fr\/419540\/","title":{"rendered":"Lewis Ludlam, un soldat de l\u2019ombre pr\u00eat \u00e0 \u00e9clairer avec Toulon"},"content":{"rendered":"<p class=\"fs-5 \">C\u2019est rarement le nom qui ressort en premier des rencontres du RCT. Pourtant, Pierre Mignoni h\u00e9site rarement \u00e0 le coucher sur les feuilles de match. Titulaire \u00e0 21 reprises sur ses 27 apparitions de la saison derni\u00e8re, Lewis Ludlam a entam\u00e9 l\u2019exercice dans la peau d\u2019un taulier du paquet d\u2019avants avec les p\u00e9pins physiques de Charles Ollivon et Esteban Abadie.<\/p>\n<p class=\"fs-5 \">Il faut dire qu\u2019en seulement une ann\u00e9e pass\u00e9e dans le Var, le troisi\u00e8me ligne anglais (29 ans, 25 s\u00e9lections) a d\u00e9j\u00e0 pris beaucoup d\u2019\u00e9paisseur au c\u0153ur du vestiaire. \u00ab M\u00eame s\u2019il n\u2019est pas capitaine et qu\u2019on ne le dit pas trop, c\u2019est vraiment un leader de l\u2019\u00e9quipe, pointe Sergio Parisse, entra\u00eeneur de la touche. Lewis travaille dans l\u2019ombre, mais c\u2019est quelqu\u2019un de tr\u00e8s appr\u00e9ci\u00e9. On a de la chance de l\u2019avoir. \u00bb<\/p>\n<p>                                                                                \u00ab Il nous am\u00e8ne \u00e9norm\u00e9ment d\u2019\u00e9nergie \u00bb<\/p>\n<p class=\"fs-5 \">L\u2019ancien capitaine de Northampton cultive en effet le paradoxe. Car c\u2019est bien loin des projecteurs qu\u2019il rayonne. Concasser, emb\u00eater, pourrir les rucks et plaquer \u00e0 tour de bras\u2026 Voil\u00e0 le \u00ab job \u00bb qui incombe en grande partie \u00e0 Ludlam au sein du huit de devant. Ses statistiques d\u00e9fensives, qui tournent souvent autour des quinze plaquages par match, l\u2019illustrent fort bien.<\/p>\n<p class=\"fs-5 \">\u00ab Il abat un travail \u00e9norme en d\u00e9fense et dans les rucks, reprend son coach. C\u2019est plus compliqu\u00e9 \u00e0 voir mais, parfois, les ballons adverses sont lents parce que Lewis est l\u00e0 et qu\u2019il ralentit la sortie. \u00c0 l\u2019arriv\u00e9e, on ne va pas dire \u201cSuper, Ludlam a ralenti le ballon de trois secondes\u201d, car la balle sort et que \u00e7a joue. Sauf qu\u2019on se rend compte que ces trois secondes nous permettent de bien nous replacer en d\u00e9fense et de faire une bonne mont\u00e9e. \u00bb<\/p>\n<p class=\"fs-5 \">C\u2019est bien connu. Il y a ceux qui brillent, puis ceux qui \u00e9clairent. Et, d\u00e9cid\u00e9ment, le natif d\u2019Ipswich semble pour l\u2019instant appartenir \u00e0 la seconde cat\u00e9gorie. Le centre Antoine Frisch lui en est reconnaissant : \u00ab Il nous am\u00e8ne \u00e9norm\u00e9ment d\u2019\u00e9nergie au quotidien. En match, je pense qu\u2019on a tous vu ses \u00e9normes qualit\u00e9s, que ce soit au plaquage, en porteur de balle, ou sur les doubles efforts apr\u00e8s les plaquages. Franchement, \u00e7a apporte beaucoup \u00e0 l\u2019\u00e9quipe. \u00bb<\/p>\n<p>                                                                                \u00ab Si le staff veut que je joue n\u00b0 9, je jouerai n\u00b0 9 \u00bb<\/p>\n<p class=\"fs-5 \">Mais \u00ab Ludz \u00bb le ferrailleur pourrait ne pas en rester l\u00e0. Cette saison, avec le d\u00e9part du tank Facundo Isa, Toulon a potentiellement perdu un peu de puissance dans ses rangs en troisi\u00e8me ligne. Ludlam, lui, dit s\u2019en tenir \u00ab au besoin de l\u2019\u00e9quipe et du staff \u00bb : \u00ab Si je dois plus porter la balle, c\u2019est OK. Si mon travail est de plaquer, je plaque. Je m\u2019en fous du boulot qu\u2019on me donne. Je fais tout pour gagner chaque match pour Toulon. C\u2019est le plus important. Si le staff veut que je joue n\u00b0 9, je jouerai n\u00b0 9 (sourire). [&#8230;] Je dois tout donner pour l\u2019\u00e9quipe, avec mon corps, mon \u00e9nergie. Si je fais \u00e7a, c\u2019est que j\u2019aurai fait du bon boulot. \u00bb L\u2019ancien n\u00b0 8 qu\u2019est Sergio Parisse sait que son joueur peut aussi apporter en attaque : \u00ab Lewis, comme Tuifua ou d\u2019autres troisi\u00e8mes lignes, a aussi la capacit\u00e9 de porter la balle. Il n\u2019a pas un gabarit \u00e9norme [1,90 m pour 112 kg], ce n\u2019est pas un monstre, mais quand m\u00eame. Il est dur au contact, travaille bien avec le ballon et est intelligent, car il arrive \u00e0 faire des diff\u00e9rences et \u00e0 jouer ses duels en un contre un. Dans les lancements de jeu, c\u2019est donc possible qu\u2019il se retrouve dans des situations o\u00f9 il pourra plus s\u2019exprimer. \u00bb Et mettre \u00e0 profit cette \u00e9nergie si contagieuse.<\/p>\n<p class=\"fs-5 \"><strong>\u00ab Fran\u00e7ais express \u00bb<\/strong><\/p>\n<p class=\"fs-5 \">Le flanker n\u2019en est pas \u00e0 une adaptation pr\u00e8s en bord de rade. Ici, l\u2019Anglais \u00ab [se] fou [t] des nationalit\u00e9s \u00bb et se dit avant tout \u00ab Toulonnais \u00bb. Sa ma\u00eetrise de la langue de Moli\u00e8re, d\u00e9j\u00e0 tr\u00e8s bien avanc\u00e9e gr\u00e2ce en partie \u00e0 l\u2019aide de sa s\u0153ur, professeure de fran\u00e7ais, fait partie des signes qui ne trompent pas. \u00ab Je pense que depuis qu\u2019il a mis les pieds ici, Lewis s\u2019est adapt\u00e9 tr\u00e8s vite en tant qu\u2019homme, estime Parisse. Il a vite commenc\u00e9 \u00e0 parler fran\u00e7ais, ce qui n\u2019est pas \u00e9vident pour tous les joueurs, notamment les Britanniques. Il y en a qui sont en France depuis cinq, six ou sept ans et qui disent \u00e0 peine trois mots d\u2019affil\u00e9e. Lui, franchement, a \u00e9t\u00e9 tr\u00e8s bon l\u00e0-dessus. \u00bb<\/p>\n<p class=\"fs-5 \">\u00ab Il est tr\u00e8s important que j\u2019apprenne, ajoute l\u2019int\u00e9ress\u00e9. C\u2019est mon \u00e9quipe et on est en France. Ce n\u2019est pas parfait, mais je suis beaucoup aid\u00e9. \u00bb Pour l\u2019instant, il le leur rend bien.<\/p>\n<p class=\"fs-5 \"><strong>Ollivon et Sinckler toujours plus proches d\u2019un retour<\/strong><\/p>\n<p class=\"fs-5 \">Si Toulon n\u2019a pas jou\u00e9 le week-end dernier face \u00e0 La Rochelle, l\u2019infirmerie, elle, continue d\u2019\u00e9voluer. Forfait depuis le d\u00e9but de la saison apr\u00e8s s\u2019\u00eatre fait enlever les broches de son avant-bras, Kyle Sincker a \u00ab eu le feu vert des m\u00e9decins pour reprendre \u00bb, dixit Sergio Parisse, entra\u00eeneur de la touche.<\/p>\n<p class=\"fs-5 \">Mateo Garcia, touch\u00e9 au genou, a lui aussi repris l\u2019entra\u00eenement \u00e0 100 %. Il est disponible.<\/p>\n<p class=\"fs-5 \">Tout comme Charles Ollivon, dont le retour se pr\u00e9cise de semaine en semaine, m\u00eame si \u00e7a ne sera pas pour ce d\u00e9placement \u00e0 Bayonne. \u00ab On est tr\u00e8s \u00e0 l\u2019\u00e9coute de Charles, raconte Sergio Parisse. Il s\u2019entra\u00eene bien. C\u2019est un athl\u00e8te, il est tr\u00e8s bien revenu. Mais, sur une blessure de huit ou neuf mois, tu n\u2019es pas \u00e0 une semaine pr\u00e8s ou deux de reprendre. Ce qui est s\u00fbr, c\u2019est qu\u2019il a tr\u00e8s envie. Il am\u00e8ne beaucoup d\u2019\u00e9nergie. Dans sa t\u00eate, je pense qu\u2019il est pr\u00eat depuis plusieurs week-ends (sourire). Il est vraiment tout, tout proche de rejouer \u00bb.<\/p>\n<p class=\"fs-5 \">C\u00f4t\u00e9 bless\u00e9s, toujours g\u00ean\u00e9 par son pied douloureux depuis le d\u00e9but de la saison, Matthias Halagahu s\u2019est, comme pr\u00e9vu, fait op\u00e9rer cette semaine. Son indisponibilit\u00e9 est estim\u00e9e de quatre \u00e0 six mois. Enfin, Gianmarco Lucchesi (genou, reprise course) et Gabin Villi\u00e8re (op\u00e9rations doigt et pubalgie) sont quant \u00e0 eux toujours forfaits. F. DA.<\/p>\n<p class=\"fs-5 \"><strong>Le groupe complet.<\/strong> Avants : Brennan, Gros ; Baubigny, Damond, Ivaldi ; Gigashvili, Narmania, Priso Mouangu\u00e9 ; Alainu\u2019uese, M\u00e9zou, S. Rebbadj, Ribbans ; Abadie, Coulon, Ludlam, Mercer, Ollivon, Quere-Karaba. Arri\u00e8res : Le Bail, Serin, White ; Garbisi, Herv\u00e9 ; Brex, Frisch, Nonu ; Dr\u00e9an, Fert\u00e9, Tuicuvu ; Domon, Jaminet.<\/p>\n","protected":false},"excerpt":{"rendered":"C\u2019est rarement le nom qui ressort en premier des rencontres du RCT. Pourtant, Pierre Mignoni h\u00e9site rarement \u00e0&hellip;\n","protected":false},"author":2,"featured_media":419541,"comment_status":"","ping_status":"","sticky":false,"template":"","format":"standard","meta":{"footnotes":""},"categories":[9619],"tags":[1111,11,1777,674,1011,27,12,882,3461,25,2310],"class_list":{"0":"post-419540","1":"post","2":"type-post","3":"status-publish","4":"format-standard","5":"has-post-thumbnail","7":"category-toulon","8":"tag-actu","9":"tag-actualites","10":"tag-eu","11":"tag-europe","12":"tag-fr","13":"tag-france","14":"tag-news","15":"tag-provence-alpes-cote-dazur","16":"tag-rct","17":"tag-republique-francaise","18":"tag-toulon"},"share_on_mastodon":{"url":"","error":""},"_links":{"self":[{"href":"https:\/\/www.europesays.com\/fr\/wp-json\/wp\/v2\/posts\/419540","targetHints":{"allow":["GET"]}}],"collection":[{"href":"https:\/\/www.europesays.com\/fr\/wp-json\/wp\/v2\/posts"}],"about":[{"href":"https:\/\/www.europesays.com\/fr\/wp-json\/wp\/v2\/types\/post"}],"author":[{"embeddable":true,"href":"https:\/\/www.europesays.com\/fr\/wp-json\/wp\/v2\/users\/2"}],"replies":[{"embeddable":true,"href":"https:\/\/www.europesays.com\/fr\/wp-json\/wp\/v2\/comments?post=419540"}],"version-history":[{"count":0,"href":"https:\/\/www.europesays.com\/fr\/wp-json\/wp\/v2\/posts\/419540\/revisions"}],"wp:featuredmedia":[{"embeddable":true,"href":"https:\/\/www.europesays.com\/fr\/wp-json\/wp\/v2\/media\/419541"}],"wp:attachment":[{"href":"https:\/\/www.europesays.com\/fr\/wp-json\/wp\/v2\/media?parent=419540"}],"wp:term":[{"taxonomy":"category","embeddable":true,"href":"https:\/\/www.europesays.com\/fr\/wp-json\/wp\/v2\/categories?post=419540"},{"taxonomy":"post_tag","embeddable":true,"href":"https:\/\/www.europesays.com\/fr\/wp-json\/wp\/v2\/tags?post=419540"}],"curies":[{"name":"wp","href":"https:\/\/api.w.org\/{rel}","templated":true}]}}