{"id":419544,"date":"2025-09-26T18:36:21","date_gmt":"2025-09-26T18:36:21","guid":{"rendered":"https:\/\/www.europesays.com\/fr\/419544\/"},"modified":"2025-09-26T18:36:21","modified_gmt":"2025-09-26T18:36:21","slug":"un-conflit-entre-lyceens-sur-les-reseaux-sociaux-degenere-en-agression-armee","status":"publish","type":"post","link":"https:\/\/www.europesays.com\/fr\/419544\/","title":{"rendered":"un conflit entre lyc\u00e9ens sur les r\u00e9seaux sociaux d\u00e9g\u00e9n\u00e8re en agression arm\u00e9e"},"content":{"rendered":"<p>            Par<br \/>\n        <strong><br \/>\n            <a href=\"https:\/\/actu.fr\/auteur\/lea-pippinato\" title=\"Consulter tous les articles de L\u00e9a Pippinato\" rel=\"nofollow noopener\" target=\"_blank\">L\u00e9a Pippinato<\/a><br \/>\n        <\/strong><\/p>\n<p>        Publi\u00e9 le<\/p>\n<p>            26 sept. 2025 \u00e0 18h25        <\/p>\n<p><strong>Le week-end du 20 et 21 septembre 2025<\/strong>, un banal \u00e9change d\u2019insultes entre adolescents sur les r\u00e9seaux sociaux a pris une tournure inqui\u00e9tante. Les provocations se sont multipli\u00e9es. Les menaces ont suivi. \u00ab\u00a0Tu as int\u00e9r\u00eat \u00e0 nous dire qui a dit \u00e7a, sinon on va s\u2019en prendre \u00e0 toi\u00a0\u00bb, a re\u00e7u l\u2019un des \u00e9l\u00e8ves du lyc\u00e9e Jules Ferry de <strong>Montpellier<\/strong> situ\u00e9\u00a0dans le quartier la Chamberte.<\/p>\n<p>    <a href=\"https:\/\/www.google.com\/maps\/embed?pb=!1m18!1m12!1m3!1d23114.090373704526!2d3.8338559999999995!3d43.6011008!2m3!1f0!2f0!3f0!3m2!1i1024!2i768!4f13.1!3m3!1m2!1s0x12b6ae6131c0d293%3A0x49f9775f32e21c60!2sLyc%C3%A9e%20Jules%20Ferry!5e0!3m2!1sfr!2sfr!4v1758902620946!5m2!1sfr!2sfr\" title=\"Ouvrie le lien\" rel=\"nofollow noopener\" target=\"_blank\">Cliquez ici pour visualiser le contenu<\/a><\/p>\n<p class=\" wall-content\"><strong>Ce lundi 22 septembre<\/strong>, la reprise des cours s\u2019est d\u00e9roul\u00e9e sans heurts. Mais d\u00e8s le lendemain, tout a bascul\u00e9. Vers 12h30, \u00e0 la sortie du lyc\u00e9e, deux camarades ont suivi le lyc\u00e9en menac\u00e9. Un troisi\u00e8me adolescent, \u00e9l\u00e8ve de Jules Guesde, les a rejoints. Ensemble, ils ont d\u00e9cid\u00e9 de confronter leur victime.<\/p>\n<p>Une arme sur le parking d\u2019un supermarch\u00e9<\/p>\n<p class=\" wall-content\">Le trio a contraint le jeune \u00e0 s\u2019isoler. Sur le parking du Auchan Celleneuve, l\u2019un d\u2019eux a brandi une arme de poing. \u00ab\u00a0On va te tirer une balle dans la t\u00eate\u00a0\u00bb, a-t-il lanc\u00e9. Le chargeur est tomb\u00e9 au sol, preuve tangible de la menace. Les agents de s\u00e9curit\u00e9 du supermarch\u00e9 sont intervenus avant que la police nationale n\u2019arrive. Le lyc\u00e9en agress\u00e9 a port\u00e9 plainte. D\u00e8s le mercredi 24 septembre, les enqu\u00eateurs ont interpell\u00e9 deux \u00e9l\u00e8ves de 16 et 17 ans \u00e0 leur arriv\u00e9e en classe. Le troisi\u00e8me jeune, identifi\u00e9 gr\u00e2ce aux cam\u00e9ras de vid\u00e9osurveillance, a \u00e9t\u00e9 reconnu comme le porteur de l\u2019arme. L\u2019arme elle-m\u00eame reste introuvable, seul le chargeur a \u00e9t\u00e9 retrouv\u00e9.<\/p>\n<p class=\" wall-content\">Un des trois adolescents a \u00e9t\u00e9 \u00e9cart\u00e9 de la proc\u00e9dure, expliquant qu\u2019il ignorait la pr\u00e9sence d\u2019une arme. Les deux autres sont poursuivis pour menaces de mort et violences aggrav\u00e9es en r\u00e9union, \u00e0 proximit\u00e9 d\u2019un \u00e9tablissement scolaire. Ils devront r\u00e9pondre de leurs actes devant le juge des enfants.<\/p>\n<p class=\" wall-content\">Personnalisez votre actualit\u00e9 en ajoutant vos villes et m\u00e9dias en favori avec <a href=\"https:\/\/moncompte.actu.fr\" title=\"D\u00e9couvez Mon Actu\" rel=\"nofollow noopener\" data-trk=\"{&quot;cta&quot;:{&quot;action&quot;:&quot;https:\\\/\\\/moncompte.actu.fr&quot;,&quot;category&quot;:&quot;mon compte&quot;,&quot;from&quot;:&quot;article footer&quot;,&quot;name&quot;:&quot;Mon actu&quot;,&quot;type&quot;:&quot;cta&quot;}}\" target=\"_blank\">Mon Actu<\/a>.<\/p>\n","protected":false},"excerpt":{"rendered":"Par L\u00e9a Pippinato Publi\u00e9 le 26 sept. 2025 \u00e0 18h25 Le week-end du 20 et 21 septembre 2025,&hellip;\n","protected":false},"author":2,"featured_media":419545,"comment_status":"","ping_status":"","sticky":false,"template":"","format":"standard","meta":{"footnotes":""},"categories":[9599],"tags":[1111,11,1777,674,118,1011,27,303,2208,12,2680,1072,25,938],"class_list":{"0":"post-419544","1":"post","2":"type-post","3":"status-publish","4":"format-standard","5":"has-post-thumbnail","7":"category-montpellier","8":"tag-actu","9":"tag-actualites","10":"tag-eu","11":"tag-europe","12":"tag-faits-divers","13":"tag-fr","14":"tag-france","15":"tag-justice","16":"tag-montpellier","17":"tag-news","18":"tag-occitanie","19":"tag-police","20":"tag-republique-francaise","21":"tag-reseaux-sociaux"},"share_on_mastodon":{"url":"https:\/\/pubeurope.com\/@fr\/115272049144741888","error":""},"_links":{"self":[{"href":"https:\/\/www.europesays.com\/fr\/wp-json\/wp\/v2\/posts\/419544","targetHints":{"allow":["GET"]}}],"collection":[{"href":"https:\/\/www.europesays.com\/fr\/wp-json\/wp\/v2\/posts"}],"about":[{"href":"https:\/\/www.europesays.com\/fr\/wp-json\/wp\/v2\/types\/post"}],"author":[{"embeddable":true,"href":"https:\/\/www.europesays.com\/fr\/wp-json\/wp\/v2\/users\/2"}],"replies":[{"embeddable":true,"href":"https:\/\/www.europesays.com\/fr\/wp-json\/wp\/v2\/comments?post=419544"}],"version-history":[{"count":0,"href":"https:\/\/www.europesays.com\/fr\/wp-json\/wp\/v2\/posts\/419544\/revisions"}],"wp:featuredmedia":[{"embeddable":true,"href":"https:\/\/www.europesays.com\/fr\/wp-json\/wp\/v2\/media\/419545"}],"wp:attachment":[{"href":"https:\/\/www.europesays.com\/fr\/wp-json\/wp\/v2\/media?parent=419544"}],"wp:term":[{"taxonomy":"category","embeddable":true,"href":"https:\/\/www.europesays.com\/fr\/wp-json\/wp\/v2\/categories?post=419544"},{"taxonomy":"post_tag","embeddable":true,"href":"https:\/\/www.europesays.com\/fr\/wp-json\/wp\/v2\/tags?post=419544"}],"curies":[{"name":"wp","href":"https:\/\/api.w.org\/{rel}","templated":true}]}}