{"id":419546,"date":"2025-09-26T18:38:10","date_gmt":"2025-09-26T18:38:10","guid":{"rendered":"https:\/\/www.europesays.com\/fr\/419546\/"},"modified":"2025-09-26T18:38:10","modified_gmt":"2025-09-26T18:38:10","slug":"des-adeptes-de-la-bonne-franquette","status":"publish","type":"post","link":"https:\/\/www.europesays.com\/fr\/419546\/","title":{"rendered":"des adeptes de la Bonne Franquette\u00a0?"},"content":{"rendered":"<p>            Par<br \/>\n        <strong><br \/>\n            <a href=\"https:\/\/actu.fr\/auteur\/metropoop\" title=\"Consulter tous les articles de R\u00e9daction M\u00e9tropolitain\" rel=\"nofollow noopener\" target=\"_blank\">R\u00e9daction M\u00e9tropolitain<\/a><br \/>\n        <\/strong><\/p>\n<p>        Publi\u00e9 le<\/p>\n<p>            26 sept. 2025 \u00e0 20h26        <\/p>\n<p>\u00c0 <strong>Lattes<\/strong>, le <strong>Mas du Cheval<\/strong> continue de rythmer les<strong> soir\u00e9es montpelli\u00e9raines<\/strong>. Avec ses c\u00e9l\u00e8bres<strong> Ap\u00e9ros du Mas<\/strong>, entre autres, il attire tous les amateurs de f\u00eate depuis 12 ans. En septembre, plusieurs \u00a0rendez-vous sont propos\u00e9s, dont le grand retour de \u00ab <strong>La Bonne Franquette<\/strong> \u00bb, dimanche 28 septembre 2025. Vamos a la fiesta !\u00a0<\/p>\n<p>D\u00e9tente, gourmandise et DJ<\/p>\n<p class=\" wall-content\">Ce dimanche 28 septembre 2025, apr\u00e8s-midi, le Mas du Cheval rouvrira donc les portes de son espace Chai pour une nouvelle \u00e9dition de \u00ab <strong>La Bonne Franquette<\/strong> \u00bb. Pens\u00e9 comme<strong> un apr\u00e8s-midi de d\u00e9tente et de gourmandise<\/strong>, l\u2019\u00e9v\u00e9nement associe convivialit\u00e9, ambiance musicale et d\u00e9couvertes culinaires. Une <strong>carte in\u00e9dite<\/strong> sera propos\u00e9e pour l\u2019occasion : tapas, planches g\u00e9n\u00e9reuses, plats vari\u00e9s, desserts gourmands et une s\u00e9lection de boissons capables de s\u00e9duire toutes les envies. Aux platines, <strong>DJ Jean Aragon<\/strong> plongera le public dans l\u2019\u00e9nergie des <strong>ann\u00e9es 80\/90<\/strong> pour un moment festif aux accents r\u00e9tro.<\/p>\n<p>Les Ap\u00e9ros du Mas, un classique<\/p>\n<p class=\" wall-content\">De<strong> 20h \u00e0 2h<\/strong>, chaque vendredi et samedi, place \u00e0 des soir\u00e9es o\u00f9 la bonne humeur est reine. Au programme : cocktails savoureux (\u00e0 consommer avec mod\u00e9ration), piste de danse enflamm\u00e9e, DJ sets entra\u00eenants et l\u2019atmosph\u00e8re unique qui fait la r\u00e9putation du lieu. En toute saison, ils sont l\u2019occasion de l\u00e2cher prise le week-end et de profiter pleinement de la nuit.\u00a0<\/p>\n<p><strong>&gt; <\/strong>Les ap\u00e9ros du Mas, tous les vendredis et samedis et la Bonne Franquette, Mas du Cheval \u00e0 Lattes le dimanche 28 septembre, de 12h \u00e0 14h. R\u00e9servations : masducheval.com informations : 06 33 33 60 60.<\/p>\n<p class=\" wall-content\">Personnalisez votre actualit\u00e9 en ajoutant vos villes et m\u00e9dias en favori avec <a href=\"https:\/\/moncompte.actu.fr\" title=\"D\u00e9couvez Mon Actu\" rel=\"nofollow noopener\" data-trk=\"{&quot;cta&quot;:{&quot;action&quot;:&quot;https:\\\/\\\/moncompte.actu.fr&quot;,&quot;category&quot;:&quot;mon compte&quot;,&quot;from&quot;:&quot;article footer&quot;,&quot;name&quot;:&quot;Mon actu&quot;,&quot;type&quot;:&quot;cta&quot;}}\" target=\"_blank\">Mon Actu<\/a>.<\/p>\n","protected":false},"excerpt":{"rendered":"Par R\u00e9daction M\u00e9tropolitain Publi\u00e9 le 26 sept. 2025 \u00e0 20h26 \u00c0 Lattes, le Mas du Cheval continue de&hellip;\n","protected":false},"author":2,"featured_media":419547,"comment_status":"","ping_status":"","sticky":false,"template":"","format":"standard","meta":{"footnotes":""},"categories":[9599],"tags":[1111,11,215,12666,1777,674,1011,27,1305,2208,12,2680,25],"class_list":{"0":"post-419546","1":"post","2":"type-post","3":"status-publish","4":"format-standard","5":"has-post-thumbnail","7":"category-montpellier","8":"tag-actu","9":"tag-actualites","10":"tag-commerce","11":"tag-dj","12":"tag-eu","13":"tag-europe","14":"tag-fr","15":"tag-france","16":"tag-lifestyle","17":"tag-montpellier","18":"tag-news","19":"tag-occitanie","20":"tag-republique-francaise"},"share_on_mastodon":{"url":"https:\/\/pubeurope.com\/@fr\/115272057146534814","error":""},"_links":{"self":[{"href":"https:\/\/www.europesays.com\/fr\/wp-json\/wp\/v2\/posts\/419546","targetHints":{"allow":["GET"]}}],"collection":[{"href":"https:\/\/www.europesays.com\/fr\/wp-json\/wp\/v2\/posts"}],"about":[{"href":"https:\/\/www.europesays.com\/fr\/wp-json\/wp\/v2\/types\/post"}],"author":[{"embeddable":true,"href":"https:\/\/www.europesays.com\/fr\/wp-json\/wp\/v2\/users\/2"}],"replies":[{"embeddable":true,"href":"https:\/\/www.europesays.com\/fr\/wp-json\/wp\/v2\/comments?post=419546"}],"version-history":[{"count":0,"href":"https:\/\/www.europesays.com\/fr\/wp-json\/wp\/v2\/posts\/419546\/revisions"}],"wp:featuredmedia":[{"embeddable":true,"href":"https:\/\/www.europesays.com\/fr\/wp-json\/wp\/v2\/media\/419547"}],"wp:attachment":[{"href":"https:\/\/www.europesays.com\/fr\/wp-json\/wp\/v2\/media?parent=419546"}],"wp:term":[{"taxonomy":"category","embeddable":true,"href":"https:\/\/www.europesays.com\/fr\/wp-json\/wp\/v2\/categories?post=419546"},{"taxonomy":"post_tag","embeddable":true,"href":"https:\/\/www.europesays.com\/fr\/wp-json\/wp\/v2\/tags?post=419546"}],"curies":[{"name":"wp","href":"https:\/\/api.w.org\/{rel}","templated":true}]}}