{"id":419550,"date":"2025-09-26T18:40:32","date_gmt":"2025-09-26T18:40:32","guid":{"rendered":"https:\/\/www.europesays.com\/fr\/419550\/"},"modified":"2025-09-26T18:40:32","modified_gmt":"2025-09-26T18:40:32","slug":"lex-president-du-fc-rouen-condamne-a-de-la-prison-avec-sursis-fait-appel","status":"publish","type":"post","link":"https:\/\/www.europesays.com\/fr\/419550\/","title":{"rendered":"L&rsquo;ex-pr\u00e9sident du FC Rouen condamn\u00e9 \u00e0 de la prison avec sursis, fait appel"},"content":{"rendered":"<p>L&rsquo;ancien pr\u00e9sident du FC Rouen, Charles Maarek, va faire appel de sa condamnation \u00e0 dix mois de prison avec sursis pour abus de biens sociaux et escroquerie dans sa gestion du club de football, a-t-on appris vendredi aupr\u00e8s de son avocat.<\/p>\n<p>M. Maarek, qui a pr\u00e9sid\u00e9 de 2022 \u00e0 2024 le club actuellement en t\u00eate du championnat de National (D3), \u00e9tait jug\u00e9 jeudi par le tribunal correctionnel de Rouen pour les infractions d&rsquo;abus de biens sociaux, escroquerie, faux bilan\u00a0et faux et usage de faux, \u00e0 la suite d&rsquo;un signalement effectu\u00e9 par le commissaire aux comptes du club.<\/p>\n<p>Il \u00e9tait notamment poursuivi pour avoir falsifi\u00e9 les comptes du FC Rouen et avoir effectu\u00e9 des transferts financiers douteux entre le club et ses soci\u00e9t\u00e9s.<\/p>\n<p>Charles Maarek a ni\u00e9 en bloc de telles infractions, affirmant qu&rsquo;il s&rsquo;agissait d&rsquo;erreurs commises par ses collaborateurs.<\/p>\n<p>Le minist\u00e8re public a requis \u00e0 son encontre une peine de 12 mois de prison avec sursis et trois ans d&rsquo;interdiction de g\u00e9rer une entreprise.\u00a0<\/p>\n<p>\u00ab\u00a0une forme de justice exp\u00e9ditive\u00a0\u00bb<\/p>\n<p>Son avocat, Ma\u00eetre Pierre-Henri Bovis, a indiqu\u00e9 \u00e0 l&rsquo;AFP que son client allait faire appel, d\u00e9non\u00e7ant \u00ab\u00a0une forme de justice exp\u00e9ditive\u00a0\u00bb.<\/p>\n<p>Ma\u00eetre Bovis a notamment d\u00e9plor\u00e9 \u00ab\u00a0l&rsquo;\u00e9tonnante absence\u00a0\u00bb au proc\u00e8s du commissaire aux comptes et du comptable du FC Rouen. \u00ab\u00a0M. Maarek a les \u00e9paules larges mais pas suffisamment pour porter toute la cha\u00eene de responsabilit\u00e9s.\u00a0\u00bb\u00a0<\/p>\n<p>Fin novembre 2023, le FC Rouen s&rsquo;\u00e9tait vu retirer cinq points et interdire de recrutement par la DNCG, le gendarme financier du football fran\u00e7ais, en raison d&rsquo;une communication sur la situation financi\u00e8re du club normand jug\u00e9e trompeuse.<\/p>\n<p>En mai 2024, le domicile de M. Maarek, alors encore pr\u00e9sident du FC Rouen, et les locaux du club avaient \u00e9t\u00e9 perquisitionn\u00e9s dans le cadre de l&rsquo;enqu\u00eate sur ces abus de biens sociaux.<\/p>\n","protected":false},"excerpt":{"rendered":"L&rsquo;ancien pr\u00e9sident du FC Rouen, Charles Maarek, va faire appel de sa condamnation \u00e0 dix mois de prison&hellip;\n","protected":false},"author":2,"featured_media":385194,"comment_status":"","ping_status":"","sticky":false,"template":"","format":"standard","meta":{"footnotes":""},"categories":[9587],"tags":[1111,11,1777,674,1011,27,12,5161,25,9590],"class_list":{"0":"post-419550","1":"post","2":"type-post","3":"status-publish","4":"format-standard","5":"has-post-thumbnail","7":"category-rouen","8":"tag-actu","9":"tag-actualites","10":"tag-eu","11":"tag-europe","12":"tag-fr","13":"tag-france","14":"tag-news","15":"tag-normandie","16":"tag-republique-francaise","17":"tag-rouen"},"share_on_mastodon":{"url":"https:\/\/pubeurope.com\/@fr\/115272064958808346","error":""},"_links":{"self":[{"href":"https:\/\/www.europesays.com\/fr\/wp-json\/wp\/v2\/posts\/419550","targetHints":{"allow":["GET"]}}],"collection":[{"href":"https:\/\/www.europesays.com\/fr\/wp-json\/wp\/v2\/posts"}],"about":[{"href":"https:\/\/www.europesays.com\/fr\/wp-json\/wp\/v2\/types\/post"}],"author":[{"embeddable":true,"href":"https:\/\/www.europesays.com\/fr\/wp-json\/wp\/v2\/users\/2"}],"replies":[{"embeddable":true,"href":"https:\/\/www.europesays.com\/fr\/wp-json\/wp\/v2\/comments?post=419550"}],"version-history":[{"count":0,"href":"https:\/\/www.europesays.com\/fr\/wp-json\/wp\/v2\/posts\/419550\/revisions"}],"wp:featuredmedia":[{"embeddable":true,"href":"https:\/\/www.europesays.com\/fr\/wp-json\/wp\/v2\/media\/385194"}],"wp:attachment":[{"href":"https:\/\/www.europesays.com\/fr\/wp-json\/wp\/v2\/media?parent=419550"}],"wp:term":[{"taxonomy":"category","embeddable":true,"href":"https:\/\/www.europesays.com\/fr\/wp-json\/wp\/v2\/categories?post=419550"},{"taxonomy":"post_tag","embeddable":true,"href":"https:\/\/www.europesays.com\/fr\/wp-json\/wp\/v2\/tags?post=419550"}],"curies":[{"name":"wp","href":"https:\/\/api.w.org\/{rel}","templated":true}]}}