{"id":419555,"date":"2025-09-26T18:43:19","date_gmt":"2025-09-26T18:43:19","guid":{"rendered":"https:\/\/www.europesays.com\/fr\/419555\/"},"modified":"2025-09-26T18:43:19","modified_gmt":"2025-09-26T18:43:19","slug":"la-fermeture-du-pont-incendie-de-la-rocade-de-rennes-est-prolongee-de-quatre-jours-au-moins","status":"publish","type":"post","link":"https:\/\/www.europesays.com\/fr\/419555\/","title":{"rendered":"La fermeture du pont incendi\u00e9 de la rocade de Rennes est prolong\u00e9e de quatre jours \u00ab\u00a0au moins\u00a0\u00bb"},"content":{"rendered":"<p>Les automobilistes devront encore ronger leur frein. Dans un communiqu\u00e9, diffus\u00e9 ce jour, la Diro prolonge la fermeture jusqu\u2019au mardi 30 septembre. La bretelle de la rocade ext\u00e9rieure, de la RN136 vers Alma, est \u00e9galement concern\u00e9e. \u00ab L\u2019ensemble des v\u00e9hicules \u00bb est concern\u00e9 par cette mesure.<\/p>\n<p>Quelles d\u00e9viations ?<\/p>\n<p>Durant cette p\u00e9riode suppl\u00e9mentaire, les automobilistes sont invit\u00e9s \u00e0 emprunter plusieurs d\u00e9viations.<\/p>\n<p>\u00ab Les usagers venant de Nantes souhaitant se diriger vers Rennes\/Brest\/Saint-Malo suivront l\u2019itin\u00e9raire de d\u00e9viation suivant : sur la RN137 prendre direction Le Mans\/Caen, continuer sur la RN136 ext\u00e9rieure, prendre la sortie en direction d\u2019Angers, au giratoire prendre direction Brest\/Saint-Malo, continuer sur la RD173, au giratoire prendre direction Nantes\/Lorient, continuer sur la RN136 int\u00e9rieure pour retrouver les diff\u00e9rentes directions d\u2019origine \u00bb, pr\u00e9vient la Diro.<\/p>\n<p>Pour ceux venant de la RN136 (rocade) ext\u00e9rieure en direction du Blosne peuvent continuer sur la RN136 ext\u00e9rieure, vers la sortie en direction d\u2019Angers, au giratoire prendre direction Brest\/Saint-Malo, et continuer sur la RD173, au giratoire prendre direction Nantes\/Lorient, continuer sur la RN136 int\u00e9rieure, prendre la sortie en direction de Le Blosne.<\/p>\n","protected":false},"excerpt":{"rendered":"Les automobilistes devront encore ronger leur frein. Dans un communiqu\u00e9, diffus\u00e9 ce jour, la Diro prolonge la fermeture&hellip;\n","protected":false},"author":2,"featured_media":419556,"comment_status":"","ping_status":"","sticky":false,"template":"","format":"standard","meta":{"footnotes":""},"categories":[2821],"tags":[1111,11,829,1777,674,1011,27,848,12,50972,584,25],"class_list":{"0":"post-419555","1":"post","2":"type-post","3":"status-publish","4":"format-standard","5":"has-post-thumbnail","7":"category-rennes","8":"tag-actu","9":"tag-actualites","10":"tag-bretagne","11":"tag-eu","12":"tag-europe","13":"tag-fr","14":"tag-france","15":"tag-ille-et-vilaine","16":"tag-news","17":"tag-newsletter-la-rennes-quotidienne","18":"tag-rennes","19":"tag-republique-francaise"},"share_on_mastodon":{"url":"https:\/\/pubeurope.com\/@fr\/115272076756623132","error":""},"_links":{"self":[{"href":"https:\/\/www.europesays.com\/fr\/wp-json\/wp\/v2\/posts\/419555","targetHints":{"allow":["GET"]}}],"collection":[{"href":"https:\/\/www.europesays.com\/fr\/wp-json\/wp\/v2\/posts"}],"about":[{"href":"https:\/\/www.europesays.com\/fr\/wp-json\/wp\/v2\/types\/post"}],"author":[{"embeddable":true,"href":"https:\/\/www.europesays.com\/fr\/wp-json\/wp\/v2\/users\/2"}],"replies":[{"embeddable":true,"href":"https:\/\/www.europesays.com\/fr\/wp-json\/wp\/v2\/comments?post=419555"}],"version-history":[{"count":0,"href":"https:\/\/www.europesays.com\/fr\/wp-json\/wp\/v2\/posts\/419555\/revisions"}],"wp:featuredmedia":[{"embeddable":true,"href":"https:\/\/www.europesays.com\/fr\/wp-json\/wp\/v2\/media\/419556"}],"wp:attachment":[{"href":"https:\/\/www.europesays.com\/fr\/wp-json\/wp\/v2\/media?parent=419555"}],"wp:term":[{"taxonomy":"category","embeddable":true,"href":"https:\/\/www.europesays.com\/fr\/wp-json\/wp\/v2\/categories?post=419555"},{"taxonomy":"post_tag","embeddable":true,"href":"https:\/\/www.europesays.com\/fr\/wp-json\/wp\/v2\/tags?post=419555"}],"curies":[{"name":"wp","href":"https:\/\/api.w.org\/{rel}","templated":true}]}}