{"id":419561,"date":"2025-09-26T18:46:13","date_gmt":"2025-09-26T18:46:13","guid":{"rendered":"https:\/\/www.europesays.com\/fr\/419561\/"},"modified":"2025-09-26T18:46:13","modified_gmt":"2025-09-26T18:46:13","slug":"direct-strasbourg-marseille-suivez-le-match","status":"publish","type":"post","link":"https:\/\/www.europesays.com\/fr\/419561\/","title":{"rendered":"DIRECT. Strasbourg &#8211; Marseille\u00a0: suivez le match"},"content":{"rendered":"<p><a name=\"post1758912300\"\/>20:45 &#8211; C&rsquo;est parti !<\/p>\n<p>Monsieur Pignard siffle le d\u00e9but de cet all\u00e9chant Strasbourg &#8211; Marseille !<\/p>\n<p><a name=\"post1758911740\"\/>20:35 &#8211; L&rsquo;arbitre de la rencontre<\/p>\n<p>Cette rencontre sera arbitr\u00e9e par Monsieur Pignard.<\/p>\n<p><a name=\"post1758911130\"\/>20:25 &#8211; Marseille bute sur Strasbourg<\/p>\n<p>La derni\u00e8re victoire de Marseille face \u00e0 Strasbourg remonte \u00e0 2022. Les Phoc\u00e9ens s&rsquo;\u00e9taient impos\u00e9s 4-0 avec un doubl\u00e9 de Gerson.<\/p>\n<p><a name=\"post1758910500\"\/>20:15 &#8211; La composition de l&rsquo;OM<\/p>\n<p>L&rsquo;OM se pr\u00e9sente avec un effectif particuli\u00e8rement dense.\u00a0Greenwood, qui avait \u00e9t\u00e9 performant face au <a href=\"https:\/\/www.linternaute.com\/sport\/foot\/psg\/\" title=\"Paris Saint-Germain\" target=\"_blank\" rel=\"noopener\">PSG<\/a>, commencera sur le banc. L&rsquo;attaque marseillaise sera constitu\u00e9e de Weah, Gouiri et Paixao. Aguerd, auteur de bonnes prestations, est titulaire en d\u00e9fense.<\/p>\n<blockquote class=\"twitter-tweet\"><p>&#13;<\/p>\n<p dir=\"ltr\" lang=\"fr\">???????????????????? <a href=\"https:\/\/twitter.com\/hashtag\/RCSAOM?src=hash&amp;ref_src=twsrc%5Etfw\" target=\"_blank\" rel=\"noopener\">#RCSAOM<\/a> \u2694\ufe0f<\/p>\n<p>Le 1\ufe0f\u20e31\ufe0f\u20e3 de d\u00e9part \u00e9tabli par notre ???????????????????? ???????????????????????????? ???????? ???????????????????? ???????? pour la 6\ufe0f\u20e3\u00e8me journ\u00e9e de <a href=\"https:\/\/twitter.com\/Ligue1?ref_src=twsrc%5Etfw\" target=\"_blank\" rel=\"noopener\">@Ligue1<\/a> \u26a1\ufe0f<br \/>&#13;<br \/>\nCoup d&rsquo;envoi \u00e0 20h45 <a href=\"https:\/\/t.co\/3waMA3AzLO\">pic.twitter.com\/3waMA3AzLO<\/a><\/p>\n<p>&#13;<br \/>\n\u2014 Olympique de Marseille (@OM_Officiel) <a href=\"https:\/\/twitter.com\/OM_Officiel\/status\/1971633492120555911?ref_src=twsrc%5Etfw\" target=\"_blank\" rel=\"noopener\">September 26, 2025<\/a><\/p><\/blockquote>\n<p>&#13;<\/p>\n<p><a name=\"post1758910200\"\/>20:10 &#8211; La composition du RCSA<\/p>\n<p>Pour cette rencontre, Rosenior aligne sa plus belle arme offensive, Emegha (2 r\u00e9alisations), capitaine. Chilwell est titulaire derri\u00e8re tandis que Panichelli, auteur de trois buts depuis le d\u00e9but de saison, commencera sur le banc.<\/p>\n<p><a name=\"post1758909900\"\/>20:05 &#8211; Marseille se pr\u00e9sente en confiance<\/p>\n<p>En face, l&rsquo;OM est en pleine confiance apr\u00e8s avoir empoch\u00e9 le classique (1-0) et\u00a0accroch\u00e9 le Real Madrid au Bernabeu (2-1). Les hommes de De Zerbi ont une occasion en or\u00a0de raccrocher le podium au g\u00e9n\u00e9ral.<\/p>\n<p><a name=\"post1758909300\"\/>19:55 &#8211; Strasbourg, un nouveau statut \u00e0 assumer<\/p>\n<p>4e au g\u00e9n\u00e9ral avec quatre victoires sur ses cinq derniers matches, Strasbourg r\u00e9alise un d\u00e9but de saison quasiment parfait. Face \u00e0 l&rsquo;OM, c&rsquo;est un premier gros test qui attend les joueurs de Rosenior.<\/p>\n<p><a name=\"post1758908700\"\/>19:45 &#8211; Bonsoir \u00e0 toutes et \u00e0 tous !<\/p>\n<p>Bienvenue sur notre site pour suivre en direct comment\u00e9 cette rencontre de la 6e journ\u00e9e de <a href=\"https:\/\/www.linternaute.com\/sport\/competitions\/8420771-ligue-12025-2026-tous-les-resultats-le-classement-et-calendrier\/\" title=\"Championnat de France de football\" target=\"_blank\" rel=\"noopener\">Ligue 1<\/a> entre Strasbourg et Marseille. Coup d&rsquo;envoi du match\u00a0\u00e0 20h45 au stade de La Meinau de Strasbourg.<\/p>\n<p><script async src=\"https:\/\/platform.twitter.com\/widgets.js\" charset=\"utf-8\"><\/script><\/p>\n","protected":false},"excerpt":{"rendered":"20:45 &#8211; C&rsquo;est parti ! Monsieur Pignard siffle le d\u00e9but de cet all\u00e9chant Strasbourg &#8211; Marseille ! 20:35&hellip;\n","protected":false},"author":2,"featured_media":418460,"comment_status":"","ping_status":"","sticky":false,"template":"","format":"standard","meta":{"footnotes":""},"categories":[2820],"tags":[1111,11,54814,51761,1777,674,2257,51763,1011,27,775,66,12,51767,25,640],"class_list":{"0":"post-419561","1":"post","2":"type-post","3":"status-publish","4":"format-standard","5":"has-post-thumbnail","7":"category-strasbourg","8":"tag-actu","9":"tag-actualites","10":"tag-cms-linternaute-8882375","11":"tag-controller-content","12":"tag-eu","13":"tag-europe","14":"tag-foot","15":"tag-format-papier","16":"tag-fr","17":"tag-france","18":"tag-grand-est","19":"tag-ligue-1","20":"tag-news","21":"tag-parallaxeinfeed","22":"tag-republique-francaise","23":"tag-strasbourg"},"share_on_mastodon":{"url":"https:\/\/pubeurope.com\/@fr\/115272088670548783","error":""},"_links":{"self":[{"href":"https:\/\/www.europesays.com\/fr\/wp-json\/wp\/v2\/posts\/419561","targetHints":{"allow":["GET"]}}],"collection":[{"href":"https:\/\/www.europesays.com\/fr\/wp-json\/wp\/v2\/posts"}],"about":[{"href":"https:\/\/www.europesays.com\/fr\/wp-json\/wp\/v2\/types\/post"}],"author":[{"embeddable":true,"href":"https:\/\/www.europesays.com\/fr\/wp-json\/wp\/v2\/users\/2"}],"replies":[{"embeddable":true,"href":"https:\/\/www.europesays.com\/fr\/wp-json\/wp\/v2\/comments?post=419561"}],"version-history":[{"count":0,"href":"https:\/\/www.europesays.com\/fr\/wp-json\/wp\/v2\/posts\/419561\/revisions"}],"wp:featuredmedia":[{"embeddable":true,"href":"https:\/\/www.europesays.com\/fr\/wp-json\/wp\/v2\/media\/418460"}],"wp:attachment":[{"href":"https:\/\/www.europesays.com\/fr\/wp-json\/wp\/v2\/media?parent=419561"}],"wp:term":[{"taxonomy":"category","embeddable":true,"href":"https:\/\/www.europesays.com\/fr\/wp-json\/wp\/v2\/categories?post=419561"},{"taxonomy":"post_tag","embeddable":true,"href":"https:\/\/www.europesays.com\/fr\/wp-json\/wp\/v2\/tags?post=419561"}],"curies":[{"name":"wp","href":"https:\/\/api.w.org\/{rel}","templated":true}]}}