{"id":419566,"date":"2025-09-26T18:49:14","date_gmt":"2025-09-26T18:49:14","guid":{"rendered":"https:\/\/www.europesays.com\/fr\/419566\/"},"modified":"2025-09-26T18:49:14","modified_gmt":"2025-09-26T18:49:14","slug":"la-meurtriere-a-lesprit-tortueux-condamnee","status":"publish","type":"post","link":"https:\/\/www.europesays.com\/fr\/419566\/","title":{"rendered":"la meurtri\u00e8re \u00ab\u00a0\u00e0 l&rsquo;esprit tortueux\u00a0\u00bb condamn\u00e9e"},"content":{"rendered":"<p>            Par<br \/>\n        <strong><br \/>\n            <a href=\"https:\/\/actu.fr\/auteur\/redaction-nantes\" title=\"Consulter tous les articles de R\u00e9daction Nantes\" target=\"_blank\" rel=\"noopener\">R\u00e9daction Nantes<\/a><br \/>\n        <\/strong><\/p>\n<p>        Publi\u00e9 le<\/p>\n<p>            26 sept. 2025 \u00e0 19h58        <\/p>\n<p>La globe-trotter australienne d\u2019origine indon\u00e9sienne, accus\u00e9e d\u2019avoir tu\u00e9 <strong>Florent Gr\u00e9goire<\/strong>, un jeune \u00ab\u2009woofer\u2009\u00bb nantais de 29\u00a0ans, dans la principaut\u00e9 d\u2019Andorre en 2016 a \u00e9t\u00e9 condamn\u00e9e <strong>ce vendredi 26\u00a0septembre 2025 \u00e0 vingt ans de r\u00e9clusion criminelle par la cour d\u2019assises de la Loire-Atlantique<\/strong>. Ichsanna. W, une \u00ab\u2009\u00e9tudiante\u2009\u00bb et une \u00ab\u2009chercheuse ind\u00e9pendante en architecture\u2009\u00bb de 65\u00a0ans, a aussi fait l\u2019objet d\u2019une interdiction du port d\u2019arme soumise \u00e0 autorisation administrative <strong>pendant quinze ans et d\u2019une interdiction d\u00e9finitive du territoire fran\u00e7ais<\/strong>. Sur le plan civil, elle devra verser 98.000 \u20ac de dommages et int\u00e9r\u00eats aux proches de Florent Gr\u00e9goire. Retour sur le proc\u00e8s o\u00f9 la personnalit\u00e9 de l\u2019accus\u00e9e a interrog\u00e9.<\/p>\n<p>Sans signe de vie depuis 2016<\/p>\n<p class=\" wall-content\">L\u2019enqu\u00eate avait d\u00e9marr\u00e9 avec la d\u00e9position d\u2019Anita Gr\u00e9goire \u00e0 la gendarmerie de <a href=\"https:\/\/actu.fr\/pays-de-la-loire\/la-chapelle-sur-erdre_44035\" target=\"_blank\" rel=\"noopener\">La Chapelle-sur-Erdre<\/a> pour signaler la disparition de son fils\u2009: cet ancien ing\u00e9nieur informatique allait \u00ab\u2009beaucoup mieux d\u2019un point de vue psychologique\u2009\u00bb depuis qu\u2019il avait commenc\u00e9 \u00e0 s\u2019adonner au \u00ab\u2009woofing\u2009\u00bb deux ans plus t\u00f4t.<\/p>\n<p class=\" wall-content\">Ce \u00ab\u2009mode de vie\u2009\u00bb consiste \u00e0 \u00ab\u2009proposer ses services dans des fermes \u2013 bio notamment \u2013 en \u00e9change du g\u00eete et du couvert\u2009\u00bb avait expliqu\u00e9 la pr\u00e9sidente de la cour d\u2019assises de la Loire-Atlantique\u00a0aux jur\u00e9s\u00a0au premier des cinq jours du proc\u00e8s.<\/p>\n<p class=\" wall-content\">Alors qu\u2019il \u00e9tait jusqu\u2019alors \u00ab\u2009quotidiennement\u2009\u00bb en contact avec sa famille, Florent Gr\u00e9goire <strong>n\u2019a plus jamais donn\u00e9 signe de vie depuis le 10\u00a0septembre 2016<\/strong>. Le jeune Fran\u00e7ais \u00ab\u2009solitaire\u2009\u00bb et \u00ab\u2009tr\u00e8s ind\u00e9pendant\u2009\u00bb, selon sa m\u00e8re, avait pourtant pris un billet de bus pour regagner la gare de Toulouse-Matabiau\u00a0deux jours plus tard\u00a0et se rendre au mariage d\u2019un couple de \u00ab\u2009tr\u00e8s bons amis \u00e0 lui\u2009\u00bb en Bretagne.<\/p>\n<p class=\" wall-content\">Il \u00e9tait \u00ab\u2009inconcevable\u2009\u00bb qu\u2019il n\u2019honore pas son invitation \u00e0 la noce \u00ab\u2009sans donner aucune nouvelle\u2009\u00bb, avait t\u00e9moign\u00e9 par la suite le futur mari\u00e9.<\/p>\n<p>Il est \u00ab\u2009cach\u00e9 par les services secrets fran\u00e7ais\u2009\u00bb<\/p>\n<p class=\" wall-content\">Tr\u00e8s vite, les soup\u00e7ons de ses proches s\u2019\u00e9taient port\u00e9s sur Ichsanna\u00a0Samba Rukmi Widhyastuti, <strong>qui s\u2019\u00e9tait pr\u00e9sent\u00e9e \u00e0 eux comme \u00ab\u2009la compagne\u2009\u00bb de ce jeune \u00ab\u2009d\u00e9prim\u00e9\u2009\u00bb<\/strong>.<\/p>\n<p>Votre r\u00e9gion, votre actu !<\/p>\n<p>Recevez chaque jour les infos qui comptent pour vous.<\/p>\n<p>\t<a href=\"https:\/\/actu.fr\/newsletter\" class=\"ac-btn ac-btn--corner ac-btn--medium ac-btn--blue800\" target=\"_blank\" rel=\"noopener\">S&rsquo;incrire<\/a><\/p>\n<p class=\" wall-content\">Une enqu\u00eate pour \u00ab\u2009disparition inqui\u00e9tante\u2009\u00bb avait \u00e9t\u00e9 ouverte\u2009: cette femme \u00ab\u2009un peu folle\u2009\u00bb tenait des propos \u00ab\u2009incoh\u00e9rents\u2009\u00bb et \u00ab\u2009contradictoires\u2009\u00bb et avait <strong>cr\u00e9\u00e9 des faux comptes sur Facebook<\/strong>.<\/p>\n<p class=\" wall-content\">\u00ab\u2009Mon coll\u00e8gue a re\u00e7u un mail de Florent, s\u2019il vous pla\u00eet laissez-le tranquille\u2009: il est encore vivant, il est au Royaume-Uni\u2009\u00bb, <strong>avait par exemple \u00e9crit l\u2019accus\u00e9e\u00a0sous une fausse identit\u00e9<\/strong>.<\/p>\n<p class=\" wall-content\">La globe-trotter \u2013 qui a voyag\u00e9 entre-temps dans \u00ab\u2009une vingtaine de pays\u2009\u00bb \u2013 avait finalement \u00e9t\u00e9 interpell\u00e9e trois ans plus tard, <strong>en novembre\u00a02019<\/strong>, sur le tarmac de l\u2019a\u00e9roport Charles-de-Gaulle \u00e0 Roissy \u00e0 la sortie d\u2019un vol Air France Lisbonne-Paris.<\/p>\n<p class=\" wall-content\">Un de ses ex-compagnons avait alors produit une \u00ab\u2009note d\u00e9taill\u00e9e\u2009\u00bb aux enqu\u00eateurs pour t\u00e9moigner sur le \u00ab\u2009rapport \u00e0 l\u2019argent\u2009\u00bb de cette <strong>femme \u00ab\u2009manipulatrice\u2009\u00bb<\/strong> et \u00ab\u2009dangereuse\u2009\u00bb, capable de dire de <strong>\u00ab\u2009nombreux mensonges\u2009\u00bb<\/strong>.<\/p>\n<p class=\" wall-content\">L\u2019accus\u00e9e disait pourtant \u00ab\u2009ignorer\u2009\u00bb qu\u2019il y avait eu de \u00ab\u2009tr\u00e8s importants retraits d\u2019argent\u2009\u00bb sur le compte bancaire de Florent Gr\u00e9goire depuis sa disparition, et avait affirm\u00e9 que le jeune Fran\u00e7ais \u00ab\u2009travaillait pour la DGSE\u2009\u00bb, qu\u2019il \u00e9tait d\u2019ailleurs \u00ab\u2009cach\u00e9 par les services secrets\u2009\u00bb et qu\u2019elle en \u00e9tait elle-m\u00eame \u00ab\u2009la cible\u2009\u00bb.<\/p>\n<p class=\" wall-content\">Elle \u00e9tait en effet n\u00e9e un 13\u00a0novembre, qui est \u00ab\u2009le jour des attentats du Bataclan\u2009\u00bb\u2026 Ses d\u00e9clarations \u00ab\u2009fluctuantes\u2009\u00bb et \u00ab\u2009infirm\u00e9es par beaucoup de t\u00e9moins\u2009\u00bb avaient donc conduit le juge d\u2019instruction \u00e0 la mettre en examen pour \u00ab\u2009meurtre\u2009\u00bb.<\/p>\n<p>\u00ab\u2009Un meurtre sans cadavre, c\u2019est rare mais ce n\u2019est pas extraordinaire\u2009\u00bb<\/p>\n<p class=\" wall-content\">Dans cette affaire de \u00ab\u2009meurtre sans cadavre\u2009\u00bb, l\u2019avocate g\u00e9n\u00e9rale avait elle-m\u00eame requis vingt ans de r\u00e9clusion criminelle pour\u00a0Ichsanna\u00a0Samba Rukmi Widhyastuti. Par les \u00ab\u2009sc\u00e9narios\u2009\u00bb et les \u00ab\u2009\u00e9lucubrations\u2009\u00bb qu\u2019elle a \u00ab\u2009foment\u00e9s\u2009\u00bb, cette femme \u00ab<strong>\u2009a condamn\u00e9 l\u2019\u00e2me de Florent Gr\u00e9goire \u00e0 errer dans l\u2019obscurit\u00e9\u2009\u00bb<\/strong>, avait dit la magistrate aux jur\u00e9s. \u00ab\u2009C\u2019est une perversion suppl\u00e9mentaire qui confine \u00e0 l\u2019insupportable pour ses proches.\u2009\u00bb<\/p>\n<p class=\" wall-content\">\u00ab\u2009On va vous dire qu\u2019il s\u2019est suicid\u00e9, mais il n\u2019y a aucun \u00e9l\u00e9ment au dossier qui vient l\u2019accr\u00e9diter\u2009\u00bb, avait r\u00e9p\u00e9t\u00e9 la repr\u00e9sentante du minist\u00e8re public aux jur\u00e9s de la cour d\u2019assises de la Loire-Atlantique.<\/p>\n<p class=\" wall-content\">Cette derni\u00e8re \u00ab\u2009ne croit pas\u2009\u00bb non plus \u00e0 la th\u00e8se de la \u00ab\u2009disparation volontaire\u2009\u00bb alors que Florent Gr\u00e9goire \u00e9tait \u00ab\u2009en liens constants avec sa famille\u2009\u00bb.<\/p>\n<p class=\" wall-content\">\u00ab\u2009Un meurtre sans cadavre, c\u2019est rare mais ce n\u2019est pas extraordinaire\u2009: actuellement il y a un proc\u00e8s ultra-m\u00e9diatis\u00e9 \u00e0 Albi\u2009\u00bb, avait rappel\u00e9 l\u2019avocate g\u00e9n\u00e9rale \u00e0 <strong>propos du proc\u00e8s de <a href=\"https:\/\/actu.fr\/occitanie\/albi_81004\/affaire-jubillar-apres-une-semaine-de-proces-la-defense-estime-avoir-retabli-l-image-de-cedric_63216919.html\" target=\"_blank\" rel=\"noopener\">C\u00e9dric Jubillar<\/a><\/strong>, jug\u00e9 pour le meurtre de sa femme. Elle avait aussi cit\u00e9 \u00ab\u2009la jurisprudence\u2009\u00bb de Maurice Agnelet, un \u00ab\u2009ex-avocat\u2009\u00bb condamn\u00e9 \u00ab\u2009pour le meurtre de son ancienne amante\u2009\u00bb.<\/p>\n<p class=\" wall-content\">La repr\u00e9sentante du parquet \u00e9tait donc <strong>\u00ab\u2009lass\u00e9e des \u00e9lucubrations\u2009\u00bb<\/strong> de cette accus\u00e9e qui \u00ab\u2009essaie de noyer le poisson\u2009\u00bb, et des \u00ab\u2009tentatives d\u2019intoxication\u2009\u00bb de son \u00ab<strong>\u2009esprit tortueux\u2009\u00bb<\/strong> et de sa \u00ab\u2009mise en sc\u00e8ne de la petite amie \u00e9plor\u00e9e\u2009\u00bb.<\/p>\n<p class=\" wall-content\">\u00ab\u2009Elle me fait penser aux meurtriers qui participent \u00e0 une battue citoyenne pour retrouver le corps de la personne qu\u2019ils ont tu\u00e9e\u2009\u00bb, avait-elle ajout\u00e9, en citant l\u2019affaire \u00ab\u2009plus que connue\u2009\u00bb de <a href=\"https:\/\/actu.fr\/societe\/mort-d-alexia-jonathann-daval-condamne-a-25-annees-de-reclusion-criminelle_37635724.html\" target=\"_blank\" rel=\"noopener\">Jonathann Daval<\/a>. Elle avait donc suppli\u00e9 les jur\u00e9s de \u00ab\u2009ne pas tomber dans le panneau\u2009\u00bb que la sexag\u00e9naire leur tendait.\u00a0<\/p>\n<p class=\" wall-content\"><strong>GF (PressPepper)<\/strong><\/p>\n<p class=\" wall-content\">Personnalisez votre actualit\u00e9 en ajoutant vos villes et m\u00e9dias en favori avec <a href=\"https:\/\/moncompte.actu.fr\" title=\"D\u00e9couvez Mon Actu\" rel=\"nofollow noopener\" data-trk=\"{&quot;cta&quot;:{&quot;action&quot;:&quot;https:\\\/\\\/moncompte.actu.fr&quot;,&quot;category&quot;:&quot;mon compte&quot;,&quot;from&quot;:&quot;article footer&quot;,&quot;name&quot;:&quot;Mon actu&quot;,&quot;type&quot;:&quot;cta&quot;}}\" target=\"_blank\">Mon Actu<\/a>.<\/p>\n","protected":false},"excerpt":{"rendered":"Par R\u00e9daction Nantes Publi\u00e9 le 26 sept. 2025 \u00e0 19h58 La globe-trotter australienne d\u2019origine indon\u00e9sienne, accus\u00e9e d\u2019avoir tu\u00e9&hellip;\n","protected":false},"author":2,"featured_media":419567,"comment_status":"","ping_status":"","sticky":false,"template":"","format":"standard","meta":{"footnotes":""},"categories":[2818],"tags":[1111,11,1777,674,118,1011,27,303,766,12,2636,25,10206],"class_list":{"0":"post-419566","1":"post","2":"type-post","3":"status-publish","4":"format-standard","5":"has-post-thumbnail","7":"category-nantes","8":"tag-actu","9":"tag-actualites","10":"tag-eu","11":"tag-europe","12":"tag-faits-divers","13":"tag-fr","14":"tag-france","15":"tag-justice","16":"tag-nantes","17":"tag-news","18":"tag-pays-de-la-loire","19":"tag-republique-francaise","20":"tag-tribunal-de-nantes"},"share_on_mastodon":{"url":"https:\/\/pubeurope.com\/@fr\/115272100388682393","error":""},"_links":{"self":[{"href":"https:\/\/www.europesays.com\/fr\/wp-json\/wp\/v2\/posts\/419566","targetHints":{"allow":["GET"]}}],"collection":[{"href":"https:\/\/www.europesays.com\/fr\/wp-json\/wp\/v2\/posts"}],"about":[{"href":"https:\/\/www.europesays.com\/fr\/wp-json\/wp\/v2\/types\/post"}],"author":[{"embeddable":true,"href":"https:\/\/www.europesays.com\/fr\/wp-json\/wp\/v2\/users\/2"}],"replies":[{"embeddable":true,"href":"https:\/\/www.europesays.com\/fr\/wp-json\/wp\/v2\/comments?post=419566"}],"version-history":[{"count":0,"href":"https:\/\/www.europesays.com\/fr\/wp-json\/wp\/v2\/posts\/419566\/revisions"}],"wp:featuredmedia":[{"embeddable":true,"href":"https:\/\/www.europesays.com\/fr\/wp-json\/wp\/v2\/media\/419567"}],"wp:attachment":[{"href":"https:\/\/www.europesays.com\/fr\/wp-json\/wp\/v2\/media?parent=419566"}],"wp:term":[{"taxonomy":"category","embeddable":true,"href":"https:\/\/www.europesays.com\/fr\/wp-json\/wp\/v2\/categories?post=419566"},{"taxonomy":"post_tag","embeddable":true,"href":"https:\/\/www.europesays.com\/fr\/wp-json\/wp\/v2\/tags?post=419566"}],"curies":[{"name":"wp","href":"https:\/\/api.w.org\/{rel}","templated":true}]}}