{"id":419568,"date":"2025-09-26T18:50:18","date_gmt":"2025-09-26T18:50:18","guid":{"rendered":"https:\/\/www.europesays.com\/fr\/419568\/"},"modified":"2025-09-26T18:50:18","modified_gmt":"2025-09-26T18:50:18","slug":"une-australienne-condamnee-a-20-ans-de-prison-pour-le-meurtre-dun-jeune-nantais-disparu-en-2016","status":"publish","type":"post","link":"https:\/\/www.europesays.com\/fr\/419568\/","title":{"rendered":"Une Australienne condamn\u00e9e \u00e0 20 ans de prison pour le meurtre d\u2019un jeune nantais disparu en 2016"},"content":{"rendered":"<p>La juge a \u00e9galement prononc\u00e9 une interdiction de d\u00e9tenir ou de porter une arme soumise \u00e0 autorisation pendant 15 ans, et une interdiction d\u00e9finitive du territoire fran\u00e7ais.<\/p>\n<p class=\"fig-paragraph\">Une sexag\u00e9naire australienne a \u00e9t\u00e9 condamn\u00e9e vendredi \u00e0\u00a0<a href=\"http:\/\/www.lefigaro.fr\/nantes\/nantes-rene-martin-fondateur-de-la-folle-journee-mis-en-retrait-apres-des-accusations-de-management-toxique-20250926\" data-fig-type=\"NewsFlash\" data-gtm-custom-categorie=\"navigation\" data-gtm-custom-action=\"crossclick\" data-gtm-custom-label=\"Contextuel\" data-gtm-event=\"customEventSPE\" data-fig-domain=\"LEFIGARO\" target=\"_blank\" rel=\"noopener\">Nantes<\/a>\u00a0\u00e0 20 ans de prison pour le meurtre d&rsquo;un jeune Nantais de 28 ans, disparu sans laisser de traces en septembre 2016. Cette peine est assortie d&rsquo;une interdiction de d\u00e9tenir ou de porter une arme soumise \u00e0 autorisation pendant 15 ans, et de l&rsquo;interdiction d\u00e9finitive du\u00a0<a href=\"http:\/\/www.lefigaro.fr\/faits-divers\/viols-de-claire-geronimi-et-de-mathilde-l-accuse-condamne-a-18-ans-de-prison-et-a-une-interdiction-definitive-du-territoire-francais-20250926\" data-fig-type=\"NewsFlash\" data-gtm-custom-categorie=\"navigation\" data-gtm-custom-action=\"crossclick\" data-gtm-custom-label=\"Contextuel\" data-gtm-event=\"customEventSPE\" data-fig-domain=\"LEFIGARO\" target=\"_blank\" rel=\"noopener\">territoire fran\u00e7ais<\/a>. L&rsquo;avocate g\u00e9n\u00e9rale avait requis une peine d&rsquo;\u00abau moins\u00bb 20 ans.<\/p>\n<p class=\"fig-paragraph\">Les cinq jours de proc\u00e8s devant la cour d&rsquo;assises de Loire-Atlantique n&rsquo;ont pas permis d&rsquo;\u00e9clairer pr\u00e9cis\u00e9ment la nature de la relation entre l&rsquo;accus\u00e9e, \u00e2g\u00e9e de 64 ans, et le jeune homme, qui s&rsquo;\u00e9taient rencontr\u00e9s en 2015. \u00abC&rsquo;est un proc\u00e8s extr\u00eamement difficile car on vous demande de juger un meurtre sans corps et sans aveux\u00bb, a reconnu l&rsquo;avocate g\u00e9n\u00e9rale Claire Loumadine dans son r\u00e9quisitoire, pointant malgr\u00e9 tout la responsabilit\u00e9 \u00abd&rsquo;une seule et unique coupable\u00bb.<\/p>\n<p>                                    <a class=\"fig-a11y-skip a11y-hidden\" href=\"#fig-a11y-skip-main-inarticle\"><br \/>\n        Passer la publicit\u00e9<br \/>\n    <\/a><\/p>\n<p class=\"fig-paragraph\">Florent Gr\u00e9goire, ing\u00e9nieur en informatique, n&rsquo;a plus donn\u00e9 signe de vie depuis le 12 septembre 2016, date \u00e0 laquelle il a \u00e9t\u00e9 vu sortir d&rsquo;une auberge en Andorre avec un simple sac \u00e0 dos. \u00abAu bout de ces ann\u00e9es d&rsquo;enqu\u00eate et cinq jours de proc\u00e8s, aucun \u00e9l\u00e9ment ne peut accr\u00e9diter la th\u00e8se du suicide. Encore moins celle d&rsquo;une disparition volontaire\u00bb, a affirm\u00e9 l&rsquo;avocate g\u00e9n\u00e9rale, regrettant que l&rsquo;accus\u00e9e ne cesse de \u00abs&rsquo;enferrer dans les mensonges, le d\u00e9ni et les manipulations\u00bb.<\/p>\n<p>Une arrestation en 2019 \u00e0 l\u2019a\u00e9roport Paris-Charles-de-Gaulle<\/p>\n<p class=\"fig-paragraph\">De nationalit\u00e9 australienne, n\u00e9e en Indon\u00e9sie en 1960, cette derni\u00e8re a \u00e9t\u00e9 arr\u00eat\u00e9e en 2019 \u00e0 l&rsquo;a\u00e9roport Paris-Charles-de-Gaulle et est d\u00e9tenue depuis lors. Initialement mise en examen pour enl\u00e8vement et s\u00e9questration, elle \u00e9tait jug\u00e9e pour meurtre et a toujours ni\u00e9 les faits qui lui sont reproch\u00e9s. Elle avait rencontr\u00e9 Florent Gr\u00e9goire en novembre 2015 dans une auberge de jeunesse bordelaise. L&rsquo;enqu\u00eate \u00e9voque \u00abun voyage en commun en Espagne\u00bb quelques semaines plus tard.<\/p>\n<p class=\"fig-paragraph\">Apr\u00e8s la disparition du jeune homme, l&rsquo;accus\u00e9e, qui logeait dans la m\u00eame auberge en Andorre, ne s&rsquo;en est inqui\u00e9t\u00e9e qu&rsquo;une semaine plus tard, a soulign\u00e9 l&rsquo;avocate g\u00e9n\u00e9rale. Elle va alors \u00abfomenter une mise en sc\u00e8ne de la petite amie \u00e9plor\u00e9e\u00bb, a d\u00e9nonc\u00e9 Claire Loumadine, faisant r\u00e9f\u00e9rence \u00e0 \u00abces meurtriers qui participent aux battues citoyennes, \u00e0 l&rsquo;image de Jonathann Daval\u00bb.<\/p>\n<p class=\"fig-paragraph\">Pour la d\u00e9fense, Me Simon Despierre a plaid\u00e9 l&rsquo;acquittement, mettant en avant un dossier \u00abrempli d&rsquo;hypoth\u00e8ses et d&rsquo;incertitudes\u00bb, tout en reconnaissant la \u00abmythomanie\u00bb de sa cliente et \u00abdes explications tr\u00e8s certainement insupportables \u00e0 \u00e9couter pour des proches en attente de r\u00e9ponses\u00bb. \u00abElle n&rsquo;est pas cr\u00e9dible, on le sait. Mais on lui pr\u00eate une intelligence du crime qu&rsquo;elle n&rsquo;a pas\u00bb, a-t-il dit.<\/p>\n","protected":false},"excerpt":{"rendered":"La juge a \u00e9galement prononc\u00e9 une interdiction de d\u00e9tenir ou de porter une arme soumise \u00e0 autorisation pendant&hellip;\n","protected":false},"author":2,"featured_media":419569,"comment_status":"","ping_status":"","sticky":false,"template":"","format":"standard","meta":{"footnotes":""},"categories":[2818],"tags":[1111,11,5035,4073,1777,674,1011,27,766,12,2636,25],"class_list":{"0":"post-419568","1":"post","2":"type-post","3":"status-publish","4":"format-standard","5":"has-post-thumbnail","7":"category-nantes","8":"tag-actu","9":"tag-actualites","10":"tag-australie","11":"tag-condamnation","12":"tag-eu","13":"tag-europe","14":"tag-fr","15":"tag-france","16":"tag-nantes","17":"tag-news","18":"tag-pays-de-la-loire","19":"tag-republique-francaise"},"share_on_mastodon":{"url":"https:\/\/pubeurope.com\/@fr\/115272104376478360","error":""},"_links":{"self":[{"href":"https:\/\/www.europesays.com\/fr\/wp-json\/wp\/v2\/posts\/419568","targetHints":{"allow":["GET"]}}],"collection":[{"href":"https:\/\/www.europesays.com\/fr\/wp-json\/wp\/v2\/posts"}],"about":[{"href":"https:\/\/www.europesays.com\/fr\/wp-json\/wp\/v2\/types\/post"}],"author":[{"embeddable":true,"href":"https:\/\/www.europesays.com\/fr\/wp-json\/wp\/v2\/users\/2"}],"replies":[{"embeddable":true,"href":"https:\/\/www.europesays.com\/fr\/wp-json\/wp\/v2\/comments?post=419568"}],"version-history":[{"count":0,"href":"https:\/\/www.europesays.com\/fr\/wp-json\/wp\/v2\/posts\/419568\/revisions"}],"wp:featuredmedia":[{"embeddable":true,"href":"https:\/\/www.europesays.com\/fr\/wp-json\/wp\/v2\/media\/419569"}],"wp:attachment":[{"href":"https:\/\/www.europesays.com\/fr\/wp-json\/wp\/v2\/media?parent=419568"}],"wp:term":[{"taxonomy":"category","embeddable":true,"href":"https:\/\/www.europesays.com\/fr\/wp-json\/wp\/v2\/categories?post=419568"},{"taxonomy":"post_tag","embeddable":true,"href":"https:\/\/www.europesays.com\/fr\/wp-json\/wp\/v2\/tags?post=419568"}],"curies":[{"name":"wp","href":"https:\/\/api.w.org\/{rel}","templated":true}]}}