{"id":419570,"date":"2025-09-26T18:51:10","date_gmt":"2025-09-26T18:51:10","guid":{"rendered":"https:\/\/www.europesays.com\/fr\/419570\/"},"modified":"2025-09-26T18:51:10","modified_gmt":"2025-09-26T18:51:10","slug":"en-gironde-le-projet-de-reconversion-de-lancien-site-ford-de-blanquefort-seduit-le-conseil-municipal","status":"publish","type":"post","link":"https:\/\/www.europesays.com\/fr\/419570\/","title":{"rendered":"En Gironde, le projet de reconversion de l\u2019ancien site Ford de Blanquefort s\u00e9duit le conseil municipal"},"content":{"rendered":"<p>\u00c0 Blanquefort, les avis municipaux sur les sujets \u00e9conomiques sont \u00e0 g\u00e9om\u00e9trie variable. Illustration le 22\u00a0septembre dernier en conseil municipal. Deux d\u00e9lib\u00e9rations s\u2019encha\u00eenaient, l\u2019une portant sur le projet de raffinerie Emme, l\u2019autre sur la r\u00e9industrialisation de l\u2019ex-site Ford par <a href=\"https:\/\/www.axtom.eu\/\" target=\"_blank\" rel=\"nofollow noopener\">la soci\u00e9t\u00e9 Axtom<\/a>. Dans les deux cas, les \u00e9lus \u00e9taient appel\u00e9s \u00e0 se prononcer sur le dossier de demande d\u2019autorisation environnementale. Si <a href=\"https:\/\/www.sudouest.fr\/gironde\/blanquefort\/projet-de-raffinerie-emme-nos-habitants-attendent-des-paroles-politiques-claires-exhorte-une-elue-de-blanquefort-26050924.php\" rel=\"nofollow noopener\" target=\"_blank\">le premier cit\u00e9 a suscit\u00e9 palabres, contorsions et divisions<\/a>, le second est pass\u00e9 comme une lettre \u00e0 la Poste, dans un climat de consensus politique conclu par un avis favorable unanime.<\/p>\n<p>Contexte. <a href=\"https:\/\/www.sudouest.fr\/gironde\/blanquefort\/axtom-redessine-l-avenir-des-50-hectares-de-l-ancien-site-de-ford-a-blanquefort-33-15892943.php\" target=\"_blank\" rel=\"follow nofollow noopener\">Axtom a sign\u00e9 en juin 2023 une promesse de vente<\/a> avec la firme automobile am\u00e9ricaine pour transformer la friche en parc d\u2019activit\u00e9. \u00ab\u00a0Pendant cinquante ans, ce site fut d\u00e9di\u00e9 \u00e0 l\u2019activit\u00e9 \u00e9conomique. La fermeture de Ford a traumatis\u00e9 la population, laquelle est fortement en attente d\u2019une requalification des lieux pour retrouver emploi et industrie\u00a0\u00bb, affirme la maire V\u00e9ronique Ferreira.<\/p>\n<p>Objectif\u00a0: 2\u00a0500 emplois<\/p>\n<p>L\u2019usine reposait sur une dalle de 14\u00a0hectares entour\u00e9e de parkings. \u00ab\u00a0Disposer de 50\u00a0hectares d\u2019un seul tenant en zone d\u2019activit\u00e9 \u00e9conomique est une opportunit\u00e9 quasi-unique\u00a0\u00bb, soutient l\u2019\u00e9lue. Le site a fait l\u2019objet d\u2019une d\u00e9pollution.<\/p>\n<p>Axtom ambitionne la cr\u00e9ation de 2\u00a0500\u00a0emplois. S\u2019agissant des aspects environnementaux du dossier, les collectivit\u00e9s ont demand\u00e9 une densification relativement importante de la parcelle\u00a0: 25\u00a0hectares de b\u00e2ti, soit la moiti\u00e9 de la superficie. Pas d\u2019un seul tenant mais de fa\u00e7on fragment\u00e9e. Le maintien d\u2019une trame verte est pr\u00e9vu en c\u0153ur d\u2019\u00eelot, ainsi que des noues (foss\u00e9s) paysag\u00e8res. 2\u00a0000\u00a0arbres et arbustes seront plant\u00e9s, notamment pour r\u00e9duire l\u2019effet \u00eelot de chaleur. \u00c0 l\u2019\u00e9poque de Ford, ils n\u2019\u00e9taient qu\u2019une cinquantaine.<\/p>\n<p>Compensation<\/p>\n<p>Le porteur s\u2019est vu imposer (par l\u2019\u00c9tat) des mesures de compensation li\u00e9es \u00e0 des enjeux naturels (pr\u00e9sence du milan noir et du petit gravelot). \u00ab\u00a0On pouvait s\u2019interroger sur la pr\u00e9sence d\u2019habitats \u00e0 cet endroit, conc\u00e8de l\u2019\u00e9lue. Cela a demand\u00e9 un gros travail.\u00a0\u00bb <a href=\"https:\/\/www.sudouest.fr\/gironde\/blanquefort\/blanquefort-axtom-l-amenageur-des-terrains-de-l-ex-usine-ford-contraint-a-des-compensations-environnementales-21752283.php\" rel=\"nofollow noopener\" target=\"_blank\">Et pas mal de sueurs froides pour trouver les terrains sans faire d\u00e9raper le calendrier<\/a>. Finalement, Axtom compensera sur plus de 6\u00a0hectares\u00a0: quatre sur place et deux \u00e0 Parempuyre, en limite de Blanquefort. En mati\u00e8re d\u2019insertion paysag\u00e8re, quasiment 40\u00a0% de l\u2019emprise sera en pleine terre, ce qui permettra de travailler in situ \u00e0 des solutions de stockage des eaux pluviales.<\/p>\n<p>Plusieurs lots seront construits, certains d\u00e9di\u00e9s aux TPE et \u00e0 l\u2019artisanat, d\u2019autres plus sp\u00e9cifiquement \u00e0 l\u2019industrie. Le projet int\u00e8gre la production \u00e9lectrique par les \u00e9nergies renouvelables. Des panneaux photovolta\u00efques occuperont 30\u00a0% au moins des toitures et ombri\u00e8res. L\u2019\u00e9lu d\u2019opposition Luc Sibrac a salu\u00e9 les intentions, le \u00ab\u00a0renouveau esp\u00e9r\u00e9\u00a0\u00bb. \u00ab\u00a0La grosse diff\u00e9rence, c\u2019est que nous avions des difficult\u00e9s \u00e0 parler avec Ford, reconna\u00eet V\u00e9ronique Ferreira. L\u00e0, avec Axtom, le travail est fluide. On se dit les choses. Il n\u2019y a pas de cris, pas de larmes.\u00a0\u00bb<\/p>\n","protected":false},"excerpt":{"rendered":"\u00c0 Blanquefort, les avis municipaux sur les sujets \u00e9conomiques sont \u00e0 g\u00e9om\u00e9trie variable. Illustration le 22\u00a0septembre dernier en&hellip;\n","protected":false},"author":2,"featured_media":419571,"comment_status":"","ping_status":"","sticky":false,"template":"","format":"standard","meta":{"footnotes":""},"categories":[2817],"tags":[1111,11,1997,1777,674,1011,27,12,2219,25],"class_list":{"0":"post-419570","1":"post","2":"type-post","3":"status-publish","4":"format-standard","5":"has-post-thumbnail","7":"category-bordeaux","8":"tag-actu","9":"tag-actualites","10":"tag-bordeaux","11":"tag-eu","12":"tag-europe","13":"tag-fr","14":"tag-france","15":"tag-news","16":"tag-nouvelle-aquitaine","17":"tag-republique-francaise"},"share_on_mastodon":{"url":"https:\/\/pubeurope.com\/@fr\/115272108190228803","error":""},"_links":{"self":[{"href":"https:\/\/www.europesays.com\/fr\/wp-json\/wp\/v2\/posts\/419570","targetHints":{"allow":["GET"]}}],"collection":[{"href":"https:\/\/www.europesays.com\/fr\/wp-json\/wp\/v2\/posts"}],"about":[{"href":"https:\/\/www.europesays.com\/fr\/wp-json\/wp\/v2\/types\/post"}],"author":[{"embeddable":true,"href":"https:\/\/www.europesays.com\/fr\/wp-json\/wp\/v2\/users\/2"}],"replies":[{"embeddable":true,"href":"https:\/\/www.europesays.com\/fr\/wp-json\/wp\/v2\/comments?post=419570"}],"version-history":[{"count":0,"href":"https:\/\/www.europesays.com\/fr\/wp-json\/wp\/v2\/posts\/419570\/revisions"}],"wp:featuredmedia":[{"embeddable":true,"href":"https:\/\/www.europesays.com\/fr\/wp-json\/wp\/v2\/media\/419571"}],"wp:attachment":[{"href":"https:\/\/www.europesays.com\/fr\/wp-json\/wp\/v2\/media?parent=419570"}],"wp:term":[{"taxonomy":"category","embeddable":true,"href":"https:\/\/www.europesays.com\/fr\/wp-json\/wp\/v2\/categories?post=419570"},{"taxonomy":"post_tag","embeddable":true,"href":"https:\/\/www.europesays.com\/fr\/wp-json\/wp\/v2\/tags?post=419570"}],"curies":[{"name":"wp","href":"https:\/\/api.w.org\/{rel}","templated":true}]}}