{"id":419572,"date":"2025-09-26T18:52:10","date_gmt":"2025-09-26T18:52:10","guid":{"rendered":"https:\/\/www.europesays.com\/fr\/419572\/"},"modified":"2025-09-26T18:52:10","modified_gmt":"2025-09-26T18:52:10","slug":"un-suspect-arrete-la-victime-toujours-plongee-dans-le-coma","status":"publish","type":"post","link":"https:\/\/www.europesays.com\/fr\/419572\/","title":{"rendered":"un suspect arr\u00eat\u00e9, la victime toujours plong\u00e9e dans le coma"},"content":{"rendered":"<p>Les enqu\u00eateurs de la brigade d\u2019atteinte aux personnes du Service local de police judiciaire (SLPJ) de la division centre lui ont notifi\u00e9 son placement en garde \u00e0 vue. L\u2019enqu\u00eate est ouverte pour violences ayant entra\u00een\u00e9 une infirmit\u00e9 permanente. Le suspect, \u00e2g\u00e9 de 23\u00a0ans, pourrait \u00eatre pr\u00e9sent\u00e9 \u00e0 un magistrat du parquet d\u00e8s ce samedi.<\/p>\n<p>Gri\u00e8vement bless\u00e9 au cr\u00e2ne<\/p>\n<p>Mardi, le mis en cause \u00e9tait convi\u00e9 chez un couple habitant un immeuble de la rue Sainte-Catherine, entre le cours Victor-Hugo et la place de la Victoire. Arriv\u00e9 sur place, il a appel\u00e9 ses h\u00f4tes en expliquant ne pas trouver son chemin. La victime, un homme de 27\u00a0ans, est descendue pour le retrouver. Ne les voyant pas monter, son compagnon est descendu \u00e0 son tour, vers 22\u00a0heures.<\/p>\n","protected":false},"excerpt":{"rendered":"Les enqu\u00eateurs de la brigade d\u2019atteinte aux personnes du Service local de police judiciaire (SLPJ) de la division&hellip;\n","protected":false},"author":2,"featured_media":419573,"comment_status":"","ping_status":"","sticky":false,"template":"","format":"standard","meta":{"footnotes":""},"categories":[2817],"tags":[1111,11,1997,1777,674,1011,27,12,2219,25],"class_list":{"0":"post-419572","1":"post","2":"type-post","3":"status-publish","4":"format-standard","5":"has-post-thumbnail","7":"category-bordeaux","8":"tag-actu","9":"tag-actualites","10":"tag-bordeaux","11":"tag-eu","12":"tag-europe","13":"tag-fr","14":"tag-france","15":"tag-news","16":"tag-nouvelle-aquitaine","17":"tag-republique-francaise"},"share_on_mastodon":{"url":"https:\/\/pubeurope.com\/@fr\/115272112187958651","error":""},"_links":{"self":[{"href":"https:\/\/www.europesays.com\/fr\/wp-json\/wp\/v2\/posts\/419572","targetHints":{"allow":["GET"]}}],"collection":[{"href":"https:\/\/www.europesays.com\/fr\/wp-json\/wp\/v2\/posts"}],"about":[{"href":"https:\/\/www.europesays.com\/fr\/wp-json\/wp\/v2\/types\/post"}],"author":[{"embeddable":true,"href":"https:\/\/www.europesays.com\/fr\/wp-json\/wp\/v2\/users\/2"}],"replies":[{"embeddable":true,"href":"https:\/\/www.europesays.com\/fr\/wp-json\/wp\/v2\/comments?post=419572"}],"version-history":[{"count":0,"href":"https:\/\/www.europesays.com\/fr\/wp-json\/wp\/v2\/posts\/419572\/revisions"}],"wp:featuredmedia":[{"embeddable":true,"href":"https:\/\/www.europesays.com\/fr\/wp-json\/wp\/v2\/media\/419573"}],"wp:attachment":[{"href":"https:\/\/www.europesays.com\/fr\/wp-json\/wp\/v2\/media?parent=419572"}],"wp:term":[{"taxonomy":"category","embeddable":true,"href":"https:\/\/www.europesays.com\/fr\/wp-json\/wp\/v2\/categories?post=419572"},{"taxonomy":"post_tag","embeddable":true,"href":"https:\/\/www.europesays.com\/fr\/wp-json\/wp\/v2\/tags?post=419572"}],"curies":[{"name":"wp","href":"https:\/\/api.w.org\/{rel}","templated":true}]}}