{"id":419576,"date":"2025-09-26T18:54:10","date_gmt":"2025-09-26T18:54:10","guid":{"rendered":"https:\/\/www.europesays.com\/fr\/419576\/"},"modified":"2025-09-26T18:54:10","modified_gmt":"2025-09-26T18:54:10","slug":"la-mairie-va-porter-plainte-contre-deux-elus-de-la-france-insoumise","status":"publish","type":"post","link":"https:\/\/www.europesays.com\/fr\/419576\/","title":{"rendered":"La mairie va porter plainte contre deux \u00e9lus de La France Insoumise"},"content":{"rendered":"<p>            Par<br \/>\n        <strong><br \/>\n            <a href=\"https:\/\/actu.fr\/auteur\/david-saint-sernin\" title=\"Consulter tous les articles de David Saint-Sernin\" target=\"_blank\" rel=\"noopener\">David Saint-Sernin<\/a><br \/>\n        <\/strong><\/p>\n<p>        Publi\u00e9 le<\/p>\n<p>            26 sept. 2025 \u00e0 20h35        <\/p>\n<p>\u00c0 quelques mois du scrutin <a href=\"https:\/\/actu.fr\/toulouse\/politique\/elections-municipales\" target=\"_blank\" rel=\"noopener\">des \u00e9lections municipales<\/a>, le combat entre la majorit\u00e9 municipale et son opposition, va se d\u00e9porter devant les tribunaux. Ce vendredi 26\u00a0septembre 2025, le conseil municipal vote une d\u00e9lib\u00e9ration pour acter un <strong>d\u00e9p\u00f4t de plainte de la mairie de Toulouse<\/strong> contre deux \u00e9lus toulousains de <strong>La France Insoumise<\/strong>\u2009: <a href=\"https:\/\/actu.fr\/occitanie\/toulouse_31555\/municipales-2026-a-toulouse-cantine-gratuite-et-ecoles-renovees-les-promesses-de-francois-piquemal-lfi_63109441.html\" target=\"_blank\" rel=\"noopener\">le d\u00e9put\u00e9 de Haute-Garonne et candidat aux municipales \u00e0 Toulouse, Fran\u00e7ois Piquemal,<\/a> et la conseill\u00e8re municipale et m\u00e9tropolitaine (LFI) d\u2019opposition, <strong>Agathe Roby.<\/strong><\/p>\n<p>Des propos tenus avant l\u2019\u00e9t\u00e9<\/p>\n<p class=\" wall-content\">Plusieurs propos rapport\u00e9s dans la presse locale, ces derniers mois, font l\u2019objet de cette plainte.<\/p>\n<p class=\" wall-content\">Le 13\u00a0juin dernier, <strong>Agathe Roby<\/strong> a d\u00e9clar\u00e9 \u00ab\u2009Toulouse, c\u2019est Balkanyland\u2009\u00bb. Une accusation r\u00e9it\u00e9r\u00e9e lors de ce conseil municipal de vendredi, particuli\u00e8rement virulent entre les deux camps.<\/p>\n<p class=\" wall-content\">Le 18\u00a0juin dernier, les deux \u00e9lus avaient cosign\u00e9 un communiqu\u00e9 dans lequel ils indiquaient\u2009: \u00ab\u2009Plus que jamais, nous r\u00e9affirmons qu\u2019il est temps d\u2019assainir le Capitole de la corruption et du client\u00e9lisme, et d\u2019assurer aux Toulousains une vie politique saine et honn\u00eate\u2009\u00bb.<\/p>\n<p>\u00ab\u2009Des accusations sans aucun fondement\u2009\u00bb<\/p>\n<p class=\" wall-content\">\u00ab\u2009Des propos portant gravement atteinte \u00e0 l\u2019honneur et \u00e0 la consid\u00e9ration de la mairie de Toulouse\u2009\u00bb, estime la mairie qui poursuit\u2009:<\/p>\n<p>Vid\u00e9os : en ce moment sur Actu<\/p>\n<p class=\" wall-content\">\u00ab\u2009Ces affirmations et accusations ne reposent sur aucun fondement et paraissent constituer\u00a0une diffamation publique \u00e0 l\u2019encontre de la mairie de Toulouse\u2009\u00bb.<\/p>\n<p class=\" wall-content\">Jean-Luc Moudenc a annonc\u00e9 avoir \u00ab\u2009d\u00e9j\u00e0 saisi le doyen des juges d\u2019instruction par lettre en date du 14\u00a0ao\u00fbt 2025\u2009\u00bb.<\/p>\n<p>Votre r\u00e9gion, votre actu !<\/p>\n<p>Recevez chaque jour les infos qui comptent pour vous.<\/p>\n<p>\t<a href=\"https:\/\/actu.fr\/newsletter\" class=\"ac-btn ac-btn--corner ac-btn--medium ac-btn--blue800\" target=\"_blank\" rel=\"noopener\">S&rsquo;incrire<\/a><\/p>\n<p class=\" wall-content\">Une autre plainte a \u00e9t\u00e9 d\u00e9pos\u00e9e contre Agathe Roby, cette fois-ci par <strong>Sacha Briand<\/strong> concernant des propos tenus il y a quelques mois. L\u2019\u00e9lu a demand\u00e9 la protection fonctionnelle, qui est accord\u00e9e, selon la loi, \u00e0 chaque \u00e9lu exer\u00e7ant une d\u00e9l\u00e9gation de fonction.<\/p>\n<p>\u00ab\u2009Campagne de caniveau\u2009\u00bb contre \u00ab\u2009Madame Caniveau\u2009\u00bb<\/p>\n<p class=\" wall-content\">Ce vendredi matin, les \u00e9changes ont \u00e9t\u00e9 \u00e0 nouveau particuli\u00e8rement tendus et les attaques vigoureuses entre certains \u00e9lus d\u2019opposition et la majorit\u00e9 en place.<\/p>\n<p class=\" wall-content\"><a href=\"https:\/\/actu.fr\/occitanie\/toulouse_31555\/municipales-a-toulouse-agathe-roby-francois-piquemal-sera-un-bon-candidat-pour-renverser-jean-luc-moudenc_61924190.html\" target=\"_blank\" rel=\"noopener\">Agathe Roby<\/a><strong>,<\/strong> comme elle l\u2019avait fait il y a quelques jours, a d\u00e9nonc\u00e9 \u00ab\u2009une campagne de caniveau\u2009\u00bb\u2009:<\/p>\n<p class=\" wall-content\">\u00ab\u2009La campagne municipale a commenc\u00e9 le 1er\u00a0septembre. Vous avez choisi un terrain de campagne\u2009: le caniveau\u2009\u00bb.<\/p>\n<p class=\" wall-content\"><strong>Jean-Luc Moudenc<\/strong> lui a, en r\u00e9ponse, attribu\u00e9 le nom de \u00ab\u2009Madame Caniveau\u2009\u00bb.<\/p>\n<p class=\" wall-content\">La s\u00e9ance s\u2019est poursuivie dans un <strong>climat assez d\u00e9l\u00e9t\u00e8re<\/strong> qui correspond \u00e0 la teneur des \u00e9changes au sein du conseil municipal depuis plusieurs ann\u00e9es et qui augure probablement le climat dans lequel va se d\u00e9rouler la prochaine campagne \u00e9lectorale.<\/p>\n<p class=\" wall-content\">Personnalisez votre actualit\u00e9 en ajoutant vos villes et m\u00e9dias en favori avec <a href=\"https:\/\/moncompte.actu.fr\" title=\"D\u00e9couvez Mon Actu\" rel=\"nofollow noopener\" data-trk=\"{&quot;cta&quot;:{&quot;action&quot;:&quot;https:\\\/\\\/moncompte.actu.fr&quot;,&quot;category&quot;:&quot;mon compte&quot;,&quot;from&quot;:&quot;article footer&quot;,&quot;name&quot;:&quot;Mon actu&quot;,&quot;type&quot;:&quot;cta&quot;}}\" target=\"_blank\">Mon Actu<\/a>.<\/p>\n","protected":false},"excerpt":{"rendered":"Par David Saint-Sernin Publi\u00e9 le 26 sept. 2025 \u00e0 20h35 \u00c0 quelques mois du scrutin des \u00e9lections municipales,&hellip;\n","protected":false},"author":2,"featured_media":419577,"comment_status":"","ping_status":"","sticky":false,"template":"","format":"standard","meta":{"footnotes":""},"categories":[2816],"tags":[1111,11,1777,674,1011,27,2857,1023,12,2680,316,25,2312],"class_list":{"0":"post-419576","1":"post","2":"type-post","3":"status-publish","4":"format-standard","5":"has-post-thumbnail","7":"category-toulouse","8":"tag-actu","9":"tag-actualites","10":"tag-eu","11":"tag-europe","12":"tag-fr","13":"tag-france","14":"tag-jean-luc-moudenc","15":"tag-la-france-insoumise-lfi","16":"tag-news","17":"tag-occitanie","18":"tag-politique","19":"tag-republique-francaise","20":"tag-toulouse"},"share_on_mastodon":{"url":"https:\/\/pubeurope.com\/@fr\/115272120140449640","error":""},"_links":{"self":[{"href":"https:\/\/www.europesays.com\/fr\/wp-json\/wp\/v2\/posts\/419576","targetHints":{"allow":["GET"]}}],"collection":[{"href":"https:\/\/www.europesays.com\/fr\/wp-json\/wp\/v2\/posts"}],"about":[{"href":"https:\/\/www.europesays.com\/fr\/wp-json\/wp\/v2\/types\/post"}],"author":[{"embeddable":true,"href":"https:\/\/www.europesays.com\/fr\/wp-json\/wp\/v2\/users\/2"}],"replies":[{"embeddable":true,"href":"https:\/\/www.europesays.com\/fr\/wp-json\/wp\/v2\/comments?post=419576"}],"version-history":[{"count":0,"href":"https:\/\/www.europesays.com\/fr\/wp-json\/wp\/v2\/posts\/419576\/revisions"}],"wp:featuredmedia":[{"embeddable":true,"href":"https:\/\/www.europesays.com\/fr\/wp-json\/wp\/v2\/media\/419577"}],"wp:attachment":[{"href":"https:\/\/www.europesays.com\/fr\/wp-json\/wp\/v2\/media?parent=419576"}],"wp:term":[{"taxonomy":"category","embeddable":true,"href":"https:\/\/www.europesays.com\/fr\/wp-json\/wp\/v2\/categories?post=419576"},{"taxonomy":"post_tag","embeddable":true,"href":"https:\/\/www.europesays.com\/fr\/wp-json\/wp\/v2\/tags?post=419576"}],"curies":[{"name":"wp","href":"https:\/\/api.w.org\/{rel}","templated":true}]}}