{"id":419580,"date":"2025-09-26T18:56:15","date_gmt":"2025-09-26T18:56:15","guid":{"rendered":"https:\/\/www.europesays.com\/fr\/419580\/"},"modified":"2025-09-26T18:56:15","modified_gmt":"2025-09-26T18:56:15","slug":"a-40-min-de-lille-un-grand-festival-de-la-biere-avec-38-brasseurs-sur-place-ce-week-end","status":"publish","type":"post","link":"https:\/\/www.europesays.com\/fr\/419580\/","title":{"rendered":"\u00c0 40 min de Lille, un grand festival de la bi\u00e8re avec 38 brasseurs sur place ce week-end"},"content":{"rendered":"<p>            Par<br \/>\n        <strong><br \/>\n            <a href=\"https:\/\/actu.fr\/auteur\/raphael-mahlmann\" title=\"Consulter tous les articles de Rapha\u00ebl Mahlmann\" target=\"_blank\" rel=\"noopener\">Rapha\u00ebl Mahlmann<\/a><br \/>\n        <\/strong><\/p>\n<p>        Publi\u00e9 le<\/p>\n<p>            26 sept. 2025 \u00e0 17h50        <\/p>\n<p>Un rendez-vous \u00e0 ne pas manquer pour les amateurs de bonnes bi\u00e8res locales \u00e0 40\u00a0minutes de Lille. Le <b>Festival international de la bi\u00e8re artisanale<\/b> (FIBA) de <a href=\"https:\/\/actu.fr\/hauts-de-france\/sainte-marie-cappel_59536\" target=\"_blank\" rel=\"noopener\">Saint-Marie-Cappel <\/a>(Nord) est de retour les <b>samedi 27 et dimanche 28 septembre 2025<\/b>. Au total, 38 brasseurs du Nord et du <a href=\"https:\/\/actu.fr\/hauts-de-france\/benifontaine_62107\/cette-brasserie-emblematique-du-pas-de-calais-fete-bientot-ses-100-ans-voici-son-histoire_62982928.html\" target=\"_blank\" rel=\"noopener\">Pas-de-Calais<\/a> seront sur place pour vous faire d\u00e9guster leurs bi\u00e8res d\u2019exception.<\/p>\n<p>Cambier, C\u00e9lestin, Brewbaix\u2026<\/p>\n<p class=\" wall-content\">Les <a href=\"https:\/\/actu.fr\/hauts-de-france\/roncq_59508\/roncq-cette-biere-de-la-brasserie-lilloise-elue-meilleure-ipa-de-france_63074586.html\" target=\"_blank\" rel=\"noopener\">brasseries de la m\u00e9tropole lilloise<\/a> seront de la partie ce week-end, les festivaliers pourront notamment retrouver <a href=\"https:\/\/actu.fr\/hauts-de-france\/croix_59163\/croix-la-brasserie-cambier-detruite-dans-un-terrible-incendie-durant-la-nuit_62061821.html\" target=\"_blank\" rel=\"noopener\">Cambier<\/a>, Le Singe Savant, <a href=\"https:\/\/actu.fr\/hauts-de-france\/lille_59350\/a-lille-micro-brasserie-celestin-ouvre-une-cave-bieres-rue-esquermoise_33652967.html\" target=\"_blank\" rel=\"noopener\">C\u00e9lestin<\/a> ou encore <a href=\"https:\/\/actu.fr\/hauts-de-france\/roubaix_59512\/la-brasserie-brewbaix-ouvre-une-taproom-au-centre-de-roubaix_61260408.html\" target=\"_blank\" rel=\"noopener\">Brewbaix<\/a>. <b>Plus de 120 bi\u00e8res <\/b>seront \u00e0 d\u00e9guster\u2009! Les visiteurs devront acheter un verre et 4 jetons de d\u00e9gustation pour 10 \u20ac, puis 2 \u20ac pour chaque jeton de d\u00e9gustation en plus. Tout le week-end, des animations rythmeront l\u2019\u00e9v\u00e9nement\u2009: on y retrouvera<b> un march\u00e9 de producteurs locaux<\/b>, une initiation aux jeux flamands, des man\u00e8ges et GellyBall pour les enfants et une sc\u00e8ne musicale l\u2019apr\u00e8s-midi et le soir.<\/p>\n<p class=\" wall-content\"><b>Un espace culturel <\/b>autour de la bi\u00e8re sera \u00e9galement ouvert pour rencontrer des auteurs de litt\u00e9rature et assister \u00e0 une d\u00e9monstration de brassage par l\u2019association des brasseurs amateurs de Flandre. Sans oublier l\u2019exposition \u00e0 l\u2019\u00e9glise de Sainte-Marie-Cappel sur \u00ab\u2009les Moines et la bi\u00e8re, et les retables de Flandre\u2009\u00bb.<\/p>\n<p>Le programme du FIBA<\/p>\n<p class=\" wall-content\"><b>Samedi 27\u00a0septembre<\/b><\/p>\n<p class=\" wall-content\">\u2013 15h\u2009: Ouverture du FIBA<\/p>\n<p class=\" wall-content\">\u2013 15h15\u2009: Animations musicales par le groupe ZikNZak\u00a0dans la zone accueil du public \u00ab\u2009Ch\u00e2let\u2009\u00bb<\/p>\n<p class=\" wall-content\">\u2013 15h30\u2009: Fanfare Les Dissonants\u00a0jusqu\u2019\u00e0 19h30<\/p>\n<p>Votre r\u00e9gion, votre actu !<\/p>\n<p>Recevez chaque jour les infos qui comptent pour vous.<\/p>\n<p>\t<a href=\"https:\/\/actu.fr\/newsletter\" class=\"ac-btn ac-btn--corner ac-btn--medium ac-btn--blue800\" target=\"_blank\" rel=\"noopener\">S&rsquo;incrire<\/a><\/p>\n<p class=\" wall-content\">\u2013 16h30\u2009: Initiation \u00e0 la danse<\/p>\n<p class=\" wall-content\">\u2013 17h\u2009: Au Tour du Temps\u00a0sur la sc\u00e8ne musicale<\/p>\n<p class=\" wall-content\">\u2013 18h\u2009: Inauguration du FIBA\u00a0\u00e0 l\u2019espace Culture Bi\u00e8re suivi de la proclamation des r\u00e9sultats du concours de brasseur amateur organis\u00e9 par \u00ab\u2009Les amis de la bi\u00e8re\u2009\u00bb<\/p>\n<p class=\" wall-content\">\u2013 19h\u2009: Animation musicale pendant le repas par le groupe Smitlap<\/p>\n<p class=\" wall-content\">\u2013 20h\u2009: Cl\u00f4ture de la premi\u00e8re journ\u00e9e du FIBA<\/p>\n<p class=\" wall-content\"><b>Dimanche 28\u00a0septembre<\/b><\/p>\n<p class=\" wall-content\">\u2013 10h\u2009: Ouverture du FIBA<\/p>\n<p class=\" wall-content\">\u2013 12h\u2009: Animation musicale par Smitlap\u00a0\u00e0 l\u2019espace Buvette\u2009: \u00ab\u2009Animation ap\u00e9ritif chapiteau frite\u2009\u00bb<\/p>\n<p class=\" wall-content\">\u2013 12h30\u2009: Groupe ALTA\u00cfR\u00a0sur la sc\u00e8ne musicale<\/p>\n<p class=\" wall-content\">\u2013 13h\u2009: Conf\u00e9rences avec Les amis de la bi\u00e8re Edouard Roussez, Mathieu Lesenne, Olivier Duthoit et Mathieu Glorian.<\/p>\n<p class=\" wall-content\">\u2013 14h\u2009: SILO\u00a0sur la sc\u00e8ne musicale<\/p>\n<p class=\" wall-content\">\u2013 14h30\u2009: Cassel Harmony\u00a0en d\u00e9ambulation<\/p>\n<p class=\" wall-content\">\u2013 16h\u2009: Mar\u00e9e Basse\u00a0sur la sc\u00e8ne musicale<\/p>\n<p class=\" wall-content\">\u2013 19h\u2009: Cl\u00f4ture de la deuxi\u00e8me journ\u00e9e du FIBA<b\/><\/p>\n<p class=\" wall-content\"><b>Plus d\u2019informations sur\u2009: <\/b><a href=\"https:\/\/lefiba.com\/\" target=\"_blank\" rel=\"noopener\">https:\/\/lefiba.com\/<\/a><\/p>\n<p class=\" wall-content\">Personnalisez votre actualit\u00e9 en ajoutant vos villes et m\u00e9dias en favori avec <a href=\"https:\/\/moncompte.actu.fr\" title=\"D\u00e9couvez Mon Actu\" rel=\"nofollow noopener\" data-trk=\"{&quot;cta&quot;:{&quot;action&quot;:&quot;https:\\\/\\\/moncompte.actu.fr&quot;,&quot;category&quot;:&quot;mon compte&quot;,&quot;from&quot;:&quot;article footer&quot;,&quot;name&quot;:&quot;Mon actu&quot;,&quot;type&quot;:&quot;cta&quot;}}\" target=\"_blank\">Mon Actu<\/a>.<\/p>\n","protected":false},"excerpt":{"rendered":"Par Rapha\u00ebl Mahlmann Publi\u00e9 le 26 sept. 2025 \u00e0 17h50 Un rendez-vous \u00e0 ne pas manquer pour les&hellip;\n","protected":false},"author":2,"featured_media":419581,"comment_status":"","ping_status":"","sticky":false,"template":"","format":"standard","meta":{"footnotes":""},"categories":[2815],"tags":[1111,11,1063,7722,1777,674,1011,27,811,1307,12,25,104],"class_list":{"0":"post-419580","1":"post","2":"type-post","3":"status-publish","4":"format-standard","5":"has-post-thumbnail","7":"category-lille","8":"tag-actu","9":"tag-actualites","10":"tag-animations","11":"tag-biere","12":"tag-eu","13":"tag-europe","14":"tag-fr","15":"tag-france","16":"tag-hauts-de-france","17":"tag-lille","18":"tag-news","19":"tag-republique-francaise","20":"tag-societe"},"share_on_mastodon":{"url":"https:\/\/pubeurope.com\/@fr\/115272127882643800","error":""},"_links":{"self":[{"href":"https:\/\/www.europesays.com\/fr\/wp-json\/wp\/v2\/posts\/419580","targetHints":{"allow":["GET"]}}],"collection":[{"href":"https:\/\/www.europesays.com\/fr\/wp-json\/wp\/v2\/posts"}],"about":[{"href":"https:\/\/www.europesays.com\/fr\/wp-json\/wp\/v2\/types\/post"}],"author":[{"embeddable":true,"href":"https:\/\/www.europesays.com\/fr\/wp-json\/wp\/v2\/users\/2"}],"replies":[{"embeddable":true,"href":"https:\/\/www.europesays.com\/fr\/wp-json\/wp\/v2\/comments?post=419580"}],"version-history":[{"count":0,"href":"https:\/\/www.europesays.com\/fr\/wp-json\/wp\/v2\/posts\/419580\/revisions"}],"wp:featuredmedia":[{"embeddable":true,"href":"https:\/\/www.europesays.com\/fr\/wp-json\/wp\/v2\/media\/419581"}],"wp:attachment":[{"href":"https:\/\/www.europesays.com\/fr\/wp-json\/wp\/v2\/media?parent=419580"}],"wp:term":[{"taxonomy":"category","embeddable":true,"href":"https:\/\/www.europesays.com\/fr\/wp-json\/wp\/v2\/categories?post=419580"},{"taxonomy":"post_tag","embeddable":true,"href":"https:\/\/www.europesays.com\/fr\/wp-json\/wp\/v2\/tags?post=419580"}],"curies":[{"name":"wp","href":"https:\/\/api.w.org\/{rel}","templated":true}]}}