{"id":419582,"date":"2025-09-26T18:57:10","date_gmt":"2025-09-26T18:57:10","guid":{"rendered":"https:\/\/www.europesays.com\/fr\/419582\/"},"modified":"2025-09-26T18:57:10","modified_gmt":"2025-09-26T18:57:10","slug":"linnovation-en-scene-au-coeur-de-la-foire-de-marseille","status":"publish","type":"post","link":"https:\/\/www.europesays.com\/fr\/419582\/","title":{"rendered":"L&rsquo;innovation en sc\u00e8ne au c\u0153ur de la Foire de Marseille"},"content":{"rendered":"<p>D\u00e8s l\u2019entr\u00e9e \u00e0 la<a href=\"https:\/\/www.laprovence.com\/article\/sortie-loisirs\/4825297230048314\/foire-de-marseille-retour-sur-100-ans-dhistoire-economique-et-populaire-au-parc-chanot\" target=\"_blank\" rel=\"noopener\"> Foire de Marseille<\/a>, un espace attire imm\u00e9diatement le regard\u00a0: sur la droite, une enfilade de petites tentes blanches se dessine. Sous ces toiles, une diversit\u00e9 de concepts inventifs, pionniers et cr\u00e9atifs attend les visiteurs du 26 au 28\u00a0septembre.<\/p>\n<p>Damien Molinengo et Lionel Lopez sont des anciens pompiers de la ville de Marseille. \u00c0 force d\u2019\u00e9teindre des feux et de voir les habitants se mettre en danger pour prot\u00e9ger leurs logements, ils ont eu l\u2019id\u00e9e de <a href=\"https:\/\/www.laprovence.com\/article\/societe\/25351197837922\/un-ancien-marin-pompier-invente-un-kit-pour-proteger-les-maisons-des-incendies-grace-a-un-systeme-de-brumisation\" target=\"_blank\" rel=\"noopener\">Repli<\/a>\u00a0: \u00a0\u00bb C\u2019est un kit d\u2019autoprotection qui fonctionne gr\u00e2ce \u00e0 un brumisateur et permet de cr\u00e9er une \u00ab\u00a0bulle humide\u00a0\u00bb dans la zone touch\u00e9e par le feu. On est \u00e0 une vingtaine de ventes depuis le lancement en\u00a02025. \u00a0\u00bb La brumisation est plus efficace que l\u2019eau en jet classique pour absorber de la chaleur et \u00e9touffer les flammes, surtout en espace clos.<\/p>\n<p>\u00ab\u00a0C\u2019est le <a href=\"https:\/\/www.laprovence.com\/article\/tourisme\/4366340923391214\/a-marseille-airbnb-reste-encore-la-solution-pour-des-vacances-plus-abordables\" target=\"_blank\" rel=\"noopener\">airbnb<\/a> du parking.\u00a0\u00bb Sur une autre th\u00e9matique, au stand d\u2019\u00e0 c\u00f4t\u00e9 se trouve Maureen Alimi, fondatrice de la start-up PEP\u2019S\u00a0: \u00ab\u00a0C\u2019est un parking entre particuliers qui met en relation des propri\u00e9taires de places de parking et des automobilistes via une application.\u00a0\u00bb Trouver une place de parking depuis une application est un concept nouveau que Maureen Alimi a d\u00e9velo&#8230;<\/p>\n","protected":false},"excerpt":{"rendered":"D\u00e8s l\u2019entr\u00e9e \u00e0 la Foire de Marseille, un espace attire imm\u00e9diatement le regard\u00a0: sur la droite, une enfilade&hellip;\n","protected":false},"author":2,"featured_media":419583,"comment_status":"","ping_status":"","sticky":false,"template":"","format":"standard","meta":{"footnotes":""},"categories":[2814],"tags":[17,1111,11,6521,33,1777,674,4434,1011,27,12221,884,12,882,25,7347],"class_list":{"0":"post-419582","1":"post","2":"type-post","3":"status-publish","4":"format-standard","5":"has-post-thumbnail","7":"category-marseille","8":"tag-17","9":"tag-actu","10":"tag-actualites","11":"tag-coeur","12":"tag-economie","13":"tag-eu","14":"tag-europe","15":"tag-foire","16":"tag-fr","17":"tag-france","18":"tag-linnovation","19":"tag-marseille","20":"tag-news","21":"tag-provence-alpes-cote-dazur","22":"tag-republique-francaise","23":"tag-scene"},"share_on_mastodon":{"url":"https:\/\/pubeurope.com\/@fr\/115272131769155138","error":""},"_links":{"self":[{"href":"https:\/\/www.europesays.com\/fr\/wp-json\/wp\/v2\/posts\/419582","targetHints":{"allow":["GET"]}}],"collection":[{"href":"https:\/\/www.europesays.com\/fr\/wp-json\/wp\/v2\/posts"}],"about":[{"href":"https:\/\/www.europesays.com\/fr\/wp-json\/wp\/v2\/types\/post"}],"author":[{"embeddable":true,"href":"https:\/\/www.europesays.com\/fr\/wp-json\/wp\/v2\/users\/2"}],"replies":[{"embeddable":true,"href":"https:\/\/www.europesays.com\/fr\/wp-json\/wp\/v2\/comments?post=419582"}],"version-history":[{"count":0,"href":"https:\/\/www.europesays.com\/fr\/wp-json\/wp\/v2\/posts\/419582\/revisions"}],"wp:featuredmedia":[{"embeddable":true,"href":"https:\/\/www.europesays.com\/fr\/wp-json\/wp\/v2\/media\/419583"}],"wp:attachment":[{"href":"https:\/\/www.europesays.com\/fr\/wp-json\/wp\/v2\/media?parent=419582"}],"wp:term":[{"taxonomy":"category","embeddable":true,"href":"https:\/\/www.europesays.com\/fr\/wp-json\/wp\/v2\/categories?post=419582"},{"taxonomy":"post_tag","embeddable":true,"href":"https:\/\/www.europesays.com\/fr\/wp-json\/wp\/v2\/tags?post=419582"}],"curies":[{"name":"wp","href":"https:\/\/api.w.org\/{rel}","templated":true}]}}