{"id":419594,"date":"2025-09-26T19:03:11","date_gmt":"2025-09-26T19:03:11","guid":{"rendered":"https:\/\/www.europesays.com\/fr\/419594\/"},"modified":"2025-09-26T19:03:11","modified_gmt":"2025-09-26T19:03:11","slug":"isole-a-lonu-benyamin-netanyahou-defie-la-communaute-internationale","status":"publish","type":"post","link":"https:\/\/www.europesays.com\/fr\/419594\/","title":{"rendered":"Isol\u00e9 \u00e0 l\u2019ONU, Benyamin N\u00e9tanyahou d\u00e9fie la communaut\u00e9 internationale"},"content":{"rendered":"<p>                         <img loading=\"lazy\" decoding=\"async\" src=\"https:\/\/www.europesays.com\/fr\/wp-content\/uploads\/2025\/09\/b1ec427_ftp-import-images-1-hnnqofbxi61c-2025-09-26t132321z-2128764514-rc2pzgam30ir-rtrmadp-3-un-ass.jpeg\" alt=\"Le premier ministre isra\u00e9lien Benyamin N\u00e9tanyahou s\u2019adresse \u00e0 la 80e Assembl\u00e9e g\u00e9n\u00e9rale des Nations unies, au si\u00e8ge de l\u2019ONU, \u00e0 New York, le 26\u00a0septembre 2025. \"   width=\"664\" height=\"443\"\/>    Le premier ministre isra\u00e9lien Benyamin N\u00e9tanyahou s\u2019adresse \u00e0 la 80e Assembl\u00e9e g\u00e9n\u00e9rale des Nations unies, au si\u00e8ge de l\u2019ONU, \u00e0 New York, le 26\u00a0septembre 2025.  CAITLIN OCHS \/ REUTERS                 <\/p>\n<p class=\"article__paragraph  \">Le ton \u00e9tait offensif, d\u00e9fiant, parfois vindicatif, mais, sur le fond, <a href=\"https:\/\/www.lemonde.fr\/international\/video\/2025\/09\/26\/a-l-onu-benyamin-netanyahou-rejette-les-accusations-de-genocide-commis-a-gaza_6643097_3210.html\" rel=\"nofollow noopener\" target=\"_blank\">le premier ministre Benyamin N\u00e9tanyahou a d\u00e9livr\u00e9 un discours d\u2019attente <\/a>devant l\u2019assembl\u00e9e g\u00e9n\u00e9rale de l\u2019ONU, vendredi 26\u00a0septembre \u00e0 New York. Le chef du gouvernement isra\u00e9lien a choisi d\u2019utiliser la tribune des Nations unies afin de r\u00e9p\u00e9ter l\u2019argumentaire qu\u2019il d\u00e9ploie depuis le 7\u00a0octobre\u00a02023 pour justifier ses choix militaires et politiques \u00e0 Gaza et dans l\u2019ensemble du Moyen-Orient. Pour les d\u00e9cisions importantes \u2013 sur la poursuite de l\u2019an\u00e9antissement de Gaza, les n\u00e9gociations pour la lib\u00e9ration des otages, le destin de la Cisjordanie occup\u00e9e, il faudra attendre lundi et sa rencontre avec le pr\u00e9sident am\u00e9ricain, Donald Trump, porteur d\u2019un plan en 21 points cens\u00e9 mettre fin au conflit.<\/p>\n<p>   Lire plus tard  <\/p>\n<p class=\"article__paragraph  \">Dans un contexte d\u2019isolement diplomatique, le message essentiel de M. N\u00e9tanyahou visait<a href=\"https:\/\/www.lemonde.fr\/international\/article\/2025\/09\/23\/reconnaissance-de-la-palestine-emmanuel-macron-a-ouvert-la-voie-a-une-remise-en-question-de-l-impunite-dont-israel-beneficie-depuis-des-decennies_6642619_3210.html\" rel=\"nofollow noopener\" target=\"_blank\"> la reconnaissance de l\u2019Etat palestinien<\/a>, annonc\u00e9e cette semaine par plusieurs pays membres de l\u2019ONU, dont la France, le Royaume-Uni, le Canada et l\u2019Australie. \u00ab\u00a0Isra\u00ebl ne vous permettra pas de nous imposer un Etat terroriste. Nous ne commettrons pas un suicide national parce que vous n\u2019avez pas le courage de faire face \u00e0 des m\u00e9dias hostiles et des foules antis\u00e9mites qui r\u00e9clament le sang d\u2019Isra\u00ebl\u00a0\u00bb, a-t-il ass\u00e9n\u00e9, en comparant la reconnaissance de la Palestine au fait de \u00ab\u00a0donner \u00e0 Al-Qaeda un Etat \u00e0 un mile de New York apr\u00e8s le 11-Septembre\u00a0\u00bb.<\/p>\n<p class=\"reading-mode-only \"><strong>Il vous reste 75.23% de cet article \u00e0 lire. La suite est r\u00e9serv\u00e9e aux abonn\u00e9s.<\/strong><\/p>\n","protected":false},"excerpt":{"rendered":"Le premier ministre isra\u00e9lien Benyamin N\u00e9tanyahou s\u2019adresse \u00e0 la 80e Assembl\u00e9e g\u00e9n\u00e9rale des Nations unies, au si\u00e8ge de&hellip;\n","protected":false},"author":2,"featured_media":419595,"comment_status":"","ping_status":"","sticky":false,"template":"","format":"standard","meta":{"footnotes":""},"categories":[1888],"tags":[1111,1928,11,1927,1777,674,1011,27,12,1926,626,1925,25],"class_list":{"0":"post-419594","1":"post","2":"type-post","3":"status-publish","4":"format-standard","5":"has-post-thumbnail","7":"category-paris","8":"tag-actu","9":"tag-actu-paris","10":"tag-actualites","11":"tag-actualites-paris","12":"tag-eu","13":"tag-europe","14":"tag-fr","15":"tag-france","16":"tag-news","17":"tag-news-paris","18":"tag-paris","19":"tag-paris-news","20":"tag-republique-francaise"},"share_on_mastodon":{"url":"https:\/\/pubeurope.com\/@fr\/115272155470837798","error":""},"_links":{"self":[{"href":"https:\/\/www.europesays.com\/fr\/wp-json\/wp\/v2\/posts\/419594","targetHints":{"allow":["GET"]}}],"collection":[{"href":"https:\/\/www.europesays.com\/fr\/wp-json\/wp\/v2\/posts"}],"about":[{"href":"https:\/\/www.europesays.com\/fr\/wp-json\/wp\/v2\/types\/post"}],"author":[{"embeddable":true,"href":"https:\/\/www.europesays.com\/fr\/wp-json\/wp\/v2\/users\/2"}],"replies":[{"embeddable":true,"href":"https:\/\/www.europesays.com\/fr\/wp-json\/wp\/v2\/comments?post=419594"}],"version-history":[{"count":0,"href":"https:\/\/www.europesays.com\/fr\/wp-json\/wp\/v2\/posts\/419594\/revisions"}],"wp:featuredmedia":[{"embeddable":true,"href":"https:\/\/www.europesays.com\/fr\/wp-json\/wp\/v2\/media\/419595"}],"wp:attachment":[{"href":"https:\/\/www.europesays.com\/fr\/wp-json\/wp\/v2\/media?parent=419594"}],"wp:term":[{"taxonomy":"category","embeddable":true,"href":"https:\/\/www.europesays.com\/fr\/wp-json\/wp\/v2\/categories?post=419594"},{"taxonomy":"post_tag","embeddable":true,"href":"https:\/\/www.europesays.com\/fr\/wp-json\/wp\/v2\/tags?post=419594"}],"curies":[{"name":"wp","href":"https:\/\/api.w.org\/{rel}","templated":true}]}}