{"id":41960,"date":"2025-04-21T16:58:14","date_gmt":"2025-04-21T16:58:14","guid":{"rendered":"https:\/\/www.europesays.com\/fr\/41960\/"},"modified":"2025-04-21T16:58:14","modified_gmt":"2025-04-21T16:58:14","slug":"rendre-hommage-a-une-voix-inspirante","status":"publish","type":"post","link":"https:\/\/www.europesays.com\/fr\/41960\/","title":{"rendered":"Rendre hommage \u00e0 une voix inspirante"},"content":{"rendered":"<p>Nouvelle figure de l&rsquo;anticolonialisme, Frantz Fanon aura une place \u00e0 son nom \u00e0 Lyon &#8211; DR<\/p>\n<p itemprop=\"description\"><strong>Avec la sortie au cin\u00e9ma d&rsquo;un biopic au succ\u00e8s bien plus important dans les m\u00e9dias que dans les salles fran\u00e7aises, Frantz Fanon est une nouvelle figure de l&rsquo;anticolonialisme.<\/strong><\/p>\n<p>Le psychiatre et penseur martiniquais, qui avait lutt\u00e9 pour l&rsquo;ind\u00e9pendance de l&rsquo;Alg\u00e9rie qu&rsquo;il ne verra jamais apr\u00e8s son d\u00e9c\u00e8s \u00e0 seulement 36 ans foudroy\u00e9 par une leuc\u00e9mie, aura droit \u00e0 une place \u00e0 son nom \u00e0 Lyon, en cette ann\u00e9e de centenaire de sa naissance.<\/p>\n<p>Car c&rsquo;est dans la capitale des Gaules que Frantz Fanon, devenu par la suite repr\u00e9sentant diplomatique du FLN, a suivi ses \u00e9tudes de philosophie et de psychologie \u00e0 l&rsquo;Universit\u00e9 de Lyon, puis a soutenu sa th\u00e8se en 1951.<\/p>\n<p>La mairie du 1er arrondissement de Lyon, dont la maire \u00e9cologiste <a href=\"https:\/\/www.lyonmag.com\/profil-personnalite-lyonnaise\/546\/yasmine-bouagga\" target=\"_blank\" rel=\"nofollow noopener\">Yasmine Bouagga<\/a> est tr\u00e8s impliqu\u00e9e sur les questions des relations tumultueuses entre la France et l&rsquo;Alg\u00e9rie avec <a href=\"https:\/\/www.lyonmag.com\/article\/139386\/glorifier-la-colonisation-la-statue-du-sergent-blandan-a-lyon-est-elle-en-sursis\" target=\"_blank\" rel=\"nofollow noopener\">la remise en cause du maintien de la statue du sergent Blandan en l&rsquo;\u00e9tat<\/a> place Sathonay, a annonc\u00e9 avoir d\u00e9nomm\u00e9 la place du quai Saint-Vincent face \u00e0 la passerelle de l&rsquo;Homme de la Roche.<\/p>\n<p>Yasmine Bouagga s&rsquo;est f\u00e9licit\u00e9e de \u00ab\u00a0rendre hommage \u00e0 une voix inspirante, humaniste, engag\u00e9e pour la libert\u00e9\u00a0\u00bb.<\/p>\n<p>Une fois valid\u00e9 par le conseil municipal du 15 mai prochain, le changement de nom s&rsquo;op\u00e9rera et la place Frantz-Fanon verra le jour.<\/p>\n<p>La mairie du 1er pr\u00e9voit m\u00eame un \u00e9v\u00e8nement pour son inauguration le 1er juillet prochain, avec la participation d&rsquo;intervenants qui viendront pr\u00e9senter l&rsquo;h\u00e9ritage du psychiatre.<\/p>\n<p style=\"text-align:center\"><img loading=\"lazy\" decoding=\"async\" alt=\"\" height=\"428\" src=\"https:\/\/www.europesays.com\/fr\/wp-content\/uploads\/2025\/04\/fanon2.jpg\" width=\"700\"\/><\/p>\n","protected":false},"excerpt":{"rendered":"Nouvelle figure de l&rsquo;anticolonialisme, Frantz Fanon aura une place \u00e0 son nom \u00e0 Lyon &#8211; DR Avec la&hellip;\n","protected":false},"author":2,"featured_media":41961,"comment_status":"","ping_status":"","sticky":false,"template":"","format":"standard","meta":{"footnotes":""},"categories":[1889],"tags":[1111,11,2813,2190,2430,1109,251,1112,2811,1777,674,118,1011,27,1922,1110,1114,2428,2810,12,241,316,25,2812,517,800],"class_list":{"0":"post-41960","1":"post","2":"type-post","3":"status-publish","4":"format-standard","5":"has-post-thumbnail","7":"category-lyon","8":"tag-actu","9":"tag-actualites","10":"tag-article","11":"tag-asvel","12":"tag-auvergne-rhone-alpes","13":"tag-breves","14":"tag-culture","15":"tag-depeches","16":"tag-economique","17":"tag-eu","18":"tag-europe","19":"tag-faits-divers","20":"tag-fr","21":"tag-france","22":"tag-info","23":"tag-informations","24":"tag-infos","25":"tag-lyon","26":"tag-lyonmag","27":"tag-news","28":"tag-ol","29":"tag-politique","30":"tag-republique-francaise","31":"tag-sociale","32":"tag-sport","33":"tag-transports"},"share_on_mastodon":{"url":"https:\/\/pubeurope.com\/@fr\/114377018855077239","error":""},"_links":{"self":[{"href":"https:\/\/www.europesays.com\/fr\/wp-json\/wp\/v2\/posts\/41960","targetHints":{"allow":["GET"]}}],"collection":[{"href":"https:\/\/www.europesays.com\/fr\/wp-json\/wp\/v2\/posts"}],"about":[{"href":"https:\/\/www.europesays.com\/fr\/wp-json\/wp\/v2\/types\/post"}],"author":[{"embeddable":true,"href":"https:\/\/www.europesays.com\/fr\/wp-json\/wp\/v2\/users\/2"}],"replies":[{"embeddable":true,"href":"https:\/\/www.europesays.com\/fr\/wp-json\/wp\/v2\/comments?post=41960"}],"version-history":[{"count":0,"href":"https:\/\/www.europesays.com\/fr\/wp-json\/wp\/v2\/posts\/41960\/revisions"}],"wp:featuredmedia":[{"embeddable":true,"href":"https:\/\/www.europesays.com\/fr\/wp-json\/wp\/v2\/media\/41961"}],"wp:attachment":[{"href":"https:\/\/www.europesays.com\/fr\/wp-json\/wp\/v2\/media?parent=41960"}],"wp:term":[{"taxonomy":"category","embeddable":true,"href":"https:\/\/www.europesays.com\/fr\/wp-json\/wp\/v2\/categories?post=41960"},{"taxonomy":"post_tag","embeddable":true,"href":"https:\/\/www.europesays.com\/fr\/wp-json\/wp\/v2\/tags?post=41960"}],"curies":[{"name":"wp","href":"https:\/\/api.w.org\/{rel}","templated":true}]}}