{"id":419614,"date":"2025-09-26T19:14:12","date_gmt":"2025-09-26T19:14:12","guid":{"rendered":"https:\/\/www.europesays.com\/fr\/419614\/"},"modified":"2025-09-26T19:14:12","modified_gmt":"2025-09-26T19:14:12","slug":"il-semble-que-nous-ayons-un-accord-pour-le-retour-des-otages-et-la-fin-de-la-guerre-declare-donald-trump-liberation","status":"publish","type":"post","link":"https:\/\/www.europesays.com\/fr\/419614\/","title":{"rendered":"\u00abIl semble que nous ayons un accord\u00bb pour \u00able retour des otages et la fin de la guerre\u00bb, d\u00e9clare Donald Trump \u2013 Lib\u00e9ration"},"content":{"rendered":"<p class=\"sc-cPiKLX AiZTS text-element\">Eni\u00e8me d\u00e9claration \u00e0 l\u2019emporte-pi\u00e8ce ou indication d\u2019une vraie perc\u00e9e dans les n\u00e9gociations\u00a0? \u00abIl semble que nous ayons un accord au sujet de Gaza\u00bb, a d\u00e9clar\u00e9 <a href=\"https:\/\/www.liberation.fr\/international\/amerique\/gaza-le-projet-de-riviera-de-luxe-reve-par-trump-toujours-dactualite-20250831_4PQPJ2UHOFBFHAEXUH7HAYJ7QQ\/\" target=\"_blank\" rel=\"noreferrer nofollow noopener\" title=\"https:\/\/www.liberation.fr\/international\/amerique\/gaza-le-projet-de-riviera-de-luxe-reve-par-trump-toujours-dactualite-20250831_4PQPJ2UHOFBFHAEXUH7HAYJ7QQ\/\">Donald Trump<\/a> ce vendredi 26\u00a0septembre. \u00abC\u2019est un accord qui permettra le retour des otages et la fin de la guerre\u00bb, a-t-il ajout\u00e9 devant des journalistes, sans donner plus de d\u00e9tails, avant de quitter la Maison Blanche pour assister au tournoi de golf de la Ryder Cup \u00e0 New York. <\/p>\n<p class=\"sc-cPiKLX AiZTS text-element\">En marge de l\u2019assembl\u00e9e g\u00e9n\u00e9rale de l\u2019ONU cette semaine, o\u00f9 une dizaine de pays &#8211; <a href=\"https:\/\/www.liberation.fr\/international\/amerique\/le-temps-est-venu-a-lonu-macron-reconnait-letat-de-palestine-20250922_N57HMJWQJ5ESDEOG5OGGWSLEV4\/\" target=\"_blank\" rel=\"noreferrer nofollow noopener\" title=\"https:\/\/www.liberation.fr\/international\/amerique\/le-temps-est-venu-a-lonu-macron-reconnait-letat-de-palestine-20250922_N57HMJWQJ5ESDEOG5OGGWSLEV4\/\">dont la France<\/a> &#8211; a reconnu l\u2019Etat de Palestine, le pr\u00e9sident am\u00e9ricain a sembl\u00e9 marquer une inflexion dans son soutien ind\u00e9fectible \u00e0 l\u2019Etat h\u00e9breu et \u00e0 la politique <a href=\"https:\/\/www.liberation.fr\/international\/a-lassemblee-generale-de-lonu-netanyahou-hue-des-delegues-quittent-la-salle-20250926_SYYDL2FLBFE43MDVFHO5B6ESKA\/\" target=\"_blank\" rel=\"noreferrer nofollow noopener\" title=\"https:\/\/www.liberation.fr\/international\/a-lassemblee-generale-de-lonu-netanyahou-hue-des-delegues-quittent-la-salle-20250926_SYYDL2FLBFE43MDVFHO5B6ESKA\/\">de Benyamin N\u00e9tanyahou<\/a>\u00a0: \u00abJe suis, et j\u2019ai \u00e9t\u00e9 du c\u00f4t\u00e9 d\u2019Isra\u00ebl toute ma vie, <a href=\"https:\/\/www.liberation.fr\/international\/amerique\/a-lonu-macron-tente-de-saisir-au-bond-les-revirements-de-trump-sur-lukraine-et-gaza-20250924_FSGWWOTQVZH5TPO6XQFF4YYT2I\/\" target=\"_blank\" rel=\"noreferrer nofollow noopener\" title=\"https:\/\/www.liberation.fr\/international\/amerique\/a-lonu-macron-tente-de-saisir-au-bond-les-revirements-de-trump-sur-lukraine-et-gaza-20250924_FSGWWOTQVZH5TPO6XQFF4YYT2I\/\">a dit Donald Trump \u00e0 Emmanuel Macron<\/a>, mais il est temps d\u2019arr\u00eater cette guerre\u00bb. <\/p>\n<p class=\"sc-cPiKLX AiZTS text-element\">Les \u00c9tats-Unis doivent prochainement d\u00e9voiler leur plan de paix pour le Moyen-Orient en 21 points, visant \u00e0 mettre fin au conflit qui oppose depuis pr\u00e8s de deux\u00a0ans Isra\u00ebl et le Hamas \u00e0 Gaza.<\/p>\n<p class=\"sc-cPiKLX AiZTS text-element\">Selon l\u2019envoy\u00e9 sp\u00e9cial am\u00e9ricain Steve Witkoff, la proposition a \u00e9t\u00e9 transmise mardi aux responsables de l\u2019Arabie saoudite, des \u00c9mirats arabes unis, du Qatar, de l\u2019\u00c9gypte, de la Jordanie, de la Turquie, de l\u2019Indon\u00e9sie et du Pakistan.<\/p>\n<p class=\"sc-cPiKLX AiZTS text-element\"><b>Plus d\u2019informations \u00e0 venir.<\/b><\/p>\n","protected":false},"excerpt":{"rendered":"Eni\u00e8me d\u00e9claration \u00e0 l\u2019emporte-pi\u00e8ce ou indication d\u2019une vraie perc\u00e9e dans les n\u00e9gociations\u00a0? \u00abIl semble que nous ayons un&hellip;\n","protected":false},"author":2,"featured_media":419615,"comment_status":"","ping_status":"","sticky":false,"template":"","format":"standard","meta":{"footnotes":""},"categories":[2],"tags":[11,75,1011,27,3522,3523,12,25],"class_list":{"0":"post-419614","1":"post","2":"type-post","3":"status-publish","4":"format-standard","5":"has-post-thumbnail","7":"category-actualites","8":"tag-actualites","9":"tag-donald-trump","10":"tag-fr","11":"tag-france","12":"tag-guerre-hamas-israel","13":"tag-israel-palestine-conflit","14":"tag-news","15":"tag-republique-francaise"},"share_on_mastodon":{"url":"https:\/\/pubeurope.com\/@fr\/115272198612576437","error":""},"_links":{"self":[{"href":"https:\/\/www.europesays.com\/fr\/wp-json\/wp\/v2\/posts\/419614","targetHints":{"allow":["GET"]}}],"collection":[{"href":"https:\/\/www.europesays.com\/fr\/wp-json\/wp\/v2\/posts"}],"about":[{"href":"https:\/\/www.europesays.com\/fr\/wp-json\/wp\/v2\/types\/post"}],"author":[{"embeddable":true,"href":"https:\/\/www.europesays.com\/fr\/wp-json\/wp\/v2\/users\/2"}],"replies":[{"embeddable":true,"href":"https:\/\/www.europesays.com\/fr\/wp-json\/wp\/v2\/comments?post=419614"}],"version-history":[{"count":0,"href":"https:\/\/www.europesays.com\/fr\/wp-json\/wp\/v2\/posts\/419614\/revisions"}],"wp:featuredmedia":[{"embeddable":true,"href":"https:\/\/www.europesays.com\/fr\/wp-json\/wp\/v2\/media\/419615"}],"wp:attachment":[{"href":"https:\/\/www.europesays.com\/fr\/wp-json\/wp\/v2\/media?parent=419614"}],"wp:term":[{"taxonomy":"category","embeddable":true,"href":"https:\/\/www.europesays.com\/fr\/wp-json\/wp\/v2\/categories?post=419614"},{"taxonomy":"post_tag","embeddable":true,"href":"https:\/\/www.europesays.com\/fr\/wp-json\/wp\/v2\/tags?post=419614"}],"curies":[{"name":"wp","href":"https:\/\/api.w.org\/{rel}","templated":true}]}}