{"id":419616,"date":"2025-09-26T19:15:14","date_gmt":"2025-09-26T19:15:14","guid":{"rendered":"https:\/\/www.europesays.com\/fr\/419616\/"},"modified":"2025-09-26T19:15:14","modified_gmt":"2025-09-26T19:15:14","slug":"covid-apres-des-mois-de-repit-un-nouveau-variant-pourrait-replonger-la-france-dans-la-crise","status":"publish","type":"post","link":"https:\/\/www.europesays.com\/fr\/419616\/","title":{"rendered":"Covid : apr\u00e8s des mois de r\u00e9pit, un nouveau variant pourrait replonger la France dans la crise"},"content":{"rendered":"<p>C&rsquo;est le sujet qui anime les couloirs des gares, les files d&rsquo;attente \u00e0 la pharmacie, et m\u00eame les discussions autour d&rsquo;un bon caf\u00e9 : le Covid, que l&rsquo;on croyait rang\u00e9 au rayon des mauvais souvenirs, s&rsquo;invite \u00e0 nouveau dans l&rsquo;actualit\u00e9 fran\u00e7aise. \u00c0 la rentr\u00e9e 2025, le nombre de cas <strong>explose<\/strong>, faisant remonter \u00e0 la surface mille interrogations. Faut-il redouter ce nouveau variant ? Chacun tente de d\u00e9m\u00ealer la prudence de l&rsquo;inqui\u00e9tude, oscillant entre l&rsquo;envie de tourner la page et la n\u00e9cessit\u00e9 de comprendre ce qui se passe. Ce ph\u00e9nom\u00e8ne repr\u00e9sente-t-il un <strong>r\u00e9el danger<\/strong> ou une simple reconfiguration du paysage viral ?<\/p>\n<p>Le Covid refait parler de lui : une flamb\u00e9e qui surprend<br \/>\nLes chiffres en hausse : ce que disent les donn\u00e9es r\u00e9centes<\/p>\n<p>Depuis le d\u00e9but du mois de septembre 2025, la France observe une <strong>nette augmentation<\/strong> des cas de Covid. Selon les donn\u00e9es actualis\u00e9es des autorit\u00e9s sanitaires, le taux d&rsquo;incidence a doubl\u00e9 en trois semaines, d\u00e9passant localement les 320 cas pour 100 000 habitants. Les laboratoires voient leur file s&rsquo;allonger, et les pharmacies enregistrent une hausse sensible des demandes de tests. Pour bon nombre de Fran\u00e7ais, <strong>particuli\u00e8rement chez les plus de 65 ans<\/strong>, cette recrudescence n&rsquo;est pas pass\u00e9e inaper\u00e7ue.<\/p>\n<p>Un climat d&rsquo;incertitude relanc\u00e9 : r\u00e9actions de la population et des experts<\/p>\n<p>Dans les rues, les sentiments oscillent entre r\u00e9signation, lassitude et retour de l&rsquo;inqui\u00e9tude. Si certains ressortent les masques avec fatalisme, d&rsquo;autres relativisent, forts de l&rsquo;exp\u00e9rience acquise depuis 2020. Les experts, quant \u00e0 eux, <strong>multiplient les appels \u00e0 la vigilance<\/strong> sans pour autant c\u00e9der \u00e0 l&rsquo;alarmisme. L&rsquo;ambigu\u00eft\u00e9 du moment traduit une fatigue collective, mais aussi une volont\u00e9 de mieux comprendre la signification de cette \u00e9ni\u00e8me vague.<\/p>\n<p>Un nouveau variant sous les projecteurs : mythe ou menace ?<br \/>\n Ce que l&rsquo;on sait (et ignore encore) du variant en circulation<\/p>\n<p>Ce regain du Covid est associ\u00e9 \u00e0 l&rsquo;\u00e9mergence d&rsquo;un variant, <strong>identifi\u00e9 par les autorit\u00e9s sanitaires<\/strong> mais dont la nature reste en partie myst\u00e9rieuse. Les informations publi\u00e9es jusqu&rsquo;\u00e0 pr\u00e9sent indiquent que cette nouvelle souche pr\u00e9sente plusieurs mutations distinctes, principalement sur la prot\u00e9ine Spike, qui pourraient modifier sa mani\u00e8re de se propager. Toutefois, il est encore trop t\u00f4t pour tirer des conclusions d\u00e9finitives sur sa dangerosit\u00e9 r\u00e9elle.<\/p>\n<p>Sympt\u00f4mes, transmissibilit\u00e9 : ce qui change (ou pas) avec cette mutation<\/p>\n<p>Pour l&rsquo;essentiel, les sympt\u00f4mes rapport\u00e9s restent proches de ceux des variants pr\u00e9c\u00e9dents : fi\u00e8vre, fatigue, maux de gorge et parfois, <strong>troubles du go\u00fbt ou de l&rsquo;odorat<\/strong>. Cependant, certains signaux laissent penser que la transmission serait plus rapide, notamment en milieu clos. Les cas plus s\u00e9v\u00e8res semblent heureusement rares, mais la vigilance reste de mise, surtout chez les personnes fragiles. Il demeure crucial de surveiller toute \u00e9volution dans les semaines \u00e0 venir.<\/p>\n<p> Retour vers les gestes barri\u00e8res ? Ce que recommandent les autorit\u00e9s<br \/>\nMasques, isolement, vaccination : faut-il revoir notre copie ?<\/p>\n<p>Dans ce contexte, les autorit\u00e9s sanitaires rappellent <strong>l&rsquo;importance des gestes barri\u00e8res<\/strong>, m\u00eame en l&rsquo;absence de consignes strictes au niveau national. Le port du masque est recommand\u00e9 dans les lieux fortement fr\u00e9quent\u00e9s et les transports en commun. L&rsquo;isolement en cas de test positif est toujours conseill\u00e9. Quant \u00e0 la vaccination, une nouvelle campagne de rappel ciblant les seniors et les <a href=\"https:\/\/journaldesseniors.20minutes.fr\/sante\/quel-age-realiser-premiere-mammographie-cancer-sein\/\" target=\"_blank\" rel=\"noopener\">personnes \u00e0 risque<\/a> a \u00e9t\u00e9 relanc\u00e9e d\u00e9but septembre. Ces recommandations sont pr\u00e9sent\u00e9es non comme des contraintes, mais comme des outils pour limiter la diffusion du virus.<\/p>\n<p> L&rsquo;efficacit\u00e9 de nos armes actuelles face \u00e0 ce variant<\/p>\n<p>Les dispositifs de protection \u00e9prouv\u00e9s lors des vagues pr\u00e9c\u00e9dentes restent <strong>globalement efficaces<\/strong>. Les vaccins adaptent leur cible gr\u00e2ce \u00e0 la mise \u00e0 jour r\u00e9guli\u00e8re de leurs formulations. Les gestes simples comme l&rsquo;a\u00e9ration des pi\u00e8ces, le lavage fr\u00e9quent des mains ou le port du masque lors de situations \u00e0 risque conservent leur pertinence. Chacun peut ainsi jouer son r\u00f4le pour ralentir la propagation, sans pour autant c\u00e9der \u00e0 la panique.<\/p>\n<p>H\u00f4pitaux et professionnels de sant\u00e9 : faut-il craindre une nouvelle tension ?<br \/>\n\u00c9tat des lieux sur le terrain : observations et alertes des soignants<\/p>\n<p>Sur le terrain, les h\u00f4pitaux se pr\u00e9parent. Si plusieurs services d&rsquo;urgences ont signal\u00e9 une l\u00e9g\u00e8re hausse des admissions pour Covid chez les personnes \u00e2g\u00e9es ou fragilis\u00e9es, la situation demeure pour l&rsquo;instant <strong>sous contr\u00f4le<\/strong>. Les soignants, forts de leur exp\u00e9rience, appellent \u00e0 la vigilance, soulignant que la moindre perte de r\u00e9activit\u00e9 pourrait rapidement conduire \u00e0 une saturation. Ils mettent aussi en avant les progr\u00e8s r\u00e9alis\u00e9s en mati\u00e8re de prise en charge et les dispositifs mis en place ces derniers mois.<\/p>\n<p>Plan blanc, organisation, adaptabilit\u00e9 : les coulisses de la riposte<\/p>\n<p>De nombreux \u00e9tablissements ont r\u00e9activ\u00e9 leur \u00ab\u00a0plan blanc\u00a0\u00bb de mani\u00e8re pr\u00e9ventive. Cette mesure permet d&rsquo;<strong>anticiper d&rsquo;\u00e9ventuelles vagues d&rsquo;admissions<\/strong> et de garantir la disponibilit\u00e9 des ressources humaines et mat\u00e9rielles. Les r\u00e9seaux de soins \u00e0 domicile, si pr\u00e9cieux aupr\u00e8s des a\u00een\u00e9s, sont aussi mobilis\u00e9s. La coordination s&rsquo;affine : chaque professionnel conna\u00eet les proc\u00e9dures \u00e0 r\u00e9appliquer si besoin. Ce dispositif organisationnel vise avant tout \u00e0 rassurer et \u00e0 d\u00e9montrer que, d\u00e9sormais, le pays poss\u00e8de une meilleure capacit\u00e9 d&rsquo;adaptation face \u00e0 la crise.<\/p>\n<p> Faut-il s&rsquo;inqui\u00e9ter ou relativiser ? D\u00e9m\u00ealer le vrai du faux<br \/>\nComparaison avec les vagues pr\u00e9c\u00e9dentes : diff\u00e9rence de contexte<\/p>\n<p>Le contexte de 2025 diff\u00e8re sensiblement de celui du printemps 2020. <strong>Pr\u00e8s de 90 % des Fran\u00e7ais disposent d&rsquo;une immunit\u00e9 acquise<\/strong>, qu&rsquo;elle soit vaccinale ou naturelle. Les outils diagnostiques, le suivi m\u00e9dical, les traitements ont gagn\u00e9 en efficacit\u00e9. M\u00eame si l&rsquo;incertitude persiste, le socle de la soci\u00e9t\u00e9 s&rsquo;est adapt\u00e9. Ce n&rsquo;est plus l&rsquo;inconnu total ; cela change la perception et la r\u00e9alit\u00e9 du risque.<\/p>\n<p>Rumeurs, peurs, et r\u00e9alit\u00e9s : comment garder la t\u00eate froide<\/p>\n<p>Les r\u00e9seaux sociaux bruissent de rumeurs, et certains chiffres hors contexte circulent, g\u00e9n\u00e9rant parfois <strong>plus d&rsquo;inqui\u00e9tude que de raison<\/strong>. Parmi les craintes r\u00e9currentes, le retour d&rsquo;un confinement s\u00e9vit dans l&rsquo;imaginaire collectif. Or, les autorit\u00e9s insistent : il s&rsquo;agit aujourd&rsquo;hui d&rsquo;apprendre \u00e0 cohabiter avec le virus, sans c\u00e9der \u00e0 l&#8217;emballement ni au d\u00e9ni. Prendre du recul, v\u00e9rifier l&rsquo;information et privil\u00e9gier des sources fiables constitue un r\u00e9flexe salvateur.<\/p>\n<p> Qu&rsquo;est-ce que cette nouvelle vague change pour la suite ?<br \/>\nVers une cohabitation avec le virus : quels ajustements attendre ?<\/p>\n<p>Vivre avec le Covid s&rsquo;apparente d\u00e9sormais \u00e0 une nouvelle normalit\u00e9, comparable \u00e0 la gestion de la grippe saisonni\u00e8re. On peut s&rsquo;attendre \u00e0 une <strong>adaptation progressive des recommandations<\/strong>, modul\u00e9es selon la gravit\u00e9 locale ou la vuln\u00e9rabilit\u00e9 des populations. Les dispositifs d&rsquo;information resteront essentiels pour ajuster les r\u00e9flexes collectifs sans alourdir le quotidien.<\/p>\n<p> Conseils pour les prochaines semaines et pistes pour s&rsquo;informer sans paniquer<\/p>\n<p>Dans les jours \u00e0 venir, il reste judicieux de surveiller l&rsquo;\u00e9volution des consignes officielles, d&rsquo;adopter les gestes barri\u00e8res adapt\u00e9s \u00e0 chaque contexte et d&rsquo;entretenir une <strong>routine pr\u00e9ventive<\/strong> : a\u00e9rer, se laver fr\u00e9quemment les mains, porter un masque si besoin. L&rsquo;essentiel est de s&rsquo;informer sans anxi\u00e9t\u00e9 chronique, en restant attentif \u00e0 ses propres fragilit\u00e9s et \u00e0 celles de ses proches. Ces \u00e9l\u00e9ments de vigilance permettront d&rsquo;aborder l&rsquo;automne sereinement.<\/p>\n<p>La flamb\u00e9e actuelle du Covid en France t\u00e9moigne d&rsquo;un virus toujours impr\u00e9visible, mais elle r\u00e9v\u00e8le aussi notre <strong>capacit\u00e9 d&rsquo;adaptation<\/strong>, forg\u00e9e par cinq ann\u00e9es d&rsquo;exp\u00e9rience collective. Entre vigilance et confiance, entre prudence et retour \u00e0 la vie ordinaire, une part d&rsquo;incertitude persiste, mais la page de 2020 est bel et bien tourn\u00e9e. Chacun doit maintenant trouver un nouvel \u00e9quilibre, en restant inform\u00e9 et solidaire, pour que cette vague devienne un moment d&rsquo;apprentissage partag\u00e9 plut\u00f4t qu&rsquo;une source de craintes renouvel\u00e9es.<\/p>\n","protected":false},"excerpt":{"rendered":"C&rsquo;est le sujet qui anime les couloirs des gares, les files d&rsquo;attente \u00e0 la pharmacie, et m\u00eame les&hellip;\n","protected":false},"author":2,"featured_media":419617,"comment_status":"","ping_status":"","sticky":false,"template":"","format":"standard","meta":{"footnotes":""},"categories":[2],"tags":[11,1011,27,12,56,25],"class_list":{"0":"post-419616","1":"post","2":"type-post","3":"status-publish","4":"format-standard","5":"has-post-thumbnail","7":"category-actualites","8":"tag-actualites","9":"tag-fr","10":"tag-france","11":"tag-news","12":"tag-push","13":"tag-republique-francaise"},"share_on_mastodon":{"url":"https:\/\/pubeurope.com\/@fr\/115272202567059215","error":""},"_links":{"self":[{"href":"https:\/\/www.europesays.com\/fr\/wp-json\/wp\/v2\/posts\/419616","targetHints":{"allow":["GET"]}}],"collection":[{"href":"https:\/\/www.europesays.com\/fr\/wp-json\/wp\/v2\/posts"}],"about":[{"href":"https:\/\/www.europesays.com\/fr\/wp-json\/wp\/v2\/types\/post"}],"author":[{"embeddable":true,"href":"https:\/\/www.europesays.com\/fr\/wp-json\/wp\/v2\/users\/2"}],"replies":[{"embeddable":true,"href":"https:\/\/www.europesays.com\/fr\/wp-json\/wp\/v2\/comments?post=419616"}],"version-history":[{"count":0,"href":"https:\/\/www.europesays.com\/fr\/wp-json\/wp\/v2\/posts\/419616\/revisions"}],"wp:featuredmedia":[{"embeddable":true,"href":"https:\/\/www.europesays.com\/fr\/wp-json\/wp\/v2\/media\/419617"}],"wp:attachment":[{"href":"https:\/\/www.europesays.com\/fr\/wp-json\/wp\/v2\/media?parent=419616"}],"wp:term":[{"taxonomy":"category","embeddable":true,"href":"https:\/\/www.europesays.com\/fr\/wp-json\/wp\/v2\/categories?post=419616"},{"taxonomy":"post_tag","embeddable":true,"href":"https:\/\/www.europesays.com\/fr\/wp-json\/wp\/v2\/tags?post=419616"}],"curies":[{"name":"wp","href":"https:\/\/api.w.org\/{rel}","templated":true}]}}