{"id":419624,"date":"2025-09-26T19:23:11","date_gmt":"2025-09-26T19:23:11","guid":{"rendered":"https:\/\/www.europesays.com\/fr\/419624\/"},"modified":"2025-09-26T19:23:11","modified_gmt":"2025-09-26T19:23:11","slug":"quercy-brievement-suspendu-pour-des-propos-vehements-sur-galthie-eurosport","status":"publish","type":"post","link":"https:\/\/www.europesays.com\/fr\/419624\/","title":{"rendered":"Quercy bri\u00e8vement suspendu pour des propos v\u00e9h\u00e9ments sur Galthi\u00e9 &#8211; Eurosport"},"content":{"rendered":"<ol>\n<li><a href=\"https:\/\/news.google.com\/rss\/articles\/CBMi-wFBVV95cUxOTDRjUlphRFRYeU1aOF84YzRjMG5xUHFrbDZPNGpFWVg2MXdaMnJJUnNXU3BpbkZ3VXQxdDBaQ21fU2JONkMxQ2wyNW4xOWItNTYxUHM5UENwUmtRdko3SkpsRE5qTldhQTdMWE9wZ3luZUxjRkhmV2d1dVl6ak9rY3JsWm40VENod0dvdEY2MFBWX3YtZ25NNTdzNFBaczZaRnBrSXVSNU5nb3lWbzFRNS1VSU9jVmRwMVJ5cXpVcFJPU3ctOWQ4TGRPakdIdnI0b29yTXo2VGpQWGNVUXBxN1VqaXRCZlo0Nnk2X0t3NHVkOVhpcV9qTExFSQ?oc=5\" target=\"_blank\" rel=\"noopener\">Quercy bri\u00e8vement suspendu pour des propos v\u00e9h\u00e9ments sur Galthi\u00e9<\/a>&nbsp;&nbsp;Eurosport<\/li>\n<li><a href=\"https:\/\/news.google.com\/rss\/articles\/CBMi2gFBVV95cUxNenoxSVJta3BWSzkweVp3ejFQcGlRdnNvOXpwNmdSTF9raXc2LWd4NmhMWDJ3eHF2dENzVjJKVFY3Qkh2TDBzQnFMTXpGbGNiM3h0VEZqMFJvMWlDRjJSQmJKVVViSDNOTXI5VFl2NEgtaHlxWHM2Um03eVlfWXRuQTNCdlZwaFRzX29tMmdnMEM5UG9fYmZBN2lnRzlZOFpyWnpuYndqSWFPcEdidUdHVUN4UktOQWhObFhsS3Nld2hBSnhYaUNaZU9OUlJtUXEyU2p3VDFEUF84UQ?oc=5\" target=\"_blank\" rel=\"noopener\">Top 14 &#8211; La licence de Fred Quercy a \u00e9t\u00e9 bloqu\u00e9e par la FFR apr\u00e8s ses propos sur Fabien Galthi\u00e9<\/a>&nbsp;&nbsp;Rugbyrama<\/li>\n<li><a href=\"https:\/\/news.google.com\/rss\/articles\/CBMi6wFBVV95cUxNZGZudFdNRURVcDhhNTYyUnd4ZWdsZlRyUDFtbDBNSFUzVUFxOTZpWE1yR2xranpDVS1jbUtmSWUxSVJrcmw4UnNMNDlEWDkwempjZzRiN0Rvd1hIZFY1TUxlX3VhMlliLXJwZm9lUkg3YlJlY0ZuWWFWZE9TelZiNlduSFQ1M2RJdFJLRnRRNjltRTZGUUEtTTg2TTVPSVdXNDhCeEtHT2VlWFFORVhSVkFsdElPck9zcUtnTEViWk9aWWlHemFFakVkT3E1eUtnbG5hRmMyUE5kcGNpZnJsMktpb1BPSmxwbWZB?oc=5\" target=\"_blank\" rel=\"noopener\">Top 14: capitaine de Montauban, Fred Quercy a (bri\u00e8vement) \u00e9t\u00e9 suspendu pour des propos sur Fabien Galthi\u00e9<\/a>&nbsp;&nbsp;Le Figaro<\/li>\n<li><a href=\"https:\/\/news.google.com\/rss\/articles\/CBMi8gFBVV95cUxQTkJQUzV4U1M0VjhjTG1QY0pVbXpEVTZkM1YzNVA5azV0UEstTjYzaXJjay12bVRmRVNCNjJPWGw4cVd4NnBWY1d3VE5ZdndobkNIbGtUaXhxdFYwM2dnSnlXR3NYTV9BV3hiOV9wRGxMZUxJSkwza1VMQWNjUWEwdDRpMFVnenRka0xyenljUVh1c3BBNWY0WmFZNEtBQ3NBVUhMaHg0bVRfajZoODhqMGhLTms1bXVYY3RBODhTWjFPM0g1NVJubDRHemdOWG1oYlRjQzBBX01ZSkFzVHVjQU5aWXlTTUxPdGF5cmRTRzhHQQ?oc=5\" target=\"_blank\" rel=\"noopener\">Apr\u00e8s ses propos pol\u00e9miques sur Fabien Galthi\u00e9, Fred Quercy a vu sa licence bloqu\u00e9e et ne jouera pas face au MHR<\/a>&nbsp;&nbsp;Midi Libre<\/li>\n<li><a href=\"https:\/\/news.google.com\/rss\/articles\/CBMi8gFBVV95cUxNemtqSUctSU9kdmZEYWYwWHRuTjR6Vnd2aGVTd1pocVNBVTg5RzRja2N2OGtGRm5KMUZ3enYtNm91a2YzWDBJdTBqTkRTUUJaLWZPWXVfMVZNb2wtQ3BzQ2hpeVYya3d6SVh3Ml9UOUVCRFZpRnBpN2YtaWdhUXc5eDhSSERteXJOWERFUmNvRFhGTGlkLWh6TGphZkE3VXo3Nm1rUG9UMklpRUUwam1jdUZEbDhVeHBSZ25GWm9PQTZJQ1hjMkE5RjVDaDFBazlGMHNyS0tWaEQxRUFqSFQ5UEZiR2h3eTBaZmE5N1dKTFRBQQ?oc=5\" target=\"_blank\" rel=\"noopener\">Fred Quercy (Montauban) va passer en commission de discipline apr\u00e8s ses propos sur Galthi\u00e9<\/a>&nbsp;&nbsp;Actu.fr<\/li>\n<\/ol>\n","protected":false},"excerpt":{"rendered":"Quercy bri\u00e8vement suspendu pour des propos v\u00e9h\u00e9ments sur Galthi\u00e9&nbsp;&nbsp;Eurosport Top 14 &#8211; La licence de Fred Quercy a&hellip;\n","protected":false},"author":2,"featured_media":395849,"comment_status":"","ping_status":"","sticky":false,"template":"","format":"standard","meta":{"footnotes":""},"categories":[1412],"tags":[1451,1452,1453,1454,1455,1011,27,60],"class_list":{"0":"post-419624","1":"post","2":"type-post","3":"status-publish","4":"format-standard","5":"has-post-thumbnail","7":"category-f1","8":"tag-f1","9":"tag-formula-1","10":"tag-formula1","11":"tag-formule-1","12":"tag-formule1","13":"tag-fr","14":"tag-france","15":"tag-sports"},"share_on_mastodon":{"url":"https:\/\/pubeurope.com\/@fr\/115272233972432822","error":""},"_links":{"self":[{"href":"https:\/\/www.europesays.com\/fr\/wp-json\/wp\/v2\/posts\/419624","targetHints":{"allow":["GET"]}}],"collection":[{"href":"https:\/\/www.europesays.com\/fr\/wp-json\/wp\/v2\/posts"}],"about":[{"href":"https:\/\/www.europesays.com\/fr\/wp-json\/wp\/v2\/types\/post"}],"author":[{"embeddable":true,"href":"https:\/\/www.europesays.com\/fr\/wp-json\/wp\/v2\/users\/2"}],"replies":[{"embeddable":true,"href":"https:\/\/www.europesays.com\/fr\/wp-json\/wp\/v2\/comments?post=419624"}],"version-history":[{"count":0,"href":"https:\/\/www.europesays.com\/fr\/wp-json\/wp\/v2\/posts\/419624\/revisions"}],"wp:featuredmedia":[{"embeddable":true,"href":"https:\/\/www.europesays.com\/fr\/wp-json\/wp\/v2\/media\/395849"}],"wp:attachment":[{"href":"https:\/\/www.europesays.com\/fr\/wp-json\/wp\/v2\/media?parent=419624"}],"wp:term":[{"taxonomy":"category","embeddable":true,"href":"https:\/\/www.europesays.com\/fr\/wp-json\/wp\/v2\/categories?post=419624"},{"taxonomy":"post_tag","embeddable":true,"href":"https:\/\/www.europesays.com\/fr\/wp-json\/wp\/v2\/tags?post=419624"}],"curies":[{"name":"wp","href":"https:\/\/api.w.org\/{rel}","templated":true}]}}