{"id":419629,"date":"2025-09-26T19:26:31","date_gmt":"2025-09-26T19:26:31","guid":{"rendered":"https:\/\/www.europesays.com\/fr\/419629\/"},"modified":"2025-09-26T19:26:31","modified_gmt":"2025-09-26T19:26:31","slug":"cyril-hanouna-et-tiphaine-auziere-marlene-schiappa-assume-mais-met-les-points-sur-les-i","status":"publish","type":"post","link":"https:\/\/www.europesays.com\/fr\/419629\/","title":{"rendered":"Cyril Hanouna et Tiphaine Auzi\u00e8re : Marl\u00e8ne Schiappa assume mais met les points sur les i !"},"content":{"rendered":"<p data-start=\"606\" data-end=\"1015\">La photo avait fait couler<br \/>\nbeaucoup d\u2019encre. Fin juin, <a href=\"https:\/\/www.closermag.fr\/people\/marlene-schiappa-tres-enceinte-elle-apparait-aux-bras-de-son-compagnon-pour-une-soiree-speciale-3559302\" target=\"_blank\" rel=\"noopener\"><br \/>\nMarl\u00e8ne Schiappa<\/a> recevait <strong>la L\u00e9gion d\u2019honneur<\/strong><br \/>\ndevant un parterre de personnalit\u00e9s. Parmi les invit\u00e9s : <a href=\"https:\/\/www.closermag.fr\/people\/nicolas-sarkozy-condamne-tiphaine-auziere-la-fille-de-brigitte-macron-lache-une-bombe-sur-son-beau-pere-3582526\" target=\"_blank\" rel=\"noopener\"><br \/>\nTiphaine Auzi\u00e8re<\/a>, la fille de <a href=\"https:\/\/www.closermag.fr\/politique\/brigitte-macron-accusee-detre-nee-homme-lenquete-prend-une-tournure-savonneuse-pour-marion-marechal-3581841\" target=\"_blank\" rel=\"noopener\"><br \/>\nBrigitte Macron<\/a>, mais aussi <a href=\"https:\/\/www.closermag.fr\/people\/humilie-insulte-menace-jean-michel-aphatie-en-a-plein-la-bouche-sur-cyril-hanouna-3582632\" target=\"_blank\" rel=\"noopener\"><br \/>\nCyril Hanouna<\/a>, les patrons de <a href=\"https:\/\/www.closermag.fr\/tv_tele_realite\/jai-envie-de-te-demonter-malaise-chez-canal-une-enquete-tentaculaire-diligentee-3554266\" target=\"_blank\" rel=\"noopener\"><br \/>\nCanal+<\/a>, ainsi que plusieurs ministres et parlementaires. Un<br \/>\nclich\u00e9 largement relay\u00e9 sur les r\u00e9seaux sociaux, qui avait<br \/>\nd\u00e9clench\u00e9 son lot de commentaires acerbes.<\/p>\n<p data-start=\"1017\" data-end=\"1333\">Ce 24 septembre, au micro de<br \/>\nBuzz TV, <a href=\"https:\/\/www.closermag.fr\/people\/blagues-graveleuses-sexistes-marlene-schiappa-ne-prend-pas-de-gants-pour-parler-de-france-inter-3582274\" target=\"_blank\" rel=\"noopener\"><br \/>\nl\u2019ex-secr\u00e9taire d\u2019\u00c9tat<\/a> est revenue sur cette s\u00e9quence.<br \/>\nL\u2019occasion pour elle de <strong>r\u00e9pondre calmement aux<br \/>\ncritiques<\/strong>, d\u2019assumer la photo devenue virale et de<br \/>\nrappeler les raisons pour lesquelles elle a \u00e9t\u00e9 d\u00e9cor\u00e9e. Une mise<br \/>\nau point sans d\u00e9tour, ponctu\u00e9e d\u2019humour et de r\u00e9partie.<\/p>\n<p>Marl\u00e8ne Schiappa n&rsquo;a rien \u00e0<br \/>\nse reprocher<\/p>\n<p data-start=\"1365\" data-end=\"1879\">Interrog\u00e9e par Damien Canivez<br \/>\nsur les critiques ayant suivi la diffusion de son clich\u00e9 avec les<br \/>\npersonnalit\u00e9s, Marl\u00e8ne Schiappa n\u2019a pas cherch\u00e9 \u00e0 \u00e9luder le sujet.<br \/>\n\u00ab\u00a0Non mais vous savez il y<br \/>\navait, je crois, 200 personnes, il y avait aussi beaucoup de<br \/>\nministres, de parlementaires, il y avait ma famille, et en fait, la<br \/>\nphoto qui a \u00e9t\u00e9 reprise par les m\u00e9dias c\u2019est celle-ci, <strong>que<br \/>\nj\u2019assume parfaitement.<\/strong> Je suis tr\u00e8s heureuse que chaque<br \/>\npersonne qui a eu la gentillesse de passer sa soir\u00e9e \u00e0 ma c\u00e9r\u00e9monie<br \/>\nde L\u00e9gion d\u2019honneur soit pr\u00e9sente.\u00a0\u00bb<\/p>\n<p data-start=\"1881\" data-end=\"2238\">La pr\u00e9sence de Cyril Hanouna<br \/>\net de Tiphaine Auzi\u00e8re avait particuli\u00e8rement attir\u00e9 l\u2019attention,<br \/>\nmais la chroniqueuse de <a href=\"https:\/\/www.closermag.fr\/politique\/il-a-pu-deja-dealer-marlene-schiappa-fait-des-revelations-sur-sebastien-lecornu-dans-tbt9-3578325\" target=\"_blank\" rel=\"noopener\"><br \/>\nTBT9<\/a> pr\u00e9f\u00e8re insister sur la diversit\u00e9 de l\u2019assembl\u00e9e.<br \/>\nPour elle, ce qui compte, ce n\u2019est pas la photo choisie par les<br \/>\nm\u00e9dias, mais <strong>le moment dans son ensemble.<\/strong> Elle<br \/>\nassume d\u2019autant plus cette image qu\u2019elle consid\u00e8re sa distinction<br \/>\ncomme l\u00e9gitime.<\/p>\n<blockquote class=\"twitter-tweet\"><p><a class=\"twitter-link\" rel=\"noindex, nofollow noopener\" href=\"https:\/\/twitter.com\/NRD1320\/status\/1937448279559860468\" target=\"_blank\"><\/p><\/blockquote>\n<p>\u00ab\u00a0Mon<br \/>\nbilan ne d\u00e9m\u00e9rite pas\u00a0\u00bb<\/p>\n<p data-start=\"2274\" data-end=\"2989\">Face aux attaques sur la<br \/>\nl\u00e9gitimit\u00e9 de sa d\u00e9coration, Marl\u00e8ne Schiappa a sorti la liste de<br \/>\nses combats. \u00ab\u00a0Je pense qu\u2019il<br \/>\ny a peut-\u00eatre parfois un malentendu sur les motifs de d\u00e9coration.<br \/>\nJ\u2019ai vu effectivement des gens dire \u2018Ah bah pourquoi elle a la<br \/>\nL\u00e9gion d\u2019honneur, <strong>c\u2019est pas m\u00e9rit\u00e9<\/strong>\u2019 et cetera. En<br \/>\nfait, j\u2019ai \u00e9t\u00e9 ministre pendant quasiment 7 ans, j\u2019ai \u00e9t\u00e9<br \/>\npr\u00e9sidente de l\u2019association b\u00e9n\u00e9vole pendant 10 ans. J\u2019ai port\u00e9 la<br \/>\nloi contre le harc\u00e8lement de rue, contre le cyber-harc\u00e8lement,<br \/>\nd\u2019ailleurs, j\u2019ai allong\u00e9 le d\u00e9lai de prescription sur les viols,<br \/>\nj\u2019ai port\u00e9 des politiques publiques, interdit les certificats de<br \/>\nvirginit\u00e9, form\u00e9 les policiers&#8230; Mon bilan ne d\u00e9m\u00e9rite pas. J\u2019ai<br \/>\n\u00e9t\u00e9 par ailleurs \u00e9lue locale.\u00a0\u00bb<\/p>\n<p data-start=\"2991\" data-end=\"3409\">Elle rappelle aussi que la<br \/>\ndistinction n\u2019est pas accord\u00e9e au hasard : \u00ab\u00a0Donc en fait, c\u2019est un comit\u00e9 de L\u00e9gion d\u2019honneur<br \/>\nqui attribue ces d\u00e9corations. Moi, je remplissais tout \u00e0 fait les<br \/>\ncrit\u00e8res, donc j\u2019assume et je suis <strong>tr\u00e8s fi\u00e8re d\u2019avoir re\u00e7u<br \/>\nla L\u00e9gion d\u2019honneur<\/strong>, que le pr\u00e9sident de la R\u00e9publique me<br \/>\nl\u2019ait attribu\u00e9e, et que Ya\u00ebl Braun-Pivet, la pr\u00e9sidente de<br \/>\nl\u2019Assembl\u00e9e nationale, me l\u2019ait remise \u00e0 ma demande.\u00a0\u00bb Et quand<br \/>\nle journaliste lui fait remarquer avec humour : \u00ab\u00a0200 personnes ont \u00e9t\u00e9 invit\u00e9es. On n\u2019a pas<br \/>\nre\u00e7u l\u2019invitation, nous !\u00a0\u00bb, Marl\u00e8ne Schiappa ne se d\u00e9monte<br \/>\npas. <strong>\u00ab\u00a0Pour la<br \/>\nprochaine !\u00a0\u00bb,<\/strong> \u00e9clate-t-elle de rire. Avant d\u2019ajouter,<br \/>\navec le sourire : \u00ab\u00a0Apr\u00e8s, il<br \/>\nfaudra que je fasse mes preuves, que j\u2019accomplisse de nouveaux<br \/>\nm\u00e9rites !\u00a0\u00bb<\/p>\n<p><script async src=\"https:\/\/platform.twitter.com\/widgets.js\" charset=\"utf-8\"><\/script><\/p>\n","protected":false},"excerpt":{"rendered":"La photo avait fait couler beaucoup d\u2019encre. Fin juin, Marl\u00e8ne Schiappa recevait la L\u00e9gion d\u2019honneur devant un parterre&hellip;\n","protected":false},"author":2,"featured_media":419630,"comment_status":"","ping_status":"","sticky":false,"template":"","format":"standard","meta":{"footnotes":""},"categories":[1359],"tags":[548,28112,1083,58,59,1011,27,33875,973,2745,33876],"class_list":{"0":"post-419629","1":"post","2":"type-post","3":"status-publish","4":"format-standard","5":"has-post-thumbnail","7":"category-people","8":"tag-article-simple","9":"tag-critiques","10":"tag-cyril-hanouna","11":"tag-divertissement","12":"tag-entertainment","13":"tag-fr","14":"tag-france","15":"tag-marlene-schiappa","16":"tag-people","17":"tag-photo","18":"tag-tiphaine-auziere"},"share_on_mastodon":{"url":"https:\/\/pubeurope.com\/@fr\/115272245998146755","error":""},"_links":{"self":[{"href":"https:\/\/www.europesays.com\/fr\/wp-json\/wp\/v2\/posts\/419629","targetHints":{"allow":["GET"]}}],"collection":[{"href":"https:\/\/www.europesays.com\/fr\/wp-json\/wp\/v2\/posts"}],"about":[{"href":"https:\/\/www.europesays.com\/fr\/wp-json\/wp\/v2\/types\/post"}],"author":[{"embeddable":true,"href":"https:\/\/www.europesays.com\/fr\/wp-json\/wp\/v2\/users\/2"}],"replies":[{"embeddable":true,"href":"https:\/\/www.europesays.com\/fr\/wp-json\/wp\/v2\/comments?post=419629"}],"version-history":[{"count":0,"href":"https:\/\/www.europesays.com\/fr\/wp-json\/wp\/v2\/posts\/419629\/revisions"}],"wp:featuredmedia":[{"embeddable":true,"href":"https:\/\/www.europesays.com\/fr\/wp-json\/wp\/v2\/media\/419630"}],"wp:attachment":[{"href":"https:\/\/www.europesays.com\/fr\/wp-json\/wp\/v2\/media?parent=419629"}],"wp:term":[{"taxonomy":"category","embeddable":true,"href":"https:\/\/www.europesays.com\/fr\/wp-json\/wp\/v2\/categories?post=419629"},{"taxonomy":"post_tag","embeddable":true,"href":"https:\/\/www.europesays.com\/fr\/wp-json\/wp\/v2\/tags?post=419629"}],"curies":[{"name":"wp","href":"https:\/\/api.w.org\/{rel}","templated":true}]}}