{"id":419631,"date":"2025-09-26T19:27:34","date_gmt":"2025-09-26T19:27:34","guid":{"rendered":"https:\/\/www.europesays.com\/fr\/419631\/"},"modified":"2025-09-26T19:27:34","modified_gmt":"2025-09-26T19:27:34","slug":"les-80-ans-de-lhistoire-du-club-retraces-dans-un-tableau-medialot","status":"publish","type":"post","link":"https:\/\/www.europesays.com\/fr\/419631\/","title":{"rendered":"Les 80 ans de l\u2019histoire du club retrac\u00e9s dans un tableau \u2013 Medialot"},"content":{"rendered":"<p>\n                          <a href=\"https:\/\/www.assureur-cahors.fr\" rel=\"nofollow noopener\" target=\"_blank\"><img loading=\"lazy\" decoding=\"async\" alt=\"\" width=\"300\" height=\"38\" src=\"https:\/\/www.europesays.com\/fr\/wp-content\/uploads\/2025\/04\/300x38.gif\" class=\"size-full wp-image-141871 aligncenter lazyload\"\/><\/a><br \/>\nIl est l\u2019oeuvre de J\u00e9r\u00f4me Tuffal.\u00a0<br \/>\n<a href=\"https:\/\/www.ecoutervoir.fr\" rel=\"nofollow noopener\" target=\"_blank\"><img loading=\"lazy\" decoding=\"async\" alt=\"\" width=\"300\" height=\"37\"  src=\"https:\/\/www.europesays.com\/fr\/wp-content\/uploads\/2025\/04\/ecouter-v-300x37.jpeg\" data- class=\"size-medium wp-image-163875 aligncenter lazyload\"\/><\/a><\/p>\n<p><a href=\"https:\/\/lot.fr\/actualites\/et-si-vieillir-devenait-une-aventure\" rel=\"nofollow noopener\" target=\"_blank\"><img loading=\"lazy\" decoding=\"async\" alt=\"\" width=\"300\" height=\"38\" src=\"https:\/\/www.europesays.com\/fr\/wp-content\/uploads\/2025\/09\/GIF-medialot-300-x-38_Assises-du-social-2025.gif\" class=\"size-full wp-image-174242 aligncenter lazyload\"\/><\/a><\/p>\n<p>Fond\u00e9 en octobre 1945, Cahors Lot XIII c\u00e9l\u00e8bre, cette ann\u00e9e 2025, son 80\u00e8me anniversaire. Pour f\u00eater cet \u00e9v\u00e9nement de taille, le club a command\u00e9 un tableau au peintre, J\u00e9r\u00f4me Tuffal. Ce dernier n\u2019a pas h\u00e9sit\u00e9, longtemps, avant de donner son accord, lui rappelant ses souvenirs d\u2019enfance, lorsqu\u2019il accompagnait son p\u00e8re, aux matchs de rugby \u00e0 XIII, \u00e0 Cahors. Cette oeuvre met notamment en avant des dates importantes comme les 3 ann\u00e9es o\u00f9 le club a \u00e9t\u00e9 sacr\u00e9 champion de France, en 1948, en 1975 et en 1988. Les diff\u00e9rents codes couleurs de Cahors Lot XIII y figurent \u00e9galement. Ce tableau unique, original reprend la forme des maillots du XIII, avec l\u2019encolure du col en V. Il sera pr\u00e9sent\u00e9, officiellement lors de la soir\u00e9e partenaires, ce lundi 29 septembre 2025, lan\u00e7ant la saison et les festivit\u00e9s des 80 ans. Suivant la volont\u00e9 de l\u2019artiste ce tableau sera mis aux ench\u00e8res avec une mise \u00e0 prix \u00e0 300 euros. L\u2019argent per\u00e7u ira enti\u00e8rement au club qui l\u2019investira dans ses diff\u00e9rentes \u00e9quipes. Apr\u00e8s la peinture, d\u2019autres \u00e9v\u00e9nements devraient suivre cette saison, qui d\u00e9butera \u00e0 domicile, au stade Lucien Desprats, \u00e0 Cahors, le samedi 11 octobre 2025, \u00e0 18 h.<\/p>\n<p><a href=\"https:\/\/concessions.peugeot.fr\/cahors\" rel=\"nofollow noopener\" target=\"_blank\"><img loading=\"lazy\" decoding=\"async\" alt=\"\" width=\"300\" height=\"38\" src=\"https:\/\/www.europesays.com\/fr\/wp-content\/uploads\/2025\/04\/pub_GGB_s.gif\" class=\"size-full wp-image-128909 aligncenter lazyload\"\/><\/a><br \/>\n<a href=\"https:\/\/www.lfccourtage.com\/\" rel=\"nofollow noopener\" target=\"_blank\"><img loading=\"lazy\" decoding=\"async\" alt=\"\" width=\"300\" height=\"38\" src=\"https:\/\/www.europesays.com\/fr\/wp-content\/uploads\/2025\/04\/lfc-courtage-bandeau-2.gif\" class=\"size-full wp-image-78799 aligncenter lazyload\"\/><\/a><br \/>\n<a href=\"https:\/\/chambert.com\/fr\/index.html\" rel=\"nofollow noopener\" target=\"_blank\"><img loading=\"lazy\" decoding=\"async\" alt=\"\" width=\"300\" height=\"38\" src=\"https:\/\/www.europesays.com\/fr\/wp-content\/uploads\/2025\/04\/chambert-2024-300x38-1.gif\" class=\"size-full wp-image-160827 aligncenter lazyload\"\/><\/a><\/p>\n<p>&gt; <a href=\"http:\/\/www.cahorslot13.fr\/\" rel=\"nofollow noopener\" target=\"_blank\">www.cahorslot13.fr<\/a><\/p>\n<p><a href=\"https:\/\/www.facebook.com\/intermarcheBastieCahors?locale=fr_FR\" target=\"_blank\" rel=\"noopener noreferrer nofollow\"><img loading=\"lazy\" decoding=\"async\" alt=\"\" width=\"300\" height=\"38\" src=\"https:\/\/www.europesays.com\/fr\/wp-content\/uploads\/2025\/04\/intermarche-V2.gif\" class=\"aligncenter wp-image-111517 size-full lazyload\"\/><\/a><br \/>\n<a href=\"https:\/\/piscinesservices46.fr\" rel=\"nofollow noopener\" target=\"_blank\"><img loading=\"lazy\" decoding=\"async\" alt=\"\" width=\"300\" height=\"38\" src=\"https:\/\/www.europesays.com\/fr\/wp-content\/uploads\/2025\/04\/ps46-bandeau.gif\" class=\"size-full wp-image-146807 aligncenter lazyload\"\/><\/a><br \/>\n<a href=\"https:\/\/www.europesays.com\/fr\/wp-content\/uploads\/2025\/04\/medialot-300x38-5.jpg\"><img loading=\"lazy\" decoding=\"async\" alt=\"\" width=\"300\" height=\"38\" src=\"https:\/\/www.europesays.com\/fr\/wp-content\/uploads\/2025\/04\/medialot-300x38-5.jpg\" class=\"size-full wp-image-150487 aligncenter lazyload\"\/><\/a><\/p>\n<p>Texte et photo Didier S Quet<\/p>\n<p><a href=\"https:\/\/mtechalu46.com\" rel=\"nofollow noopener\" target=\"_blank\"><img loading=\"lazy\" decoding=\"async\" alt=\"\" width=\"300\" height=\"38\" src=\"https:\/\/www.europesays.com\/fr\/wp-content\/uploads\/2025\/04\/GIF-MTECH.gif\" class=\"size-full wp-image-163888 aligncenter lazyload\"\/><\/a><\/p>\n","protected":false},"excerpt":{"rendered":"Il est l\u2019oeuvre de J\u00e9r\u00f4me Tuffal.\u00a0 Fond\u00e9 en octobre 1945, Cahors Lot XIII c\u00e9l\u00e8bre, cette ann\u00e9e 2025, son&hellip;\n","protected":false},"author":2,"featured_media":419632,"comment_status":"","ping_status":"","sticky":false,"template":"","format":"standard","meta":{"footnotes":""},"categories":[1358],"tags":[1348,1384,1385,1386,58,59,1011,27],"class_list":{"0":"post-419631","1":"post","2":"type-post","3":"status-publish","4":"format-standard","5":"has-post-thumbnail","7":"category-arts-et-design","8":"tag-arts","9":"tag-arts-and-design","10":"tag-arts-et-design","11":"tag-design","12":"tag-divertissement","13":"tag-entertainment","14":"tag-fr","15":"tag-france"},"share_on_mastodon":{"url":"https:\/\/pubeurope.com\/@fr\/115272250673749722","error":""},"_links":{"self":[{"href":"https:\/\/www.europesays.com\/fr\/wp-json\/wp\/v2\/posts\/419631","targetHints":{"allow":["GET"]}}],"collection":[{"href":"https:\/\/www.europesays.com\/fr\/wp-json\/wp\/v2\/posts"}],"about":[{"href":"https:\/\/www.europesays.com\/fr\/wp-json\/wp\/v2\/types\/post"}],"author":[{"embeddable":true,"href":"https:\/\/www.europesays.com\/fr\/wp-json\/wp\/v2\/users\/2"}],"replies":[{"embeddable":true,"href":"https:\/\/www.europesays.com\/fr\/wp-json\/wp\/v2\/comments?post=419631"}],"version-history":[{"count":0,"href":"https:\/\/www.europesays.com\/fr\/wp-json\/wp\/v2\/posts\/419631\/revisions"}],"wp:featuredmedia":[{"embeddable":true,"href":"https:\/\/www.europesays.com\/fr\/wp-json\/wp\/v2\/media\/419632"}],"wp:attachment":[{"href":"https:\/\/www.europesays.com\/fr\/wp-json\/wp\/v2\/media?parent=419631"}],"wp:term":[{"taxonomy":"category","embeddable":true,"href":"https:\/\/www.europesays.com\/fr\/wp-json\/wp\/v2\/categories?post=419631"},{"taxonomy":"post_tag","embeddable":true,"href":"https:\/\/www.europesays.com\/fr\/wp-json\/wp\/v2\/tags?post=419631"}],"curies":[{"name":"wp","href":"https:\/\/api.w.org\/{rel}","templated":true}]}}