{"id":419648,"date":"2025-09-26T19:36:20","date_gmt":"2025-09-26T19:36:20","guid":{"rendered":"https:\/\/www.europesays.com\/fr\/419648\/"},"modified":"2025-09-26T19:36:20","modified_gmt":"2025-09-26T19:36:20","slug":"emmanuel-macron-propose-la-nomination-de-jean-castex-a-la-tete-de-la-sncf-et-de-marie-ange-debon-a-la-poste-liberation","status":"publish","type":"post","link":"https:\/\/www.europesays.com\/fr\/419648\/","title":{"rendered":"Emmanuel Macron propose la nomination de Jean Castex \u00e0 la t\u00eate de la SNCF et de Marie-Ange Debon \u00e0 La Poste \u2013 Lib\u00e9ration"},"content":{"rendered":"<p class=\"sc-cPiKLX AiZTS text-element\">Le pr\u00e9sident de la R\u00e9publique a propos\u00e9 vendredi 26 septembre la nomination de son ancien Premier ministre Jean Castex \u00e0 la t\u00eate de la SNCF. Il quitterait ainsi son poste de <a href=\"https:\/\/www.liberation.fr\/sports\/jeux-olympiques\/juste-avant-les-jeux-olympiques-castex-reconduit-par-interim-a-la-tete-de-la-ratp-20240703_IX363Z73TZBM5MRADQC7VCSB4M\/\" target=\"_blank\" rel=\"noreferrer noopener\" title=\"https:\/\/www.liberation.fr\/sports\/jeux-olympiques\/juste-avant-les-jeux-olympiques-castex-reconduit-par-interim-a-la-tete-de-la-ratp-20240703_IX363Z73TZBM5MRADQC7VCSB4M\/\">PDG de la RATP<\/a>, qu\u2019il avait rejoint en novembre 2022 et pour lequel <a href=\"https:\/\/www.liberation.fr\/economie\/transports\/jean-castex-reconduit-pour-cinq-ans-a-la-tete-de-la-ratp-20241009_BFADLSJJFBED7AHC6NYOFIRDWY\/\" target=\"_blank\" rel=\"noreferrer noopener\" title=\"https:\/\/www.liberation.fr\/economie\/transports\/jean-castex-reconduit-pour-cinq-ans-a-la-tete-de-la-ratp-20241009_BFADLSJJFBED7AHC6NYOFIRDWY\/\">il avait \u00e9t\u00e9 reconduit pour cinq ans en 2024.<\/a> Autre nomination propos\u00e9e \u00e0 la t\u00eate d\u2019une entreprise publique, celle de Marie-Ange Debon, ex-pr\u00e9sidente de Keolis, la soci\u00e9t\u00e9 de transport collectif d\u00e9tenue \u00e0 70 % par la SNCF, au conseil d\u2019administration de La Poste. <\/p>\n<p class=\"sc-cPiKLX AiZTS text-element\">Comme l\u2019explique l\u2019Elys\u00e9e dans un communiqu\u00e9, ces nominations sont d\u00e9sormais entre les mains de la pr\u00e9sidente de l\u2019Assembl\u00e9e nationale Ya\u00ebl Braun-Pivet et du pr\u00e9sident du S\u00e9nat G\u00e9rard Larcher. Une commission int\u00e9ress\u00e9e de chacune des assembl\u00e9es sera charg\u00e9e de se prononcer dans les conditions pr\u00e9vues par la Constitution. Une telle nomination ne peut intervenir si au moins trois cinqui\u00e8mes des suffrages exprim\u00e9s s\u2019y opposent. <\/p>\n<p class=\"sc-cPiKLX AiZTS text-element\">Sous la houlette de Marie-Ange Debon, le chiffre d\u2019affaires du groupe de transport public Keolis, partiellement d\u00e9tenu par la SNCF, a augment\u00e9 de 9,6 % \u00e0 7,7 milliards d\u2019euros gr\u00e2ce \u00e0 ses activit\u00e9s en France et aux \u00c9tats-Unis. \u00ab C\u2019est principalement sa r\u00e9ussite \u00e0 la t\u00eate de Keolis qui a motiv\u00e9 la d\u00e9cision d\u2019Emmanuel Macron \u00bb, souligne un proche du pr\u00e9sident de la R\u00e9publique pour justifier ce choix auquel personne ne s\u2019attendait au sein de La Poste. Une d\u00e9couverte aussi pour les syndicats. \u00ab Ce n\u2019est pas le casting qui nous importen attend la feuille de route \u00bb, explique Romain Boillon de la CGT-FAPT (F\u00e9d\u00e9rations des activit\u00e9s postales et de T\u00e9l\u00e9communcations).  <\/p>\n<p class=\"sc-cPiKLX AiZTS text-element\">De son c\u00f4t\u00e9, <a href=\"https:\/\/www.liberation.fr\/france\/2020\/07\/03\/jean-castex-un-techno-pratique-a-matignon_1793331\/\" target=\"_blank\" rel=\"noreferrer noopener\" title=\"https:\/\/www.liberation.fr\/france\/2020\/07\/03\/jean-castex-un-techno-pratique-a-matignon_1793331\/\">Jean Castex<\/a>, \u00e2g\u00e9 de 60 ans, succ\u00e9dera \u00e0 Jean-Pierre Farandou, aux commandes du groupe ferroviaire depuis 2019, qui avait accept\u00e9 en juin de prolonger l\u2019int\u00e9rim jusqu\u2019\u00e0 l\u2019automne, malgr\u00e9 la limite d\u2019\u00e2ge. Depuis plusieurs mois, le nom de l\u2019ex-Premier ministre, connu pour sa passion des trains et du ferroviaire, revenait avec insistance. Parmi les autres noms cit\u00e9s figurait celui de Xavier Piechaczyk, pr\u00e9sident de RTE. <\/p>\n<p class=\"sc-cPiKLX AiZTS text-element\">En avril le ministre des Transports Philippe Tabarot avait dress\u00e9 le portrait rebot du candidat pour la SNCF \u2014 \u00abquelqu\u2019un qui sait dialoguer avec ses salari\u00e9s [\u2026] a une connaissance de la maison, du ferroviaire et du territoire\u00bb \u2014 ne laissant gu\u00e8re de place au doute. Jean Castex, inconnu du grand public \u00e0 son arriv\u00e9e \u00e0 Matignon en juillet 2020, a g\u00e9r\u00e9 la pand\u00e9mie de Covid-19 dans la derni\u00e8re ligne droite du premier quinquennat d\u2019Emmanuel Macron. <\/p>\n<p class=\"sc-cPiKLX AiZTS text-element\">Ce petit-fils de s\u00e9nateur, form\u00e9 \u00e0 l\u2019ENA et pass\u00e9 par la Cour des comptes, qui mettait volontiers en avant son exp\u00e9rience de maire (2008-2020) de la petite ville de Prades et ses 6 000 \u00e2mes dans les Pyr\u00e9n\u00e9es-Orientales, est aussi un technocrate rompu aux rouages de l\u2019\u00c9tat. <a href=\"https:\/\/www.liberation.fr\/economie\/transports\/jean-castex-reconduit-pour-cinq-ans-a-la-tete-de-la-ratp-20241009_BFADLSJJFBED7AHC6NYOFIRDWY\/\" target=\"_blank\" rel=\"noreferrer noopener\" title=\"https:\/\/www.liberation.fr\/economie\/transports\/jean-castex-reconduit-pour-cinq-ans-a-la-tete-de-la-ratp-20241009_BFADLSJJFBED7AHC6NYOFIRDWY\/\">Sous son impulsion<\/a>, la RATP, plomb\u00e9e par un absent\u00e9isme end\u00e9mique et une offre de transport d\u00e9faillante, a repris des couleurs gr\u00e2ce \u00e0 un accord sur la qualit\u00e9 de vie au travail avec les syndicats et de g\u00e9n\u00e9reuses hausses de salaires. A chaque crise politique, son nom revient comme potentiel recours du chef de l\u2019\u00c9tat, y compris pour la pr\u00e9sidentielle de 2027, m\u00eame s\u2019il se d\u00e9fend de toute ambition politique. <\/p>\n","protected":false},"excerpt":{"rendered":"Le pr\u00e9sident de la R\u00e9publique a propos\u00e9 vendredi 26 septembre la nomination de son ancien Premier ministre Jean&hellip;\n","protected":false},"author":2,"featured_media":419649,"comment_status":"","ping_status":"","sticky":false,"template":"","format":"standard","meta":{"footnotes":""},"categories":[6],"tags":[35,33,34,1073,1011,27,34214,3316,625,2215],"class_list":{"0":"post-419648","1":"post","2":"type-post","3":"status-publish","4":"format-standard","5":"has-post-thumbnail","7":"category-economie","8":"tag-business","9":"tag-economie","10":"tag-economy","11":"tag-emmanuel-macron","12":"tag-fr","13":"tag-france","14":"tag-jean-castex","15":"tag-la-poste","16":"tag-ratp","17":"tag-sncf"},"share_on_mastodon":{"url":"https:\/\/pubeurope.com\/@fr\/115272285463885479","error":""},"_links":{"self":[{"href":"https:\/\/www.europesays.com\/fr\/wp-json\/wp\/v2\/posts\/419648","targetHints":{"allow":["GET"]}}],"collection":[{"href":"https:\/\/www.europesays.com\/fr\/wp-json\/wp\/v2\/posts"}],"about":[{"href":"https:\/\/www.europesays.com\/fr\/wp-json\/wp\/v2\/types\/post"}],"author":[{"embeddable":true,"href":"https:\/\/www.europesays.com\/fr\/wp-json\/wp\/v2\/users\/2"}],"replies":[{"embeddable":true,"href":"https:\/\/www.europesays.com\/fr\/wp-json\/wp\/v2\/comments?post=419648"}],"version-history":[{"count":0,"href":"https:\/\/www.europesays.com\/fr\/wp-json\/wp\/v2\/posts\/419648\/revisions"}],"wp:featuredmedia":[{"embeddable":true,"href":"https:\/\/www.europesays.com\/fr\/wp-json\/wp\/v2\/media\/419649"}],"wp:attachment":[{"href":"https:\/\/www.europesays.com\/fr\/wp-json\/wp\/v2\/media?parent=419648"}],"wp:term":[{"taxonomy":"category","embeddable":true,"href":"https:\/\/www.europesays.com\/fr\/wp-json\/wp\/v2\/categories?post=419648"},{"taxonomy":"post_tag","embeddable":true,"href":"https:\/\/www.europesays.com\/fr\/wp-json\/wp\/v2\/tags?post=419648"}],"curies":[{"name":"wp","href":"https:\/\/api.w.org\/{rel}","templated":true}]}}