{"id":419676,"date":"2025-09-26T19:50:15","date_gmt":"2025-09-26T19:50:15","guid":{"rendered":"https:\/\/www.europesays.com\/fr\/419676\/"},"modified":"2025-09-26T19:50:15","modified_gmt":"2025-09-26T19:50:15","slug":"la-metropole-suspend-son-aide-au-renouvellement-des-vehicules","status":"publish","type":"post","link":"https:\/\/www.europesays.com\/fr\/419676\/","title":{"rendered":"la M\u00e9tropole suspend son aide au renouvellement des v\u00e9hicules"},"content":{"rendered":"<p>Quel sera l\u2019avenir des ZFE\u00a0? Depuis 2019, Grenoble Alpes m\u00e9tropole en compte deux\u00a0: une pour les v\u00e9hicules utilitaires et professionnels, instaur\u00e9e dans 27 communes, et la seconde pour les particuliers, en vigueur dans un p\u00e9rim\u00e8tre de treize communes du c\u0153ur de l\u2019agglom\u00e9ration depuis 2023.<\/p>\n<p>Et oui, malgr\u00e9 l\u2019approbation par les d\u00e9put\u00e9s, en juin, du projet de loi \u201csimplification\u201d dans lequel figure un article sur l\u2019abrogation du dispositif, les <a href=\"https:\/\/www.ledauphine.com\/d\/tout-savoir-sur-la-zfe-de-la-metropole-de-grenoble-13efd599-161c-4afc-86df-b092687adc70\" target=\"_blank\" rel=\"noopener\">ZFE grenobloises<\/a> sont <a href=\"https:\/\/www.ledauphine.com\/environnement\/2025\/06\/19\/non-la-zfe-ne-va-pas-s-arreter-de-sitot\" target=\"_blank\" rel=\"noopener\">toujours en vigueur<\/a>. D\u2019abord parce que la loi de&#8230;<\/p>\n","protected":false},"excerpt":{"rendered":"Quel sera l\u2019avenir des ZFE\u00a0? Depuis 2019, Grenoble Alpes m\u00e9tropole en compte deux\u00a0: une pour les v\u00e9hicules utilitaires&hellip;\n","protected":false},"author":2,"featured_media":419677,"comment_status":"","ping_status":"","sticky":false,"template":"","format":"standard","meta":{"footnotes":""},"categories":[9566],"tags":[1111,11,2430,21751,21753,31403,34631,3542,9600,29532,12492,9852,112,113,436,1777,674,12390,9592,12127,1011,27,12505,2731,2732,21752,108,17480,12297,16047,3294,21293,9597,16046,38257,38258,29431,12,38259,38260,21900,29032,316,17223,25352,25,38261,275,30101,9448,9612,16045,38262,25353,16668,38263,16735,12277,2803,13056,38264,24693,22780,16262,1986,35595],"class_list":{"0":"post-419676","1":"post","2":"type-post","3":"status-publish","4":"format-standard","5":"has-post-thumbnail","7":"category-grenoble","8":"tag-actu","9":"tag-actualites","10":"tag-auvergne-rhone-alpes","11":"tag-bresson","12":"tag-brie-et-angonnes","13":"tag-champ-sur-drac","14":"tag-champagnier","15":"tag-circulation","16":"tag-claix","17":"tag-corenc","18":"tag-domene","19":"tag-echirolles","20":"tag-edition-grenoble-agglomeration","21":"tag-edition-gresivaudan-oisans","22":"tag-environnement","23":"tag-eu","24":"tag-europe","25":"tag-eybens","26":"tag-fontaine","27":"tag-fontanil-cornillon","28":"tag-fr","29":"tag-france","30":"tag-gieres","31":"tag-grenoble","32":"tag-grenoble-bassin","33":"tag-herbeys","34":"tag-isere","35":"tag-jarrie","36":"tag-la-tronche","37":"tag-le-gua","38":"tag-le-pont-de-claix","39":"tag-le-sappey-en-chartreuse","40":"tag-meylan","41":"tag-miribel-lanchatre","42":"tag-mont-saint-martin","43":"tag-montchaboud","44":"tag-murianette","45":"tag-news","46":"tag-notre-dame-de-commiers","47":"tag-notre-dame-de-mesage","48":"tag-noyarey","49":"tag-poisat","50":"tag-politique","51":"tag-proveysieux","52":"tag-quaix-en-chartreuse","53":"tag-republique-francaise","54":"tag-saint-barthelemy-de-sechilienne","55":"tag-saint-egreve","56":"tag-saint-georges-de-commiers","57":"tag-saint-martin-dheres","58":"tag-saint-martin-le-vinoux","59":"tag-saint-paul-de-varces","60":"tag-saint-pierre-de-mesage","61":"tag-sarcenas","62":"tag-sassenage","63":"tag-sechilienne","64":"tag-seyssinet-pariset","65":"tag-seyssins","66":"tag-transport","67":"tag-varces-allieres-et-risset","68":"tag-vaulnaveys-le-bas","69":"tag-vaulnaveys-le-haut","70":"tag-venon","71":"tag-veurey-voroize","72":"tag-vif","73":"tag-vizille"},"share_on_mastodon":{"url":"","error":"Validation failed: Text character limit of 500 exceeded"},"_links":{"self":[{"href":"https:\/\/www.europesays.com\/fr\/wp-json\/wp\/v2\/posts\/419676","targetHints":{"allow":["GET"]}}],"collection":[{"href":"https:\/\/www.europesays.com\/fr\/wp-json\/wp\/v2\/posts"}],"about":[{"href":"https:\/\/www.europesays.com\/fr\/wp-json\/wp\/v2\/types\/post"}],"author":[{"embeddable":true,"href":"https:\/\/www.europesays.com\/fr\/wp-json\/wp\/v2\/users\/2"}],"replies":[{"embeddable":true,"href":"https:\/\/www.europesays.com\/fr\/wp-json\/wp\/v2\/comments?post=419676"}],"version-history":[{"count":0,"href":"https:\/\/www.europesays.com\/fr\/wp-json\/wp\/v2\/posts\/419676\/revisions"}],"wp:featuredmedia":[{"embeddable":true,"href":"https:\/\/www.europesays.com\/fr\/wp-json\/wp\/v2\/media\/419677"}],"wp:attachment":[{"href":"https:\/\/www.europesays.com\/fr\/wp-json\/wp\/v2\/media?parent=419676"}],"wp:term":[{"taxonomy":"category","embeddable":true,"href":"https:\/\/www.europesays.com\/fr\/wp-json\/wp\/v2\/categories?post=419676"},{"taxonomy":"post_tag","embeddable":true,"href":"https:\/\/www.europesays.com\/fr\/wp-json\/wp\/v2\/tags?post=419676"}],"curies":[{"name":"wp","href":"https:\/\/api.w.org\/{rel}","templated":true}]}}