{"id":419678,"date":"2025-09-26T19:51:31","date_gmt":"2025-09-26T19:51:31","guid":{"rendered":"https:\/\/www.europesays.com\/fr\/419678\/"},"modified":"2025-09-26T19:51:31","modified_gmt":"2025-09-26T19:51:31","slug":"en-direct-football-ligue-2-deux-poteaux-un-rouge-une-fin-de-match-irrespirable-entre-le-gf38-et-bastia-suivez-la-rencontre","status":"publish","type":"post","link":"https:\/\/www.europesays.com\/fr\/419678\/","title":{"rendered":"En direct Football &#8211; Ligue 2. Deux poteaux, un rouge&#8230; une fin de match irrespirable entre le GF38 et Bastia : suivez la rencontre"},"content":{"rendered":"<p>&#13;<br \/>\n                                                    En direct&#13;<br \/>\n                        &#13;\n                                            <\/p>\n<p>Le GF38 est au bord de l&rsquo;implosion. Apr\u00e8s deux d\u00e9faites cons\u00e9cutives contre Annecy (1-3) et au Mans (0-1), les joueurs de Franck Rizzetto se retrouvent \u00e0 l&rsquo;avant-derni\u00e8re place du classement et au pied du mur. Ils affrontent ce vendredi soir (20 heures) la lanterne rouge du championnat de Ligue 2, le Sporting club de Bastia, qui est, lui aussi, dans une situation inconfortable. Suivez le match dans les conditions du direct \u00e0 partir de 19h30.<\/p>\n<p>&#13;<br \/>\n              Louis Andr\u00e9 &#8211; &#13;<br \/>\n        &#13;<br \/>\n          Aujourd&rsquo;hui \u00e0 21:45&#13;<br \/>\n    &#13;<br \/>\n                  | mis \u00e0 jour aujourd&rsquo;hui \u00e0 21:46&#13;<br \/>\n              &#8211; Temps de lecture : &#13;<br \/>\n  &#13;<\/p>\n","protected":false},"excerpt":{"rendered":"&#13; En direct&#13; &#13; Le GF38 est au bord de l&rsquo;implosion. Apr\u00e8s deux d\u00e9faites cons\u00e9cutives contre Annecy (1-3)&hellip;\n","protected":false},"author":2,"featured_media":419679,"comment_status":"","ping_status":"","sticky":false,"template":"","format":"standard","meta":{"footnotes":""},"categories":[9566],"tags":[1111,11,2430,3545,112,1777,674,107,1701,63,1011,27,12637,2731,2732,108,12636,12,25,517,1947],"class_list":{"0":"post-419678","1":"post","2":"type-post","3":"status-publish","4":"format-standard","5":"has-post-thumbnail","7":"category-grenoble","8":"tag-actu","9":"tag-actualites","10":"tag-auvergne-rhone-alpes","11":"tag-direct-sport","12":"tag-edition-grenoble-agglomeration","13":"tag-eu","14":"tag-europe","15":"tag-fil-info","16":"tag-fil-info-sport","17":"tag-football","18":"tag-fr","19":"tag-france","20":"tag-gf38-grenoble-foot-38","21":"tag-grenoble","22":"tag-grenoble-bassin","23":"tag-isere","24":"tag-ligue-2-football","25":"tag-news","26":"tag-republique-francaise","27":"tag-sport","28":"tag-sport-national"},"share_on_mastodon":{"url":"https:\/\/pubeurope.com\/@fr\/115272344219621280","error":""},"_links":{"self":[{"href":"https:\/\/www.europesays.com\/fr\/wp-json\/wp\/v2\/posts\/419678","targetHints":{"allow":["GET"]}}],"collection":[{"href":"https:\/\/www.europesays.com\/fr\/wp-json\/wp\/v2\/posts"}],"about":[{"href":"https:\/\/www.europesays.com\/fr\/wp-json\/wp\/v2\/types\/post"}],"author":[{"embeddable":true,"href":"https:\/\/www.europesays.com\/fr\/wp-json\/wp\/v2\/users\/2"}],"replies":[{"embeddable":true,"href":"https:\/\/www.europesays.com\/fr\/wp-json\/wp\/v2\/comments?post=419678"}],"version-history":[{"count":0,"href":"https:\/\/www.europesays.com\/fr\/wp-json\/wp\/v2\/posts\/419678\/revisions"}],"wp:featuredmedia":[{"embeddable":true,"href":"https:\/\/www.europesays.com\/fr\/wp-json\/wp\/v2\/media\/419679"}],"wp:attachment":[{"href":"https:\/\/www.europesays.com\/fr\/wp-json\/wp\/v2\/media?parent=419678"}],"wp:term":[{"taxonomy":"category","embeddable":true,"href":"https:\/\/www.europesays.com\/fr\/wp-json\/wp\/v2\/categories?post=419678"},{"taxonomy":"post_tag","embeddable":true,"href":"https:\/\/www.europesays.com\/fr\/wp-json\/wp\/v2\/tags?post=419678"}],"curies":[{"name":"wp","href":"https:\/\/api.w.org\/{rel}","templated":true}]}}