{"id":419688,"date":"2025-09-26T19:56:14","date_gmt":"2025-09-26T19:56:14","guid":{"rendered":"https:\/\/www.europesays.com\/fr\/419688\/"},"modified":"2025-09-26T19:56:14","modified_gmt":"2025-09-26T19:56:14","slug":"nizar-feddaoui-arrete-a-nice-apres-son-evasion-de-garde-a-vue-mis-en-examen-par-un-juge-ajaccien","status":"publish","type":"post","link":"https:\/\/www.europesays.com\/fr\/419688\/","title":{"rendered":"Nizar Feddaoui, arr\u00eat\u00e9 \u00e0 Nice apr\u00e8s son \u00e9vasion de garde \u00e0 vue, mis en examen par un juge ajaccien"},"content":{"rendered":"<p>Ce vendredi matin, Nizar Feddaoui, 36 ans, a \u00e9t\u00e9 pr\u00e9sent\u00e9 au juge d&rsquo;instruction en charge d&rsquo;une enqu\u00eate pour trafic de stup\u00e9fiants pour laquelle il avait \u00e9t\u00e9 arr\u00eat\u00e9, \u00e0 Nice, le 8 ao\u00fbt dernier, avant d&rsquo;\u00e9chapper \u00e0 la vigilance des forces de l&rsquo;ordre. Trois jours apr\u00e8s son arrestation \u00e0 Nice, le mardi 23 septembre, il a \u00e9t\u00e9 transf\u00e9r\u00e9 \u00e0 Ajaccio, ce vendredi matin, pour \u00eatre mis en examen et incarc\u00e9r\u00e9. Contact\u00e9e, son avocate, Me Anna-Maria Sollacaro, n&rsquo;a pas souhait\u00e9 faire de commentaire.<\/p>\n<p>Pour rappel, en ao\u00fbt, la police judiciaire de Corse menait une op\u00e9ration entre la Corse et le continent dans le cadre d&rsquo;une enqu\u00eate pour trafic de drogue, instruite par un juge d&rsquo;instruction du tribunal judiciaire d&rsquo;Ajaccio.<\/p>\n<p>\u00c9vad\u00e9 au cours de son transfert \u00e0 l&rsquo;h\u00f4pital<\/p>\n<p>Arr\u00eat\u00e9 \u00e0 Nice, Nizar Feddaoui, parvenait \u00e0 tromper la surveillance des forces de l&rsquo;ordre lors d&rsquo;un transfert \u00e0 l&rsquo;h\u00f4pital et prenait la fuite. Alors qu&rsquo;il ne sera arr\u00eat\u00e9 que plus d&rsquo;un mois plus tard, soit le mardi 23\u00a0septembre, dans le courant du mois d&rsquo;ao\u00fbt, quatre personnes ont \u00e9t\u00e9 <a href=\"https:\/\/www.corsematin.com\/article\/faits-diversjustice\/7114511950804414\/grand-banditisme-nizar-feddaoui-arrete-a-nice-apres-setre-evade-lors-dun-transfert-a-lhopital-pendant-sa-garde-a-vue-en-aout\" target=\"_blank\" rel=\"noopener\">mises en examen<\/a> dans le cadre de cette affaire de drogue.<\/p>\n<p>Ce trentenaire, originaire de la cit\u00e9 imp\u00e9riale, est connu de la justice pour avoir notamment \u00e9t\u00e9 condamn\u00e9 \u00e0 15 ans de r\u00e9clusion au proc\u00e8s de l&rsquo;assassinat d&rsquo;Yves Manunta.<\/p>\n<p>La cour d&rsquo;assises avait notamment retenu \u00e0 son encontre l&rsquo;incendie en bande organis\u00e9e du v\u00e9hicule qui a servi aux meurtriers d&rsquo;Yves Manunta. Il n&rsquo;avait pas \u00e9t\u00e9 reconnu coupable de l&rsquo;assassinat.<\/p>\n<p>En novembre 2024, Nizar Feddaoui avait \u00e9t\u00e9 mis en examen et plac\u00e9 sous contr\u00f4le judiciaire pour des infractions \u00e0 la l\u00e9gislation sur les produits stup\u00e9fiants \u00e0 la suite d&rsquo;un contr\u00f4le routier \u00e0 Ajaccio.<\/p>\n","protected":false},"excerpt":{"rendered":"Ce vendredi matin, Nizar Feddaoui, 36 ans, a \u00e9t\u00e9 pr\u00e9sent\u00e9 au juge d&rsquo;instruction en charge d&rsquo;une enqu\u00eate pour&hellip;\n","protected":false},"author":2,"featured_media":199250,"comment_status":"","ping_status":"","sticky":false,"template":"","format":"standard","meta":{"footnotes":""},"categories":[2819],"tags":[17,1111,11,150,11354,1052,1777,674,274,47468,1011,27,12,2401,47467,882,25,1097],"class_list":{"0":"post-419688","1":"post","2":"type-post","3":"status-publish","4":"format-standard","5":"has-post-thumbnail","7":"category-nice","8":"tag-17","9":"tag-actu","10":"tag-actualites","11":"tag-apres","12":"tag-arrete","13":"tag-drogue","14":"tag-eu","15":"tag-europe","16":"tag-faits-divers-justice","17":"tag-feddaoui","18":"tag-fr","19":"tag-france","20":"tag-news","21":"tag-nice","22":"tag-nizar","23":"tag-provence-alpes-cote-dazur","24":"tag-republique-francaise","25":"tag-trafic"},"share_on_mastodon":{"url":"https:\/\/pubeurope.com\/@fr\/115272363928530352","error":""},"_links":{"self":[{"href":"https:\/\/www.europesays.com\/fr\/wp-json\/wp\/v2\/posts\/419688","targetHints":{"allow":["GET"]}}],"collection":[{"href":"https:\/\/www.europesays.com\/fr\/wp-json\/wp\/v2\/posts"}],"about":[{"href":"https:\/\/www.europesays.com\/fr\/wp-json\/wp\/v2\/types\/post"}],"author":[{"embeddable":true,"href":"https:\/\/www.europesays.com\/fr\/wp-json\/wp\/v2\/users\/2"}],"replies":[{"embeddable":true,"href":"https:\/\/www.europesays.com\/fr\/wp-json\/wp\/v2\/comments?post=419688"}],"version-history":[{"count":0,"href":"https:\/\/www.europesays.com\/fr\/wp-json\/wp\/v2\/posts\/419688\/revisions"}],"wp:featuredmedia":[{"embeddable":true,"href":"https:\/\/www.europesays.com\/fr\/wp-json\/wp\/v2\/media\/199250"}],"wp:attachment":[{"href":"https:\/\/www.europesays.com\/fr\/wp-json\/wp\/v2\/media?parent=419688"}],"wp:term":[{"taxonomy":"category","embeddable":true,"href":"https:\/\/www.europesays.com\/fr\/wp-json\/wp\/v2\/categories?post=419688"},{"taxonomy":"post_tag","embeddable":true,"href":"https:\/\/www.europesays.com\/fr\/wp-json\/wp\/v2\/tags?post=419688"}],"curies":[{"name":"wp","href":"https:\/\/api.w.org\/{rel}","templated":true}]}}