{"id":419693,"date":"2025-09-26T19:59:11","date_gmt":"2025-09-26T19:59:11","guid":{"rendered":"https:\/\/www.europesays.com\/fr\/419693\/"},"modified":"2025-09-26T19:59:11","modified_gmt":"2025-09-26T19:59:11","slug":"une-australienne-condamnee-pour-le-meurtre-dun-jeune-lors-dun-proces-sans-corps-ni-aveux","status":"publish","type":"post","link":"https:\/\/www.europesays.com\/fr\/419693\/","title":{"rendered":"Une Australienne condamn\u00e9e pour le meurtre d\u2019un jeune, lors d\u2019un proc\u00e8s sans corps ni aveux"},"content":{"rendered":"<p>Le <a href=\"https:\/\/www.20minutes.fr\/dossier\/tribunal\" class=\"c-link c-link--is-underlined\" target=\"_blank\" rel=\"noopener\">tribunal <\/a>de <a href=\"https:\/\/www.20minutes.fr\/nantes\/\" class=\"c-link c-link--is-underlined\" target=\"_blank\" rel=\"noopener\">Nantes <\/a>a condamn\u00e9 une Australienne de 65 ans \u00e0 20 ans de prison pour le <a href=\"https:\/\/www.20minutes.fr\/dossier\/meurtre\" class=\"c-link c-link--is-underlined\" target=\"_blank\" rel=\"noopener\">meurtre <\/a>d\u2019un jeune de 28 ans, qui avait disparu sans laisser de traces en\u00a02016.<\/p>\n<p>Cette peine est assortie d\u2019une interdiction de d\u00e9tenir ou de porter une arme soumise \u00e0 autorisation pendant 15 ans, et de l\u2019interdiction d\u00e9finitive du territoire fran\u00e7ais. L\u2019avocate g\u00e9n\u00e9rale avait requis une peine \u00ab\u00a0d\u2019au moins\u00a0\u00bb 20 ans.<\/p>\n<p>Un meurtre \u00ab\u00a0sans corps ni aveux\u00a0\u00bb<\/p>\n<p>Les cinq jours de proc\u00e8s devant la cour d\u2019assises de Loire-Atlantique n\u2019ont pas permis d\u2019\u00e9clairer pr\u00e9cis\u00e9ment la nature de la relation entre l\u2019accus\u00e9e, \u00e2g\u00e9e de 64 ans, et le jeune homme, qui s\u2019\u00e9taient rencontr\u00e9s en\u00a02015.<\/p>\n<p>\u00ab\u00a0C\u2019est un proc\u00e8s extr\u00eamement difficile car on vous demande de juger un meurtre sans corps et sans aveux\u00a0\u00bb, a reconnu l\u2019avocate g\u00e9n\u00e9rale Claire Loumadine dans son r\u00e9quisitoire, pointant malgr\u00e9 tout la responsabilit\u00e9 \u00ab\u00a0d\u2019une seule et unique coupable\u00a0\u00bb.<\/p>\n<p>Florent Gr\u00e9goire, ing\u00e9nieur en informatique, n\u2019a plus donn\u00e9 signe de vie depuis le 12\u00a0septembre 2016, date \u00e0 laquelle il a \u00e9t\u00e9 vu sortir d\u2019une auberge en Andorre avec un simple sac \u00e0 dos.<\/p>\n<\/p>\n<p>\u00ab\u00a0Au bout de ces ann\u00e9es d\u2019enqu\u00eate et cinq jours de proc\u00e8s, aucun \u00e9l\u00e9ment ne peut accr\u00e9diter la th\u00e8se du suicide. Encore moins celle d\u2019une disparition volontaire\u00a0\u00bb, a affirm\u00e9 l\u2019avocate g\u00e9n\u00e9rale, regrettant que l\u2019accus\u00e9e ne cesse de \u00ab\u00a0s\u2019enferrer dans les mensonges, le d\u00e9ni et les manipulations\u00a0\u00bb.<\/p>\n<p>Une coupable \u00ab\u00a0mythomane\u00a0\u00bb<\/p>\n<p>De nationalit\u00e9 australienne, n\u00e9e en Indon\u00e9sie en\u00a01960, cette derni\u00e8re a \u00e9t\u00e9 arr\u00eat\u00e9e en\u00a02019 \u00e0 l\u2019a\u00e9roport Paris-Charles-de-Gaulle et est d\u00e9tenue depuis lors.<\/p>\n<p>Initialement mise en examen pour enl\u00e8vement et s\u00e9questration, elle \u00e9tait jug\u00e9e pour meurtre et a toujours ni\u00e9 les faits qui lui sont reproch\u00e9s. Elle avait rencontr\u00e9 Florent Gr\u00e9goire en novembre\u00a02015 dans une auberge de jeunesse bordelaise. L\u2019enqu\u00eate \u00e9voque \u00ab\u00a0un voyage en commun en Espagne\u00a0\u00bb quelques semaines plus tard.<\/p>\n<p>Apr\u00e8s la disparition du jeune homme, l\u2019accus\u00e9e, qui logeait dans la m\u00eame auberge en Andorre, ne s\u2019en est inqui\u00e9t\u00e9e qu\u2019une semaine plus tard, a soulign\u00e9 l\u2019avocate g\u00e9n\u00e9rale. Elle va alors \u00ab\u00a0fomenter une mise en sc\u00e8ne de la petite amie \u00e9plor\u00e9e\u00a0\u00bb, a d\u00e9nonc\u00e9 Claire Loumadine, faisant r\u00e9f\u00e9rence \u00e0 \u00ab\u00a0ces meurtriers qui participent aux battues citoyennes, \u00e0 l\u2019image de Jonathann Daval\u00a0\u00bb.<\/p>\n<p><a href=\"https:\/\/www.20minutes.fr\/justice\/\" class=\"c-link c-btn c-btn--primary\" target=\"_blank\" rel=\"noopener\">Nos articles sur l&rsquo;actualit\u00e9 judiciaire<\/a><\/p>\n<p>Pour la d\u00e9fense, Me Simon Despierre a plaid\u00e9 l\u2019acquittement, mettant en avant un dossier \u00ab\u00a0rempli d\u2019hypoth\u00e8ses et d\u2019incertitudes\u00a0\u00bb, tout en reconnaissant la \u00ab\u00a0mythomanie\u00a0\u00bb de sa cliente et \u00ab\u00a0des explications tr\u00e8s certainement insupportables \u00e0 \u00e9couter pour des proches en attente de r\u00e9ponses\u00a0\u00bb. \u00ab\u00a0Elle n\u2019est pas cr\u00e9dible, on le sait. Mais on lui pr\u00eate une intelligence du crime qu\u2019elle n\u2019a pas\u00a0\u00bb, a-t-il dit.<\/p>\n","protected":false},"excerpt":{"rendered":"Le tribunal de Nantes a condamn\u00e9 une Australienne de 65 ans \u00e0 20 ans de prison pour le&hellip;\n","protected":false},"author":2,"featured_media":419694,"comment_status":"","ping_status":"","sticky":false,"template":"","format":"standard","meta":{"footnotes":""},"categories":[2818],"tags":[1111,47,11,1777,674,1011,27,303,3047,777,766,12,2636,2694,25],"class_list":{"0":"post-419693","1":"post","2":"type-post","3":"status-publish","4":"format-standard","5":"has-post-thumbnail","7":"category-nantes","8":"tag-actu","9":"tag-actualite","10":"tag-actualites","11":"tag-eu","12":"tag-europe","13":"tag-fr","14":"tag-france","15":"tag-justice","16":"tag-loire-atlantique","17":"tag-meurtre","18":"tag-nantes","19":"tag-news","20":"tag-pays-de-la-loire","21":"tag-proces","22":"tag-republique-francaise"},"share_on_mastodon":{"url":"https:\/\/pubeurope.com\/@fr\/115272375987387133","error":""},"_links":{"self":[{"href":"https:\/\/www.europesays.com\/fr\/wp-json\/wp\/v2\/posts\/419693","targetHints":{"allow":["GET"]}}],"collection":[{"href":"https:\/\/www.europesays.com\/fr\/wp-json\/wp\/v2\/posts"}],"about":[{"href":"https:\/\/www.europesays.com\/fr\/wp-json\/wp\/v2\/types\/post"}],"author":[{"embeddable":true,"href":"https:\/\/www.europesays.com\/fr\/wp-json\/wp\/v2\/users\/2"}],"replies":[{"embeddable":true,"href":"https:\/\/www.europesays.com\/fr\/wp-json\/wp\/v2\/comments?post=419693"}],"version-history":[{"count":0,"href":"https:\/\/www.europesays.com\/fr\/wp-json\/wp\/v2\/posts\/419693\/revisions"}],"wp:featuredmedia":[{"embeddable":true,"href":"https:\/\/www.europesays.com\/fr\/wp-json\/wp\/v2\/media\/419694"}],"wp:attachment":[{"href":"https:\/\/www.europesays.com\/fr\/wp-json\/wp\/v2\/media?parent=419693"}],"wp:term":[{"taxonomy":"category","embeddable":true,"href":"https:\/\/www.europesays.com\/fr\/wp-json\/wp\/v2\/categories?post=419693"},{"taxonomy":"post_tag","embeddable":true,"href":"https:\/\/www.europesays.com\/fr\/wp-json\/wp\/v2\/tags?post=419693"}],"curies":[{"name":"wp","href":"https:\/\/api.w.org\/{rel}","templated":true}]}}