{"id":419695,"date":"2025-09-26T20:00:12","date_gmt":"2025-09-26T20:00:12","guid":{"rendered":"https:\/\/www.europesays.com\/fr\/419695\/"},"modified":"2025-09-26T20:00:12","modified_gmt":"2025-09-26T20:00:12","slug":"la-nouvelle-directrice-du-museum-et-du-jardin-botanique-lucile-guittienne-veut-en-faire-des-lieux-de-plaisir-et-de-decouverte","status":"publish","type":"post","link":"https:\/\/www.europesays.com\/fr\/419695\/","title":{"rendered":"la nouvelle directrice du Mus\u00e9um et du jardin botanique, Lucile Guittienne, veut en faire des lieux de \u00ab\u00a0plaisir\u00a0\u00bb et de \u00ab\u00a0d\u00e9couverte\u00a0\u00bb"},"content":{"rendered":"<p>Lucile Guittienne, la nouvelle directrice du Mus\u00e9um d\u2019histoire naturelle et du jardin botanique de Bordeaux, a pris ses fonctions le 1er\u00a0septembre. Elle vient de Nancy, o\u00f9, en g\u00e9rant deux mus\u00e9es, elle a ouvert la science \u00e0 un large public, gr\u00e2ce \u00e0 des expositions d\u00e9cal\u00e9es, originales. Son souhait\u00a0: que ces deux mus\u00e9es bordelais soient per\u00e7us comme des espaces de d\u00e9couverte et de plaisir.<\/p>\n<p class=\"interview-question\">Vous avez deux \u00e9tablissements \u00e0 g\u00e9rer. Quel est votre premier chantier\u00a0?<\/p>\n<p class=\"interview-answer\">Le premier chantier, c\u2019est toujours le m\u00eame quand on arrive dans un nouveau poste\u00a0: la d\u00e9couverte. Le but, c\u2019est de rencontrer tout le monde, pour voir comment on travaille ensemble et comment on devient une seule et m\u00eame \u00e9quipe. On est deux sites de culture scientifique, dans une compl\u00e9mentarit\u00e9. Ce qui est int\u00e9ressant avec ces deux entit\u00e9s, c\u2019est de toucher la biologie dans son ensemble.<\/p>\n<p class=\"interview-question\">Qu\u2019est-ce que vous voudriez apporter \u00e0 ces deux mus\u00e9es\u00a0?<\/p>\n<p class=\"interview-answer\">L\u2019id\u00e9e est de cr\u00e9er l\u2019\u00e9motion avec les personnes qui y viennent et, pour ce faire, amener un c\u00f4t\u00e9 d\u00e9cal\u00e9. Pour que le public s\u2019y retrouve, se sente \u00e0 l\u2019aise dans ce qu\u2019on propose. Cela n\u2019emp\u00eache pas d\u2019\u00eatre toujours tr\u00e8s respectueux des sujets. Mais \u00e0 certains moments, on peut faire un petit pas de c\u00f4t\u00e9. Je suis pour une mus\u00e9ologie dite \u00ab immersive\u00a0\u00bb. C\u2019est fini l\u2019\u00e9poque o\u00f9 les mus\u00e9es \u00e9taient des lieux d\u2019apprentissage\u00a0: nous sommes des lieux de plaisir.<\/p>\n<p class=\"interview-question\">Vous proposez donc une vulgarisation des sciences\u00a0?<\/p>\n<p class=\"interview-answer\">Non. C\u2019est de la m\u00e9diation scientifique. C\u2019est rendre un propos complexe accessible \u00e0 un public sp\u00e9cifique pour chaque exposition. Et puis aller sur des th\u00e9matiques d\u2019exposition qui s\u2019int\u00e9ressent \u00e0 la sociologie, \u00e0 la philosophie, parce que nous sommes des humains, et que nous avons une place dans ce qu\u2019on appelle la zoologie.<\/p>\n<p class=\"interview-question\">Allez-vous collaborer avec d\u2019autres institutions\u00a0?<\/p>\n<p class=\"interview-answer\">C\u2019est une r\u00e9gion qui est grande, riche, il y a beaucoup de choses \u00e0 voir, d\u2019acteurs tr\u00e8s divers avec qui nous allons travailler\u00a0: des lieux scientifiques, de culture, des artistes\u2026 Notre place, en tant que lieu culturel qui d\u00e9pend d\u2019une collectivit\u00e9, c\u2019est de s\u2019int\u00e9resser aux artistes \u00e9mergents. On peut proposer de cr\u00e9er des \u0153uvres in situ.<\/p>\n<p class=\"interview-question\">Vous avez une pi\u00e8ce pr\u00e9f\u00e9r\u00e9e au Mus\u00e9um\u00a0?<\/p>\n<p class=\"interview-answer\">Sur les 4\u00a0000 animaux pr\u00e9sent\u00e9s\u00a0? Non. Mais les collections ost\u00e9ologiques sont tr\u00e8s belles. Je les aime parce qu\u2019elles sont accessibles. Le public, quand il regarde un animal naturalis\u00e9, va se demander \u00ab Comment est-il mort\u00a0?\u00a0\u00bb, \u00ab\u00a0Est-ce qu\u2019il a \u00e9t\u00e9 vivant\u00a0?\u00a0\u00bb En revanche, quand on voit le squelette, c\u2019est graphique, et compr\u00e9hensible imm\u00e9diatement.<\/p>\n<p class=\"interview-question\">Quels projets d\u2019exposition avez-vous\u00a0?<\/p>\n<p class=\"interview-answer\">D\u00e8s l\u2019ann\u00e9e prochaine, en octobre 2026, nous aurons une exposition sur les f\u00e9lins au Mus\u00e9um, retravaill\u00e9e \u00e0 partir de ce qui avait \u00e9t\u00e9 pr\u00e9sent\u00e9 au <a href=\"https:\/\/www.jardindesplantesdeparis.fr\/fr\/felins\" target=\"_blank\" rel=\"nofollow noopener\">Mus\u00e9um national d\u2019histoire naturelle<\/a>. En parall\u00e8le, un autre projet est n\u00e9\u00a0: permettre au public de participer et m\u00eame de cr\u00e9er des expositions. Car l\u2019autre facette de mon travail, c\u2019est se demander comment on est utile aux visiteurs.<\/p>\n<p><a href=\"https:\/\/www.museum-bordeaux.fr\/\" target=\"_blank\" rel=\"nofollow noopener\">Museum d\u2019histoire naturelle<\/a>, 5 place Bardineau \u00e0 Bordeaux. 05\u00a024\u00a057\u00a065\u00a030. <a href=\"https:\/\/jardin-botanique-bordeaux.fr\/\" target=\"_blank\" rel=\"nofollow noopener\">Jardin botanique,<\/a> esplanade Linn\u00e9, \u00e0 Bordeaux. 05\u00a056\u00a052\u00a018\u00a077.<\/p>\n","protected":false},"excerpt":{"rendered":"Lucile Guittienne, la nouvelle directrice du Mus\u00e9um d\u2019histoire naturelle et du jardin botanique de Bordeaux, a pris ses&hellip;\n","protected":false},"author":2,"featured_media":419696,"comment_status":"","ping_status":"","sticky":false,"template":"","format":"standard","meta":{"footnotes":""},"categories":[2817],"tags":[1111,11,1997,1777,674,1011,27,12,2219,25],"class_list":{"0":"post-419695","1":"post","2":"type-post","3":"status-publish","4":"format-standard","5":"has-post-thumbnail","7":"category-bordeaux","8":"tag-actu","9":"tag-actualites","10":"tag-bordeaux","11":"tag-eu","12":"tag-europe","13":"tag-fr","14":"tag-france","15":"tag-news","16":"tag-nouvelle-aquitaine","17":"tag-republique-francaise"},"share_on_mastodon":{"url":"https:\/\/pubeurope.com\/@fr\/115272379649536191","error":""},"_links":{"self":[{"href":"https:\/\/www.europesays.com\/fr\/wp-json\/wp\/v2\/posts\/419695","targetHints":{"allow":["GET"]}}],"collection":[{"href":"https:\/\/www.europesays.com\/fr\/wp-json\/wp\/v2\/posts"}],"about":[{"href":"https:\/\/www.europesays.com\/fr\/wp-json\/wp\/v2\/types\/post"}],"author":[{"embeddable":true,"href":"https:\/\/www.europesays.com\/fr\/wp-json\/wp\/v2\/users\/2"}],"replies":[{"embeddable":true,"href":"https:\/\/www.europesays.com\/fr\/wp-json\/wp\/v2\/comments?post=419695"}],"version-history":[{"count":0,"href":"https:\/\/www.europesays.com\/fr\/wp-json\/wp\/v2\/posts\/419695\/revisions"}],"wp:featuredmedia":[{"embeddable":true,"href":"https:\/\/www.europesays.com\/fr\/wp-json\/wp\/v2\/media\/419696"}],"wp:attachment":[{"href":"https:\/\/www.europesays.com\/fr\/wp-json\/wp\/v2\/media?parent=419695"}],"wp:term":[{"taxonomy":"category","embeddable":true,"href":"https:\/\/www.europesays.com\/fr\/wp-json\/wp\/v2\/categories?post=419695"},{"taxonomy":"post_tag","embeddable":true,"href":"https:\/\/www.europesays.com\/fr\/wp-json\/wp\/v2\/tags?post=419695"}],"curies":[{"name":"wp","href":"https:\/\/api.w.org\/{rel}","templated":true}]}}