{"id":419697,"date":"2025-09-26T20:01:16","date_gmt":"2025-09-26T20:01:16","guid":{"rendered":"https:\/\/www.europesays.com\/fr\/419697\/"},"modified":"2025-09-26T20:01:16","modified_gmt":"2025-09-26T20:01:16","slug":"les-baux-commerciaux-explosent-le-maire-de-bordeaux-monte-au-creneau","status":"publish","type":"post","link":"https:\/\/www.europesays.com\/fr\/419697\/","title":{"rendered":"les baux commerciaux explosent, le maire de Bordeaux monte au cr\u00e9neau"},"content":{"rendered":"<p class=\"article__intro\">Des loyers multipli\u00e9s par 2, par 3. En ren\u00e9gociant leur bail commercial, certains commer\u00e7ants risquent la cl\u00e9 sous la porte. Dans une lettre au Premier ministre, les maires \u00e9cologistes de Bordeaux et Lyon appellent \u00e0 exp\u00e9rimenter une r\u00e9gulation.<\/p>\n<p>\n      L\u2019actu des r\u00e9gions\n    <\/p>\n<p>\n      Chaque jour, un tour d\u2019horizon des principales infos de toutes les r\u00e9gions.\n    <\/p>\n<p>    France T\u00e9l\u00e9visions utilise votre adresse e-mail afin de vous envoyer la newsletter \u00ab\u00a0L\u2019actu des r\u00e9gions\u00a0\u00bb. Vous pouvez vous d\u00e9sinscrire \u00e0 tout moment via le lien en bas de cette newsletter. <a target=\"_blank\" href=\"https:\/\/www.francetelevisions.fr\/groupe\/confidentialite\/politique-de-confidentialite\/politique-de-confidentialite-de-france-televisions-6503\" rel=\"nofollow noopener\">Notre politique de confidentialit\u00e9<\/a><\/p>\n<p>\u00ab\u00a0On a un loyer de 2000 euros mensuel. Le propri\u00e9taire a propos\u00e9 4 400 euros.\u00a0\u00bb Ludovic Roger dirige un \u00e9tablissement d&rsquo;une cha\u00eene de restauration rapide, \u00e0 deux pas de la cath\u00e9drale Saint-Andr\u00e9 de Bordeaux, au c\u0153ur de la ville. R\u00e9cemment, le propri\u00e9taire foncier a souhait\u00e9 ren\u00e9gocier le loyer du bail commercial : 120% d&rsquo;augmentation. Une bien mauvaise surprise.<\/p>\n<p>\u00ab\u00a0Je ne connais pas de business qui supporte une augmentation de loyer de 50 ou 100%, affirme celui qui est \u00e9galement copr\u00e9sident de l&rsquo;<a href=\"https:\/\/www.bordeauxmoncommerce.fr\/\" target=\"_blank\" rel=\"noopener noreferrer nofollow\" data-tooltip-url=\"https:\/\/www.bordeauxmoncommerce.fr\/\">association de commer\u00e7ants Bordeaux Mon Commerce<\/a>. \u00c7a appelle la mort du commerce.\u00a0\u00bb<\/p>\n<blockquote class=\"ftvi_content_quote\">\n<p class=\"ftvi_citation_quote\">Dans les rues les plus commer\u00e7antes de nos centres, les loyers sont souvent totalement d\u00e9connect\u00e9s de la r\u00e9alit\u00e9 \u00e9conomique.<\/p>\n<p class=\"ftvi_citation_source\">Pierre Hurmic et Gr\u00e9gory Doucet, maires EELV respectivement de Bordeaux et Lyon<\/p>\n<\/blockquote>\n<p>Ce mercredi 24 septembre 2025, les maires \u00e9cologistes de Bordeaux et Lyon, Pierre Hurmic et Gregory Doucet, ont envoy\u00e9 une lettre commune au premier ministre S\u00e9bastien Lecornu, pour demander l&rsquo;autorisation d&rsquo;une exp\u00e9rimentation : l&rsquo;encadrement des loyers pour les commerces.<\/p>\n<p>Dans une d\u00e9marche in\u00e9dite, les deux maires Europe Ecologie Les Verts (EELV) cosignent la demande d&rsquo;exp\u00e9rimentation d&rsquo;encadrement des loyers commerciaux. \u00ab\u00a0Cette initiative pourrait s&rsquo;inscrire dans le prolongement de l&rsquo;exp\u00e9rimentation de l&rsquo;encadrement des loyers d&rsquo;habitation en cours dans nos deux villes et dont les r\u00e9sultats sont aujourd&rsquo;hui jug\u00e9s tr\u00e8s encourageants\u00a0\u00bb, justifient les deux \u00e9lus \u00e9cologistes dans leur lettre envoy\u00e9e \u00e0 Matignon.<\/p>\n<p>En droit fran\u00e7ais, le propri\u00e9taire est libre de d\u00e9cider comme bon lui semble du prix du loyer d&rsquo;un bail commercial, sans limite l\u00e9gale. Le droit dispose seulement de sa dur\u00e9e : entre 9 et 12 ans. Pour les habitations, l&rsquo;encadrement est r\u00e9cent. Il date de 2014, avec la loi ALUR.<\/p>\n<p><a data-article-figure=\"\" href=\"https:\/\/france3-regions.franceinfo.fr\/image\/qHAPUwS9pcbBESHAwiG7GJNEgYA\/1920x1080\/regions\/2025\/09\/26\/33-encadrement-loyers-commerciaux-bdx-quel-impact-00-00-35-08-68d6c0275badc264564731.jpg\" data-pswp-width=\"1920\" data-pswp-height=\"1080\" target=\"_blank\" rel=\"nofollow noopener\"><\/p>\n<p>          <img width=\"600\" height=\"400\" class=\"article-image lazy\" data-src=\"https:\/\/www.europesays.com\/fr\/wp-content\/uploads\/2025\/09\/33-encadrement-loyers-commerciaux-bdx-quel-impact-00-00-35-08-68d6c0275badc264564731.jpg\" alt=\"A Bordeaux, 70 % des commerces sont ind\u00e9pendants, g\u00e9n\u00e9ralement davantage fragilis\u00e9s par une augmentation brutale de charges.\" fetchpriority=\"high\" as=\"image\"\/><\/p>\n<p>\n            A Bordeaux, 70 % des commerces sont ind\u00e9pendants, g\u00e9n\u00e9ralement davantage fragilis\u00e9s par une augmentation brutale de charges.<br \/>\n                           \u2022<br \/>\n                                      \u00a9 Nicolas Pressigout- Ici Aquitaine\n                      <\/p>\n<p><\/a><\/p>\n<p>Pour r\u00e9soudre son diff\u00e9rend avec son propri\u00e9taire, le dirigeant bordelais de restaurant Ludovic Roger a donc d\u00fb avoir recours \u00e0 une conciliation judiciaire. Gr\u00e2ce \u00e0 cela, son loyer a augment\u00e9 de 1200 euros \u00ab\u00a0seulement\u00a0\u00bb. Il est d\u00e9sormais fix\u00e9 \u00e0 3200 euros par mois. \u00ab\u00a0L&rsquo;id\u00e9e g\u00e9n\u00e9rale c&rsquo;est de doubler le loyer, d\u00e9nonce-t-il. La demande initiale est tr\u00e8s \u00e9lev\u00e9e, pour ensuite obtenir une hausse importante.\u00a0\u00bb<\/p>\n<blockquote class=\"ftvi_content_quote\">\n<p class=\"ftvi_citation_quote\">Le prix du loyer est prohibitif.<\/p>\n<p class=\"ftvi_citation_source\">G\u00e9rant de restaurant anonyme<\/p>\n<\/blockquote>\n<p>Un proc\u00e9d\u00e9 courant, selon les commer\u00e7ants interrog\u00e9s. \u00ab\u00a0On a vraiment besoin d&rsquo;une r\u00e9glementation, mart\u00e8le le copr\u00e9sident de l&rsquo;association de commer\u00e7ants Bordeaux Mon Commerce. Je suis tr\u00e8s content que Pierre Hurmic se saisisse de la question.\u00a0\u00bb<\/p>\n<p>\u00ab\u00a0Nos commer\u00e7ants se plaignent d&rsquo;une augmentation consid\u00e9rable des baux au moment de leur renouvellement, explique le maire de Bordeaux Pierre Hurmic. Nous, maires, nous avons quelques outils en notre possession, mais nous sommes dans une impasse. L&rsquo;Etat peut nous autoriser \u00e0 utiliser un outil innovant.\u00a0\u00bb<\/p>\n<p>Contact\u00e9s, de nombreux \u00e9tablissements confirment des conflits avec leurs propri\u00e9taires, relatifs \u00e0 une augmentation r\u00e9cente du loyer. De crainte de se mettre en porte \u00e0 faux, ils ne souhaitent pas \u00eatre cit\u00e9s. Seul ce g\u00e9rant a accept\u00e9 que l&rsquo;on publie ses propos anonymement.<\/p>\n<p>\u00ab\u00a0J&rsquo;arrive \u00e0 \u00e9ch\u00e9ance en 2027. C&rsquo;est la source la plus importante de stress, d\u00e9plore-t-il. C&rsquo;est la plus grosse charge que j&rsquo;ai.\u00a0\u00bb Pour son restaurant et sa centaine de couverts journaliers, il d\u00e9pense plus de 50 000 euros chaque ann\u00e9e. R\u00e9cemment, 8 000 euros ont \u00e9t\u00e9 ajout\u00e9 \u00e0 la facture \u00e0 cause d&rsquo;un rattrapage. \u00ab\u00a0On est tr\u00e8s anxieux pour la suite, souffle-t-il. Les loyers sont trop cher, et les augmentations trop fr\u00e9quentes. C&rsquo;est mon outil, et c&rsquo;est rageant de voir que ces milliers d&rsquo;euros, c&rsquo;est le fruit de mon travail.\u00a0\u00bb<\/p>\n<p>Cette demande de r\u00e9gulation des baux commerciaux a d\u00e9j\u00e0 \u00e9t\u00e9 effectu\u00e9e par d&rsquo;autres collectivit\u00e9s dans le pass\u00e9. Jamais un gouvernement n&rsquo;a permis cette exp\u00e9rimentation. \u00ab\u00a0S\u00e9bastien Lecornu (Premier ministre NDLR) a trouv\u00e9 le temps de nous envoyer une lettre, demandant de r\u00e9tablir la confiance avec les maires\u00a0\u00bb, relate Pierre Hurmic. On dit banco, mais aidez-nous \u00e0 \u00eatre innovants.\u00a0\u00bb<\/p>\n<blockquote class=\"ftvi_content_quote\">\n<p class=\"ftvi_citation_quote\">Certains commer\u00e7ants me disent qu&rsquo;on leur r\u00e9clame un loyer trois fois plus important qu&rsquo;auparavant. Ce secteur l\u00e0 a besoin de r\u00e9gulation. <\/p>\n<p class=\"ftvi_citation_source\">Pierre Hurmic, maire EELV de Bordeaux<\/p>\n<\/blockquote>\n<p>Le nombre de commerce vacant ne cesse d&rsquo;augmenter \u00e0 l&rsquo;\u00e9chelle nationale. Selon les chiffres de la ministre d\u00e9missionnaire du Commerce, 14 % des baux commerciaux sont vacants dans les rues marchandes en France, contre 6 % en 2010.<\/p>\n","protected":false},"excerpt":{"rendered":"Des loyers multipli\u00e9s par 2, par 3. En ren\u00e9gociant leur bail commercial, certains commer\u00e7ants risquent la cl\u00e9 sous&hellip;\n","protected":false},"author":2,"featured_media":419698,"comment_status":"","ping_status":"","sticky":false,"template":"","format":"standard","meta":{"footnotes":""},"categories":[2817],"tags":[1111,11,1997,1777,674,1011,27,12,2219,25],"class_list":{"0":"post-419697","1":"post","2":"type-post","3":"status-publish","4":"format-standard","5":"has-post-thumbnail","7":"category-bordeaux","8":"tag-actu","9":"tag-actualites","10":"tag-bordeaux","11":"tag-eu","12":"tag-europe","13":"tag-fr","14":"tag-france","15":"tag-news","16":"tag-nouvelle-aquitaine","17":"tag-republique-francaise"},"share_on_mastodon":{"url":"https:\/\/pubeurope.com\/@fr\/115272383560866441","error":""},"_links":{"self":[{"href":"https:\/\/www.europesays.com\/fr\/wp-json\/wp\/v2\/posts\/419697","targetHints":{"allow":["GET"]}}],"collection":[{"href":"https:\/\/www.europesays.com\/fr\/wp-json\/wp\/v2\/posts"}],"about":[{"href":"https:\/\/www.europesays.com\/fr\/wp-json\/wp\/v2\/types\/post"}],"author":[{"embeddable":true,"href":"https:\/\/www.europesays.com\/fr\/wp-json\/wp\/v2\/users\/2"}],"replies":[{"embeddable":true,"href":"https:\/\/www.europesays.com\/fr\/wp-json\/wp\/v2\/comments?post=419697"}],"version-history":[{"count":0,"href":"https:\/\/www.europesays.com\/fr\/wp-json\/wp\/v2\/posts\/419697\/revisions"}],"wp:featuredmedia":[{"embeddable":true,"href":"https:\/\/www.europesays.com\/fr\/wp-json\/wp\/v2\/media\/419698"}],"wp:attachment":[{"href":"https:\/\/www.europesays.com\/fr\/wp-json\/wp\/v2\/media?parent=419697"}],"wp:term":[{"taxonomy":"category","embeddable":true,"href":"https:\/\/www.europesays.com\/fr\/wp-json\/wp\/v2\/categories?post=419697"},{"taxonomy":"post_tag","embeddable":true,"href":"https:\/\/www.europesays.com\/fr\/wp-json\/wp\/v2\/tags?post=419697"}],"curies":[{"name":"wp","href":"https:\/\/api.w.org\/{rel}","templated":true}]}}