{"id":419705,"date":"2025-09-26T20:05:42","date_gmt":"2025-09-26T20:05:42","guid":{"rendered":"https:\/\/www.europesays.com\/fr\/419705\/"},"modified":"2025-09-26T20:05:42","modified_gmt":"2025-09-26T20:05:42","slug":"n1f-plombee-par-un-debut-de-saison-complique-lentente-bro-leon-veut-lancer-sa-saison-contre-lille","status":"publish","type":"post","link":"https:\/\/www.europesays.com\/fr\/419705\/","title":{"rendered":"N1F\u00a0: plomb\u00e9e par un d\u00e9but de saison compliqu\u00e9, l\u2019Entente Bro L\u00e9on veut lancer sa saison contre Lille"},"content":{"rendered":"<p>N1F (3e journ\u00e9e). Entente Bro L\u00e9on &#8211; Lomme-Lille M\u00e9tropole, ce samedi (19 h)<\/p>\n<p>Malgr\u00e9 un d\u00e9part chaotique avec deux d\u00e9faites conc\u00e9d\u00e9es (CPB Rennes, <a href=\"https:\/\/www.letelegramme.fr\/sports\/handball\/n1f-dur-apprentissage-pour-lentente-bro-leon-6888820.php\" target=\"_blank\" rel=\"noopener\">Villenomble<\/a>), l\u2019Entente Bro L\u00e9on ne compte pas perdre le fil de sa saison au moment d\u2019accueillir une autre formation en difficult\u00e9, celle de Lomme\/Lille M\u00e9tropole. \u00ab Notre d\u00e9but de saison est compliqu\u00e9 en termes de r\u00e9sultats \u00bb, ne cache pas Harri Meena. \u00ab On d\u00e9marre par deux grosses \u00e9quipes habitu\u00e9es \u00e0 \u00e9voluer en N1, avec des joueuses ayant c\u00f4toy\u00e9 la D2, et qui joueront les premiers r\u00f4les. \u00c7a fait longtemps que nous n\u2019avions pas d\u00e9marr\u00e9 un championnat de cette mani\u00e8re, et nous nous rendons compte du cap \u00e0 passer entre la N2 et la N1, qui est un niveau semi-professionnel. \u00bb<\/p>\n<p>\u00ab \u00catre plus efficient devant le but \u00bb<\/p>\n<p>Touch\u00e9es par les blessures, et ne pouvant compter que sur deux joueuses ayant d\u00e9j\u00e0 \u00e9volu\u00e9 en N1, les L\u00e9onardes gardent le cap. \u00ab Notre effectif est jeune, et on esp\u00e8re \u00eatre rapidement au complet. Mais ces deux d\u00e9faites nous ont permis de tirer des enseignements : il faut \u00eatre plus pr\u00e9cis et perdre le moins de ballons possibles en attaque, et \u00eatre plus efficient face au but \u00bb, indique Harri Meena, qui attend par ailleurs davantage de constance de ses troupes en d\u00e9fense. \u00ab La rigueur et l\u2019investissement seront la cl\u00e9 de notre progression \u00bb, conclut le coach de l\u2019EBL, focus sur la venue de Lomme\/Lille, ce samedi, \u00e0 Landivisiau. O\u00f9 l\u2019EBL esp\u00e8re lancer sa saison.<\/p>\n","protected":false},"excerpt":{"rendered":"N1F (3e journ\u00e9e). Entente Bro L\u00e9on &#8211; Lomme-Lille M\u00e9tropole, ce samedi (19 h) Malgr\u00e9 un d\u00e9part chaotique avec&hellip;\n","protected":false},"author":2,"featured_media":419706,"comment_status":"","ping_status":"","sticky":false,"template":"","format":"standard","meta":{"footnotes":""},"categories":[2815],"tags":[1111,11,1777,674,1011,27,1792,811,6821,1307,12,25,60],"class_list":{"0":"post-419705","1":"post","2":"type-post","3":"status-publish","4":"format-standard","5":"has-post-thumbnail","7":"category-lille","8":"tag-actu","9":"tag-actualites","10":"tag-eu","11":"tag-europe","12":"tag-fr","13":"tag-france","14":"tag-handball","15":"tag-hauts-de-france","16":"tag-landivisiau","17":"tag-lille","18":"tag-news","19":"tag-republique-francaise","20":"tag-sports"},"share_on_mastodon":{"url":"https:\/\/pubeurope.com\/@fr\/115272399122116384","error":""},"_links":{"self":[{"href":"https:\/\/www.europesays.com\/fr\/wp-json\/wp\/v2\/posts\/419705","targetHints":{"allow":["GET"]}}],"collection":[{"href":"https:\/\/www.europesays.com\/fr\/wp-json\/wp\/v2\/posts"}],"about":[{"href":"https:\/\/www.europesays.com\/fr\/wp-json\/wp\/v2\/types\/post"}],"author":[{"embeddable":true,"href":"https:\/\/www.europesays.com\/fr\/wp-json\/wp\/v2\/users\/2"}],"replies":[{"embeddable":true,"href":"https:\/\/www.europesays.com\/fr\/wp-json\/wp\/v2\/comments?post=419705"}],"version-history":[{"count":0,"href":"https:\/\/www.europesays.com\/fr\/wp-json\/wp\/v2\/posts\/419705\/revisions"}],"wp:featuredmedia":[{"embeddable":true,"href":"https:\/\/www.europesays.com\/fr\/wp-json\/wp\/v2\/media\/419706"}],"wp:attachment":[{"href":"https:\/\/www.europesays.com\/fr\/wp-json\/wp\/v2\/media?parent=419705"}],"wp:term":[{"taxonomy":"category","embeddable":true,"href":"https:\/\/www.europesays.com\/fr\/wp-json\/wp\/v2\/categories?post=419705"},{"taxonomy":"post_tag","embeddable":true,"href":"https:\/\/www.europesays.com\/fr\/wp-json\/wp\/v2\/tags?post=419705"}],"curies":[{"name":"wp","href":"https:\/\/api.w.org\/{rel}","templated":true}]}}