{"id":419709,"date":"2025-09-26T20:08:18","date_gmt":"2025-09-26T20:08:18","guid":{"rendered":"https:\/\/www.europesays.com\/fr\/419709\/"},"modified":"2025-09-26T20:08:18","modified_gmt":"2025-09-26T20:08:18","slug":"je-ne-vais-pas-laisser-faire-un-deuxieme-feminicide-politique-assure-martine-vassal","status":"publish","type":"post","link":"https:\/\/www.europesays.com\/fr\/419709\/","title":{"rendered":"\u00ab\u00a0Je ne vais pas laisser faire un deuxi\u00e8me f\u00e9minicide politique\u00a0\u00bb, assure Martine Vassal"},"content":{"rendered":"<p><strong>Comment vous avez v\u00e9cu les <a href=\"https:\/\/www.laprovence.com\/article\/politique\/6617205270711914\/municipales-2026-a-marseille-la-campagne-de-martine-vassal-percutee-par-une-serie-de-perquisitions\" target=\"_blank\" rel=\"noopener\">perquisitions men\u00e9es au D\u00e9partement et \u00e0 la M\u00e9tropole<\/a> ce lundi\u00a0?<\/strong>&#13;\n<\/p>\n<p>En novembre 2024, j\u2019ai port\u00e9 plainte contre l\u2019un de nos fonctionnaires qui nous a menac\u00e9s lorsqu\u2019on lui a signifi\u00e9 l\u2019arr\u00eat de son contrat. Soit on le renouvelait, soit on lui versait 300 000 \u20ac, sinon il ferait des r\u00e9v\u00e9lations. Je ne me laisse pas faire par des ma\u00eetres chanteurs. Apr\u00e8s notre d\u00e9p\u00f4t de plainte, <a href=\"https:\/\/www.laprovence.com\/article\/faits-divers-justice\/2091342222214814\/martine-vassal-enquete-ouverte-pour-detournement-de-fonds-et-corruption-a-la-suite-dun-signalement-a-son-encontre\" target=\"_blank\" rel=\"noopener\">une enqu\u00eate pr\u00e9liminaire a \u00e9t\u00e9 ouverte<\/a>. Ensuite, lorsque ce Monsieur a quitt\u00e9 ses fonctions, il a fait un signalement au parquet qui a \u00e9t\u00e9 joint \u00e0 notre plainte. Nous sommes dans le cadre d\u2019une proc\u00e9dure classique d\u2019une enqu\u00eate pr\u00e9liminaire &#8211; <a href=\"https:\/\/www.laprovence.com\/article\/politique\/17555104517033\/accusee-de-detournements-de-fonds-publics-au-departement-martine-vassal-replique\" target=\"_blank\" rel=\"noopener\">mise effectivement en lumi\u00e8re par l\u2019article du Nouvel Obs<\/a> &#8211; avec des accusations graves. D\u2019un c\u00f4t\u00e9, une personne qui dit subir un chantage; de l\u2019autre, quelqu\u2019un qui se dit lanceur d\u2019alerte. C\u2019est logique qu\u2019ensuite, on recherche les \u00e9l\u00e9ments qui vont pouvoir \u00e9tayer cette enqu\u00eate.<\/p>\n<p><strong>\u00catre perquisitionn\u00e9e chez soi pour savoir avec qui on vit, ce n\u2019est pas de nature \u00e0 vous porter dans une campagne\u2026<\/strong>&#13;\n<\/p>\n<p>Dans la mesure o\u00f9 je sais ce que je fais et avec qui je vis, je n\u2019ai aucun souci. S\u2019il faut le justifier, je suis une personne publique, je le justifie sans aucun probl\u00e8me. On a donn\u00e9 tous les dossiers, l\u2019enqu\u00eate suit son cours. Cette proc\u00e9dure est normale. Maintenant, je demande \u00e0 \u00eatre entendue et \u00e9cout\u00e9e pour faire la lumi\u00e8re sur cette affaire. Je rappelle que c\u2019est moi qui ai fait preuve de d\u00e9termination et de courage en portant plainte. Que c\u2019est moi qui subis un chantage. Et je rappelle que j\u2019ai <a href=\"https:\/\/www.laprovence.com\/article\/actualites\/3187797\/vassal-guerini-a-des-pratiques-moi-jai-une-vision.html\" target=\"_blank\" rel=\"noopener\">mis fin au syst\u00e8me Gu\u00e9rini<\/a>. Je ne vais pas laisser faire un deuxi\u00e8me f\u00e9minicide politique. D\u00e9sormais que l\u2019enqu\u00eate est bien ouverte, je fais confiance \u00e0 la justice. Je ne commenterai plus et je me d\u00e9fendrai.<\/p>\n<p><strong>Est-ce que vous contestez les d\u00e9tournements de fonds publics sur les voyages avec le D\u00e9partement et les r\u00e8gles de conformit\u00e9 sur les membres de votre cabinet ?<\/strong>&#13;\n<\/p>\n<p>Je ne les conteste pas, je ne les accepte pas, je demande \u00e0 \u00eatre entendue. J\u2019ai r\u00e9pondu et je r\u00e9pondrai \u00e0 la justice. Mais je ne commente plus les affaires en cours.<\/p>\n","protected":false},"excerpt":{"rendered":"Comment vous avez v\u00e9cu les perquisitions men\u00e9es au D\u00e9partement et \u00e0 la M\u00e9tropole ce lundi\u00a0?&#13; En novembre 2024,&hellip;\n","protected":false},"author":2,"featured_media":419710,"comment_status":"","ping_status":"","sticky":false,"template":"","format":"standard","meta":{"footnotes":""},"categories":[2814],"tags":[17,5734,1111,11,1102,5949,1777,674,1011,27,757,469,884,3554,12,5261,882,25,54883],"class_list":{"0":"post-419709","1":"post","2":"type-post","3":"status-publish","4":"format-standard","5":"has-post-thumbnail","7":"category-marseille","8":"tag-17","9":"tag-5734","10":"tag-actu","11":"tag-actualites","12":"tag-breakingnews","13":"tag-elections","14":"tag-eu","15":"tag-europe","16":"tag-fr","17":"tag-france","18":"tag-je","19":"tag-laisser","20":"tag-marseille","21":"tag-municipales","22":"tag-news","23":"tag-pas","24":"tag-provence-alpes-cote-dazur","25":"tag-republique-francaise","26":"tag-vais"},"share_on_mastodon":{"url":"https:\/\/pubeurope.com\/@fr\/115272411085325356","error":""},"_links":{"self":[{"href":"https:\/\/www.europesays.com\/fr\/wp-json\/wp\/v2\/posts\/419709","targetHints":{"allow":["GET"]}}],"collection":[{"href":"https:\/\/www.europesays.com\/fr\/wp-json\/wp\/v2\/posts"}],"about":[{"href":"https:\/\/www.europesays.com\/fr\/wp-json\/wp\/v2\/types\/post"}],"author":[{"embeddable":true,"href":"https:\/\/www.europesays.com\/fr\/wp-json\/wp\/v2\/users\/2"}],"replies":[{"embeddable":true,"href":"https:\/\/www.europesays.com\/fr\/wp-json\/wp\/v2\/comments?post=419709"}],"version-history":[{"count":0,"href":"https:\/\/www.europesays.com\/fr\/wp-json\/wp\/v2\/posts\/419709\/revisions"}],"wp:featuredmedia":[{"embeddable":true,"href":"https:\/\/www.europesays.com\/fr\/wp-json\/wp\/v2\/media\/419710"}],"wp:attachment":[{"href":"https:\/\/www.europesays.com\/fr\/wp-json\/wp\/v2\/media?parent=419709"}],"wp:term":[{"taxonomy":"category","embeddable":true,"href":"https:\/\/www.europesays.com\/fr\/wp-json\/wp\/v2\/categories?post=419709"},{"taxonomy":"post_tag","embeddable":true,"href":"https:\/\/www.europesays.com\/fr\/wp-json\/wp\/v2\/tags?post=419709"}],"curies":[{"name":"wp","href":"https:\/\/api.w.org\/{rel}","templated":true}]}}