{"id":419711,"date":"2025-09-26T20:09:11","date_gmt":"2025-09-26T20:09:11","guid":{"rendered":"https:\/\/www.europesays.com\/fr\/419711\/"},"modified":"2025-09-26T20:09:11","modified_gmt":"2025-09-26T20:09:11","slug":"la-gauche-doit-etre-a-la-hauteur-dit-le-pcf","status":"publish","type":"post","link":"https:\/\/www.europesays.com\/fr\/419711\/","title":{"rendered":"\u00ab La gauche doit \u00eatre \u00e0 la hauteur \u00bb, dit le PCF"},"content":{"rendered":"<p>Alors que l\u2019union de la droite et du centre derri\u00e8re la candidature de <a href=\"https:\/\/www.leprogres.fr\/p\/jean-michel-aulas\" target=\"_blank\" rel=\"noopener\">Jean-Michel Aulas<\/a> aux \u00e9lections municipales polarise l\u2019actualit\u00e9 m\u00e9diatique lyonnaise, la campagne m\u00e9tropolitaine peine \u00e0 s\u2019animer.<\/p>\n<p>Une certaine discr\u00e9tion s\u2019impose \u00e0 gauche. Le Parti communiste l\u2019a rompue ce vendredi dans un communiqu\u00e9. Le PCF y appelle au rassemblement.<\/p>\n<p>\u00ab Le progr\u00e8s social pour tous\u00a0\u00bb<\/p>\n<p>Face \u00e0 \u00ab la droite et l\u2019extr\u00eame droite qui ont pour seule m\u00e9thode l\u2019opposition des habitants entre eux afin de faire monter les haines et les racismes [\u2026] Le Parti Communiste Fran\u00e7ais n\u2019a qu\u2019une seule ligne. Le progr\u00e8s social pour tous. La situation politique nationale et internationale nous impose une responsabilit\u00e9 historique. Celle du rassemblement des organisations d\u00e9fendant la justice sociale, le progr\u00e8s et la d\u00e9mocratie. La gauche doit \u00eatre \u00e0 la hauteur. Cette ligne ne peut \u00eatre que l\u2019unique position dans le rassemblement. \u00bb<\/p>\n<p>Les mois qui viennent diront s\u2019il s\u2019agit d\u2019un v\u0153u pieux alors que certains pr\u00eatent \u00e0 <a href=\"https:\/\/www.leprogres.fr\/elections\/2025\/09\/22\/la-france-insoumise-fait-exploser-l-union-de-gauche-a-villeurbanne-et-va-presenter-une-liste\" target=\"_blank\" rel=\"noopener\">La France insoumise des ambitions<\/a> sur certaines circonscriptions m\u00e9tropolitaines. Dont celle de V\u00e9nissieux, dernier fief rhodanien du parti communiste.<\/p>\n","protected":false},"excerpt":{"rendered":"Alors que l\u2019union de la droite et du centre derri\u00e8re la candidature de Jean-Michel Aulas aux \u00e9lections municipales&hellip;\n","protected":false},"author":2,"featured_media":419712,"comment_status":"","ping_status":"","sticky":false,"template":"","format":"standard","meta":{"footnotes":""},"categories":[1889],"tags":[1111,11,2430,2757,36284,1777,674,107,1011,27,2428,2756,12,8387,316,25,2429],"class_list":{"0":"post-419711","1":"post","2":"type-post","3":"status-publish","4":"format-standard","5":"has-post-thumbnail","7":"category-lyon","8":"tag-actu","9":"tag-actualites","10":"tag-auvergne-rhone-alpes","11":"tag-edition-lyon-villeurbanne","12":"tag-elections-metropolitaines","13":"tag-eu","14":"tag-europe","15":"tag-fil-info","16":"tag-fr","17":"tag-france","18":"tag-lyon","19":"tag-lyon-bassin","20":"tag-news","21":"tag-parti-communiste","22":"tag-politique","23":"tag-republique-francaise","24":"tag-rhone"},"share_on_mastodon":{"url":"https:\/\/pubeurope.com\/@fr\/115272414940119243","error":""},"_links":{"self":[{"href":"https:\/\/www.europesays.com\/fr\/wp-json\/wp\/v2\/posts\/419711","targetHints":{"allow":["GET"]}}],"collection":[{"href":"https:\/\/www.europesays.com\/fr\/wp-json\/wp\/v2\/posts"}],"about":[{"href":"https:\/\/www.europesays.com\/fr\/wp-json\/wp\/v2\/types\/post"}],"author":[{"embeddable":true,"href":"https:\/\/www.europesays.com\/fr\/wp-json\/wp\/v2\/users\/2"}],"replies":[{"embeddable":true,"href":"https:\/\/www.europesays.com\/fr\/wp-json\/wp\/v2\/comments?post=419711"}],"version-history":[{"count":0,"href":"https:\/\/www.europesays.com\/fr\/wp-json\/wp\/v2\/posts\/419711\/revisions"}],"wp:featuredmedia":[{"embeddable":true,"href":"https:\/\/www.europesays.com\/fr\/wp-json\/wp\/v2\/media\/419712"}],"wp:attachment":[{"href":"https:\/\/www.europesays.com\/fr\/wp-json\/wp\/v2\/media?parent=419711"}],"wp:term":[{"taxonomy":"category","embeddable":true,"href":"https:\/\/www.europesays.com\/fr\/wp-json\/wp\/v2\/categories?post=419711"},{"taxonomy":"post_tag","embeddable":true,"href":"https:\/\/www.europesays.com\/fr\/wp-json\/wp\/v2\/tags?post=419711"}],"curies":[{"name":"wp","href":"https:\/\/api.w.org\/{rel}","templated":true}]}}